{"id":374,"date":"2011-01-21T18:33:00","date_gmt":"2011-01-21T18:33:00","guid":{"rendered":"https:\/\/www.neufmois.fr\/les-confessions\/?p=374"},"modified":"2011-01-21T18:33:00","modified_gmt":"2011-01-21T18:33:00","slug":"marre-de-cette-vie","status":"publish","type":"post","link":"https:\/\/www.neufmois.fr\/les-confessions\/marre-de-cette-vie","title":{"rendered":"Marre de cette vie"},"content":{"rendered":"<p>Et oui comme le dit si bien mon titre, j&rsquo;en ai marre de ma vie. J&rsquo;ai des jumeaux ag\u00e9s d&rsquo;un an. Mon mari bosse toute la semaine et moi je me retrouve \u00e0 la maison avec les bambins, le m\u00e9nage, les repas, \u00e0 faire le linge qui n&rsquo;en finit pas ! En m\u00eame temps, si c&rsquo;est pas moi qui fais tout \u00e7a, qui va le faire ? Mon mari bosse, il peux pas et c&rsquo;est \u00e0 moi de le faire vu que je suis \u00e0 la maison. Je ne peux pas sortir seule avec les jumeaux (entre les 2 b\u00e9b\u00e9s, sac \u00e0 langer, la poussette double) ! J&rsquo;ai d\u00e9ja essay\u00e9 mais impossible . Donc je suis compl\u00e8tement d\u00e9pendante de mon mari. Et c&rsquo;est ce qui me fait d\u00e9primer aussi. Je pleure toujours car je pensais pas que j&rsquo;aurais cette vie. Bien sur j&rsquo;aime mon mari et mes enfants, mais c&rsquo;est ma vie que je ne supporte plus. Peut-\u00eatre que je suis path\u00e9tique parce que j&rsquo;ai l&rsquo;essentiel ! <\/p>\n","protected":false},"excerpt":{"rendered":"<p>Et oui comme le dit si bien mon titre, j&rsquo;en ai marre de ma vie. J&rsquo;ai des jumeaux ag\u00e9s d&rsquo;un an. Mon mari bosse toute la semaine et moi je me retrouve \u00e0 la maison avec les bambins, le m\u00e9nage, les repas, \u00e0 faire le linge qui n&rsquo;en finit pas ! En m\u00eame temps, si c&rsquo;est pas moi qui fais tout \u00e7a, qui va le faire ? Mon mari bosse, il peux pas et c&rsquo;est \u00e0 moi de le faire vu que je suis \u00e0 la maison. Je ne peux<\/p>\n","protected":false},"author":461446,"featured_media":0,"comment_status":"open","ping_status":"open","sticky":false,"template":"","format":"standard","meta":[],"categories":[1],"tags":[],"yoast_head":"<!-- This site is optimized with the Yoast SEO plugin v20.4 - https:\/\/yoast.com\/wordpress\/plugins\/seo\/ -->\n<title>Marre de cette vie - Les confessions<\/title>\n<meta name=\"robots\" content=\"index, follow, max-snippet:-1, max-image-preview:large, max-video-preview:-1\" \/>\n<link rel=\"canonical\" href=\"https:\/\/www.neufmois.fr\/les-confessions\/marre-de-cette-vie\" \/>\n<meta property=\"og:locale\" content=\"fr_FR\" \/>\n<meta property=\"og:type\" content=\"article\" \/>\n<meta property=\"og:title\" content=\"Marre de cette vie - Les confessions\" \/>\n<meta property=\"og:description\" content=\"Et oui comme le dit si bien mon titre, j&rsquo;en ai marre de ma vie. J&rsquo;ai des jumeaux ag\u00e9s d&rsquo;un an. Mon mari bosse toute la semaine et moi je me retrouve \u00e0 la maison avec les bambins, le m\u00e9nage, les repas, \u00e0 faire le linge qui n&rsquo;en finit pas ! En m\u00eame temps, si c&rsquo;est pas moi qui fais tout \u00e7a, qui va le faire ? Mon mari bosse, il peux pas et c&rsquo;est \u00e0 moi de le faire vu que je suis \u00e0 la maison. Je ne peux\" \/>\n<meta property=\"og:url\" content=\"https:\/\/www.neufmois.fr\/les-confessions\/marre-de-cette-vie\" \/>\n<meta property=\"og:site_name\" content=\"Les confessions\" \/>\n<meta property=\"article:published_time\" content=\"2011-01-21T18:33:00+00:00\" \/>\n<meta name=\"author\" content=\"maman anonyme\" \/>\n<meta name=\"twitter:card\" content=\"summary_large_image\" \/>\n<meta name=\"twitter:label1\" content=\"\u00c9crit par\" \/>\n\t<meta name=\"twitter:data1\" content=\"maman anonyme\" \/>\n\t<meta name=\"twitter:label2\" content=\"Dur\u00e9e de lecture estim\u00e9e\" \/>\n\t<meta name=\"twitter:data2\" content=\"1 minute\" \/>\n<script type=\"application\/ld+json\" class=\"yoast-schema-graph\">{\"@context\":\"https:\/\/schema.org\",\"@graph\":[{\"@type\":\"WebPage\",\"@id\":\"https:\/\/www.neufmois.fr\/les-confessions\/marre-de-cette-vie\",\"url\":\"https:\/\/www.neufmois.fr\/les-confessions\/marre-de-cette-vie\",\"name\":\"Marre de cette vie - Les confessions\",\"isPartOf\":{\"@id\":\"https:\/\/www.neufmois.fr\/les-confessions\/#website\"},\"datePublished\":\"2011-01-21T18:33:00+00:00\",\"dateModified\":\"2011-01-21T18:33:00+00:00\",\"author\":{\"@id\":\"https:\/\/www.neufmois.fr\/les-confessions\/#\/schema\/person\/893fe127c653ae6741f53a67962f8b5d\"},\"breadcrumb\":{\"@id\":\"https:\/\/www.neufmois.fr\/les-confessions\/marre-de-cette-vie#breadcrumb\"},\"inLanguage\":\"fr-FR\",\"potentialAction\":[{\"@type\":\"ReadAction\",\"target\":[\"https:\/\/www.neufmois.fr\/les-confessions\/marre-de-cette-vie\"]}]},{\"@type\":\"BreadcrumbList\",\"@id\":\"https:\/\/www.neufmois.fr\/les-confessions\/marre-de-cette-vie#breadcrumb\",\"itemListElement\":[{\"@type\":\"ListItem\",\"position\":1,\"name\":\"Accueil\",\"item\":\"https:\/\/www.neufmois.fr\/les-confessions\/\"},{\"@type\":\"ListItem\",\"position\":2,\"name\":\"Marre de cette vie\"}]},{\"@type\":\"WebSite\",\"@id\":\"https:\/\/www.neufmois.fr\/les-confessions\/#website\",\"url\":\"https:\/\/www.neufmois.fr\/les-confessions\/\",\"name\":\"Les confessions\",\"description\":\" Les confessions\",\"potentialAction\":[{\"@type\":\"SearchAction\",\"target\":{\"@type\":\"EntryPoint\",\"urlTemplate\":\"https:\/\/www.neufmois.fr\/les-confessions\/?s={search_term_string}\"},\"query-input\":\"required name=search_term_string\"}],\"inLanguage\":\"fr-FR\"},{\"@type\":\"Person\",\"@id\":\"https:\/\/www.neufmois.fr\/les-confessions\/#\/schema\/person\/893fe127c653ae6741f53a67962f8b5d\",\"name\":\"maman anonyme\",\"image\":{\"@type\":\"ImageObject\",\"inLanguage\":\"fr-FR\",\"@id\":\"https:\/\/www.neufmois.fr\/les-confessions\/#\/schema\/person\/image\/\",\"url\":\"https:\/\/secure.gravatar.com\/avatar\/e4b3abeefeb17983433f333a4c54f394?s=96&d=mm&r=g\",\"contentUrl\":\"https:\/\/secure.gravatar.com\/avatar\/e4b3abeefeb17983433f333a4c54f394?s=96&d=mm&r=g\",\"caption\":\"maman anonyme\"},\"url\":\"https:\/\/www.neufmois.fr\/les-confessions\/author\/anonyme\"}]}<\/script>\n<!-- \/ Yoast SEO plugin. -->","yoast_head_json":{"title":"Marre de cette vie - Les confessions","robots":{"index":"index","follow":"follow","max-snippet":"max-snippet:-1","max-image-preview":"max-image-preview:large","max-video-preview":"max-video-preview:-1"},"canonical":"https:\/\/www.neufmois.fr\/les-confessions\/marre-de-cette-vie","og_locale":"fr_FR","og_type":"article","og_title":"Marre de cette vie - Les confessions","og_description":"Et oui comme le dit si bien mon titre, j&rsquo;en ai marre de ma vie. J&rsquo;ai des jumeaux ag\u00e9s d&rsquo;un an. Mon mari bosse toute la semaine et moi je me retrouve \u00e0 la maison avec les bambins, le m\u00e9nage, les repas, \u00e0 faire le linge qui n&rsquo;en finit pas ! En m\u00eame temps, si c&rsquo;est pas moi qui fais tout \u00e7a, qui va le faire ? Mon mari bosse, il peux pas et c&rsquo;est \u00e0 moi de le faire vu que je suis \u00e0 la maison. Je ne peux","og_url":"https:\/\/www.neufmois.fr\/les-confessions\/marre-de-cette-vie","og_site_name":"Les confessions","article_published_time":"2011-01-21T18:33:00+00:00","author":"maman anonyme","twitter_card":"summary_large_image","twitter_misc":{"\u00c9crit par":"maman anonyme","Dur\u00e9e de lecture estim\u00e9e":"1 minute"},"schema":{"@context":"https:\/\/schema.org","@graph":[{"@type":"WebPage","@id":"https:\/\/www.neufmois.fr\/les-confessions\/marre-de-cette-vie","url":"https:\/\/www.neufmois.fr\/les-confessions\/marre-de-cette-vie","name":"Marre de cette vie - Les confessions","isPartOf":{"@id":"https:\/\/www.neufmois.fr\/les-confessions\/#website"},"datePublished":"2011-01-21T18:33:00+00:00","dateModified":"2011-01-21T18:33:00+00:00","author":{"@id":"https:\/\/www.neufmois.fr\/les-confessions\/#\/schema\/person\/893fe127c653ae6741f53a67962f8b5d"},"breadcrumb":{"@id":"https:\/\/www.neufmois.fr\/les-confessions\/marre-de-cette-vie#breadcrumb"},"inLanguage":"fr-FR","potentialAction":[{"@type":"ReadAction","target":["https:\/\/www.neufmois.fr\/les-confessions\/marre-de-cette-vie"]}]},{"@type":"BreadcrumbList","@id":"https:\/\/www.neufmois.fr\/les-confessions\/marre-de-cette-vie#breadcrumb","itemListElement":[{"@type":"ListItem","position":1,"name":"Accueil","item":"https:\/\/www.neufmois.fr\/les-confessions\/"},{"@type":"ListItem","position":2,"name":"Marre de cette vie"}]},{"@type":"WebSite","@id":"https:\/\/www.neufmois.fr\/les-confessions\/#website","url":"https:\/\/www.neufmois.fr\/les-confessions\/","name":"Les confessions","description":" Les confessions","potentialAction":[{"@type":"SearchAction","target":{"@type":"EntryPoint","urlTemplate":"https:\/\/www.neufmois.fr\/les-confessions\/?s={search_term_string}"},"query-input":"required name=search_term_string"}],"inLanguage":"fr-FR"},{"@type":"Person","@id":"https:\/\/www.neufmois.fr\/les-confessions\/#\/schema\/person\/893fe127c653ae6741f53a67962f8b5d","name":"maman anonyme","image":{"@type":"ImageObject","inLanguage":"fr-FR","@id":"https:\/\/www.neufmois.fr\/les-confessions\/#\/schema\/person\/image\/","url":"https:\/\/secure.gravatar.com\/avatar\/e4b3abeefeb17983433f333a4c54f394?s=96&d=mm&r=g","contentUrl":"https:\/\/secure.gravatar.com\/avatar\/e4b3abeefeb17983433f333a4c54f394?s=96&d=mm&r=g","caption":"maman anonyme"},"url":"https:\/\/www.neufmois.fr\/les-confessions\/author\/anonyme"}]}},"amp_enabled":true,"_links":{"self":[{"href":"https:\/\/www.neufmois.fr\/les-confessions\/wp-json\/wp\/v2\/posts\/374"}],"collection":[{"href":"https:\/\/www.neufmois.fr\/les-confessions\/wp-json\/wp\/v2\/posts"}],"about":[{"href":"https:\/\/www.neufmois.fr\/les-confessions\/wp-json\/wp\/v2\/types\/post"}],"author":[{"embeddable":true,"href":"https:\/\/www.neufmois.fr\/les-confessions\/wp-json\/wp\/v2\/users\/461446"}],"replies":[{"embeddable":true,"href":"https:\/\/www.neufmois.fr\/les-confessions\/wp-json\/wp\/v2\/comments?post=374"}],"version-history":[{"count":0,"href":"https:\/\/www.neufmois.fr\/les-confessions\/wp-json\/wp\/v2\/posts\/374\/revisions"}],"wp:attachment":[{"href":"https:\/\/www.neufmois.fr\/les-confessions\/wp-json\/wp\/v2\/media?parent=374"}],"wp:term":[{"taxonomy":"category","embeddable":true,"href":"https:\/\/www.neufmois.fr\/les-confessions\/wp-json\/wp\/v2\/categories?post=374"},{"taxonomy":"post_tag","embeddable":true,"href":"https:\/\/www.neufmois.fr\/les-confessions\/wp-json\/wp\/v2\/tags?post=374"}],"curies":[{"name":"wp","href":"https:\/\/api.w.org\/{rel}","templated":true}]}}