{"id":370,"date":"2011-02-01T21:01:00","date_gmt":"2011-02-01T21:01:00","guid":{"rendered":"https:\/\/www.neufmois.fr\/les-confessions\/?p=370"},"modified":"2011-02-01T21:01:00","modified_gmt":"2011-02-01T21:01:00","slug":"retrouver-lappetit","status":"publish","type":"post","link":"https:\/\/www.neufmois.fr\/les-confessions\/retrouver-lappetit","title":{"rendered":"Retrouver l&rsquo;app\u00e9tit"},"content":{"rendered":"<p>Mon fils est n\u00e9 il y a 3 mois et depuis, je ne mange presque plus ! Avant la grossesse et m\u00eame pendant, mon app\u00e9tit etait tout \u00e0 fait normal. Je prenais 3 repas par jour, mais l\u00e0 depuis le s\u00e9jour \u00e0 l&rsquo;h\u00f4pital, je n&rsquo;avale presque plus de nourriture. Le matin, je ne d\u00e9jeune plus, vu que mon compagnon embauche \u00e0 midi trente tous les jours. Je saute le repas du midi et le soir lorsqu&rsquo;il rentre d\u00e8s fois je mange et des fois non. L&rsquo;apr\u00e8s-midi il m&rsquo;arrive de grignoter mais c&rsquo;est rare.<br \/>\nJe n&rsquo;ai pas le courage de cuisiner. Est-ce l&rsquo;envie de maigrir plus vite ? Du coup je suis en permanence fatiguer, mais rien me motive ! Est-ce que \u00e7a vous est d\u00e9j\u00e0 arriv\u00e9 et avez-vous des astuces ou conseils ? J&rsquo;ai peur de tomber dans l&rsquo;anorexie&#8230;<\/p>\n","protected":false},"excerpt":{"rendered":"<p>Mon fils est n\u00e9 il y a 3 mois et depuis, je ne mange presque plus ! Avant la grossesse et m\u00eame pendant, mon app\u00e9tit etait tout \u00e0 fait normal. Je prenais 3 repas par jour, mais l\u00e0 depuis le s\u00e9jour \u00e0 l&rsquo;h\u00f4pital, je n&rsquo;avale presque plus de nourriture. Le matin, je ne d\u00e9jeune plus, vu que mon compagnon embauche \u00e0 midi trente tous les jours. Je saute le repas du midi et le soir lorsqu&rsquo;il rentre d\u00e8s fois je mange et des fois non. L&rsquo;apr\u00e8s-midi il m&rsquo;arrive de grignoter<\/p>\n","protected":false},"author":461446,"featured_media":0,"comment_status":"open","ping_status":"open","sticky":false,"template":"","format":"standard","meta":[],"categories":[1],"tags":[],"yoast_head":"<!-- This site is optimized with the Yoast SEO plugin v20.4 - https:\/\/yoast.com\/wordpress\/plugins\/seo\/ -->\n<title>Retrouver l&#039;app\u00e9tit - Les confessions<\/title>\n<meta name=\"robots\" content=\"index, follow, max-snippet:-1, max-image-preview:large, max-video-preview:-1\" \/>\n<link rel=\"canonical\" href=\"https:\/\/www.neufmois.fr\/les-confessions\/retrouver-lappetit\" \/>\n<meta property=\"og:locale\" content=\"fr_FR\" \/>\n<meta property=\"og:type\" content=\"article\" \/>\n<meta property=\"og:title\" content=\"Retrouver l&#039;app\u00e9tit - Les confessions\" \/>\n<meta property=\"og:description\" content=\"Mon fils est n\u00e9 il y a 3 mois et depuis, je ne mange presque plus ! Avant la grossesse et m\u00eame pendant, mon app\u00e9tit etait tout \u00e0 fait normal. Je prenais 3 repas par jour, mais l\u00e0 depuis le s\u00e9jour \u00e0 l&rsquo;h\u00f4pital, je n&rsquo;avale presque plus de nourriture. Le matin, je ne d\u00e9jeune plus, vu que mon compagnon embauche \u00e0 midi trente tous les jours. Je saute le repas du midi et le soir lorsqu&rsquo;il rentre d\u00e8s fois je mange et des fois non. L&rsquo;apr\u00e8s-midi il m&rsquo;arrive de grignoter\" \/>\n<meta property=\"og:url\" content=\"https:\/\/www.neufmois.fr\/les-confessions\/retrouver-lappetit\" \/>\n<meta property=\"og:site_name\" content=\"Les confessions\" \/>\n<meta property=\"article:published_time\" content=\"2011-02-01T21:01:00+00:00\" \/>\n<meta name=\"author\" content=\"maman anonyme\" \/>\n<meta name=\"twitter:card\" content=\"summary_large_image\" \/>\n<meta name=\"twitter:label1\" content=\"\u00c9crit par\" \/>\n\t<meta name=\"twitter:data1\" content=\"maman anonyme\" \/>\n\t<meta name=\"twitter:label2\" content=\"Dur\u00e9e de lecture estim\u00e9e\" \/>\n\t<meta name=\"twitter:data2\" content=\"1 minute\" \/>\n<script type=\"application\/ld+json\" class=\"yoast-schema-graph\">{\"@context\":\"https:\/\/schema.org\",\"@graph\":[{\"@type\":\"WebPage\",\"@id\":\"https:\/\/www.neufmois.fr\/les-confessions\/retrouver-lappetit\",\"url\":\"https:\/\/www.neufmois.fr\/les-confessions\/retrouver-lappetit\",\"name\":\"Retrouver l'app\u00e9tit - Les confessions\",\"isPartOf\":{\"@id\":\"https:\/\/www.neufmois.fr\/les-confessions\/#website\"},\"datePublished\":\"2011-02-01T21:01:00+00:00\",\"dateModified\":\"2011-02-01T21:01:00+00:00\",\"author\":{\"@id\":\"https:\/\/www.neufmois.fr\/les-confessions\/#\/schema\/person\/893fe127c653ae6741f53a67962f8b5d\"},\"breadcrumb\":{\"@id\":\"https:\/\/www.neufmois.fr\/les-confessions\/retrouver-lappetit#breadcrumb\"},\"inLanguage\":\"fr-FR\",\"potentialAction\":[{\"@type\":\"ReadAction\",\"target\":[\"https:\/\/www.neufmois.fr\/les-confessions\/retrouver-lappetit\"]}]},{\"@type\":\"BreadcrumbList\",\"@id\":\"https:\/\/www.neufmois.fr\/les-confessions\/retrouver-lappetit#breadcrumb\",\"itemListElement\":[{\"@type\":\"ListItem\",\"position\":1,\"name\":\"Accueil\",\"item\":\"https:\/\/www.neufmois.fr\/les-confessions\/\"},{\"@type\":\"ListItem\",\"position\":2,\"name\":\"Retrouver l&rsquo;app\u00e9tit\"}]},{\"@type\":\"WebSite\",\"@id\":\"https:\/\/www.neufmois.fr\/les-confessions\/#website\",\"url\":\"https:\/\/www.neufmois.fr\/les-confessions\/\",\"name\":\"Les confessions\",\"description\":\" Les confessions\",\"potentialAction\":[{\"@type\":\"SearchAction\",\"target\":{\"@type\":\"EntryPoint\",\"urlTemplate\":\"https:\/\/www.neufmois.fr\/les-confessions\/?s={search_term_string}\"},\"query-input\":\"required name=search_term_string\"}],\"inLanguage\":\"fr-FR\"},{\"@type\":\"Person\",\"@id\":\"https:\/\/www.neufmois.fr\/les-confessions\/#\/schema\/person\/893fe127c653ae6741f53a67962f8b5d\",\"name\":\"maman anonyme\",\"image\":{\"@type\":\"ImageObject\",\"inLanguage\":\"fr-FR\",\"@id\":\"https:\/\/www.neufmois.fr\/les-confessions\/#\/schema\/person\/image\/\",\"url\":\"https:\/\/secure.gravatar.com\/avatar\/e4b3abeefeb17983433f333a4c54f394?s=96&d=mm&r=g\",\"contentUrl\":\"https:\/\/secure.gravatar.com\/avatar\/e4b3abeefeb17983433f333a4c54f394?s=96&d=mm&r=g\",\"caption\":\"maman anonyme\"},\"url\":\"https:\/\/www.neufmois.fr\/les-confessions\/author\/anonyme\"}]}<\/script>\n<!-- \/ Yoast SEO plugin. -->","yoast_head_json":{"title":"Retrouver l'app\u00e9tit - Les confessions","robots":{"index":"index","follow":"follow","max-snippet":"max-snippet:-1","max-image-preview":"max-image-preview:large","max-video-preview":"max-video-preview:-1"},"canonical":"https:\/\/www.neufmois.fr\/les-confessions\/retrouver-lappetit","og_locale":"fr_FR","og_type":"article","og_title":"Retrouver l'app\u00e9tit - Les confessions","og_description":"Mon fils est n\u00e9 il y a 3 mois et depuis, je ne mange presque plus ! Avant la grossesse et m\u00eame pendant, mon app\u00e9tit etait tout \u00e0 fait normal. Je prenais 3 repas par jour, mais l\u00e0 depuis le s\u00e9jour \u00e0 l&rsquo;h\u00f4pital, je n&rsquo;avale presque plus de nourriture. Le matin, je ne d\u00e9jeune plus, vu que mon compagnon embauche \u00e0 midi trente tous les jours. Je saute le repas du midi et le soir lorsqu&rsquo;il rentre d\u00e8s fois je mange et des fois non. L&rsquo;apr\u00e8s-midi il m&rsquo;arrive de grignoter","og_url":"https:\/\/www.neufmois.fr\/les-confessions\/retrouver-lappetit","og_site_name":"Les confessions","article_published_time":"2011-02-01T21:01:00+00:00","author":"maman anonyme","twitter_card":"summary_large_image","twitter_misc":{"\u00c9crit par":"maman anonyme","Dur\u00e9e de lecture estim\u00e9e":"1 minute"},"schema":{"@context":"https:\/\/schema.org","@graph":[{"@type":"WebPage","@id":"https:\/\/www.neufmois.fr\/les-confessions\/retrouver-lappetit","url":"https:\/\/www.neufmois.fr\/les-confessions\/retrouver-lappetit","name":"Retrouver l'app\u00e9tit - Les confessions","isPartOf":{"@id":"https:\/\/www.neufmois.fr\/les-confessions\/#website"},"datePublished":"2011-02-01T21:01:00+00:00","dateModified":"2011-02-01T21:01:00+00:00","author":{"@id":"https:\/\/www.neufmois.fr\/les-confessions\/#\/schema\/person\/893fe127c653ae6741f53a67962f8b5d"},"breadcrumb":{"@id":"https:\/\/www.neufmois.fr\/les-confessions\/retrouver-lappetit#breadcrumb"},"inLanguage":"fr-FR","potentialAction":[{"@type":"ReadAction","target":["https:\/\/www.neufmois.fr\/les-confessions\/retrouver-lappetit"]}]},{"@type":"BreadcrumbList","@id":"https:\/\/www.neufmois.fr\/les-confessions\/retrouver-lappetit#breadcrumb","itemListElement":[{"@type":"ListItem","position":1,"name":"Accueil","item":"https:\/\/www.neufmois.fr\/les-confessions\/"},{"@type":"ListItem","position":2,"name":"Retrouver l&rsquo;app\u00e9tit"}]},{"@type":"WebSite","@id":"https:\/\/www.neufmois.fr\/les-confessions\/#website","url":"https:\/\/www.neufmois.fr\/les-confessions\/","name":"Les confessions","description":" Les confessions","potentialAction":[{"@type":"SearchAction","target":{"@type":"EntryPoint","urlTemplate":"https:\/\/www.neufmois.fr\/les-confessions\/?s={search_term_string}"},"query-input":"required name=search_term_string"}],"inLanguage":"fr-FR"},{"@type":"Person","@id":"https:\/\/www.neufmois.fr\/les-confessions\/#\/schema\/person\/893fe127c653ae6741f53a67962f8b5d","name":"maman anonyme","image":{"@type":"ImageObject","inLanguage":"fr-FR","@id":"https:\/\/www.neufmois.fr\/les-confessions\/#\/schema\/person\/image\/","url":"https:\/\/secure.gravatar.com\/avatar\/e4b3abeefeb17983433f333a4c54f394?s=96&d=mm&r=g","contentUrl":"https:\/\/secure.gravatar.com\/avatar\/e4b3abeefeb17983433f333a4c54f394?s=96&d=mm&r=g","caption":"maman anonyme"},"url":"https:\/\/www.neufmois.fr\/les-confessions\/author\/anonyme"}]}},"amp_enabled":true,"_links":{"self":[{"href":"https:\/\/www.neufmois.fr\/les-confessions\/wp-json\/wp\/v2\/posts\/370"}],"collection":[{"href":"https:\/\/www.neufmois.fr\/les-confessions\/wp-json\/wp\/v2\/posts"}],"about":[{"href":"https:\/\/www.neufmois.fr\/les-confessions\/wp-json\/wp\/v2\/types\/post"}],"author":[{"embeddable":true,"href":"https:\/\/www.neufmois.fr\/les-confessions\/wp-json\/wp\/v2\/users\/461446"}],"replies":[{"embeddable":true,"href":"https:\/\/www.neufmois.fr\/les-confessions\/wp-json\/wp\/v2\/comments?post=370"}],"version-history":[{"count":0,"href":"https:\/\/www.neufmois.fr\/les-confessions\/wp-json\/wp\/v2\/posts\/370\/revisions"}],"wp:attachment":[{"href":"https:\/\/www.neufmois.fr\/les-confessions\/wp-json\/wp\/v2\/media?parent=370"}],"wp:term":[{"taxonomy":"category","embeddable":true,"href":"https:\/\/www.neufmois.fr\/les-confessions\/wp-json\/wp\/v2\/categories?post=370"},{"taxonomy":"post_tag","embeddable":true,"href":"https:\/\/www.neufmois.fr\/les-confessions\/wp-json\/wp\/v2\/tags?post=370"}],"curies":[{"name":"wp","href":"https:\/\/api.w.org\/{rel}","templated":true}]}}