{"id":362,"date":"2011-02-22T21:49:00","date_gmt":"2011-02-22T21:49:00","guid":{"rendered":"https:\/\/www.neufmois.fr\/les-confessions\/?p=362"},"modified":"2011-02-22T21:49:00","modified_gmt":"2011-02-22T21:49:00","slug":"jai-envie-de-partir-car-je-nexiste-pas","status":"publish","type":"post","link":"https:\/\/www.neufmois.fr\/les-confessions\/jai-envie-de-partir-car-je-nexiste-pas","title":{"rendered":"J&rsquo;ai envie de partir car je n&rsquo;existe pas"},"content":{"rendered":"<p>J&rsquo;ai envie de partir tr\u00e8s loin avec mes deux enfants car je n&rsquo;existe pour personne. En ce moment, je ne travaille pas et j&rsquo;\u00e9l\u00e8ve mes deux enfants de 10 ans et de 9 mois. Je suis seule la journ\u00e9e, mon mari travaille pr\u00e8s de 10 heures par jour. Il est conducteur de travaux dans le b\u00e2timent (je n&rsquo;aime pas son travail). Je suis loin de ma famille et j&rsquo;ai du mal \u00e0 m&rsquo;adapter dans la r\u00e9gion. J&rsquo;y suis depuis pr\u00e8s de 4 ans. B\u00e9b\u00e9 est un petit dormeur, deux heures de sommeil dans la journ\u00e9e. Il me prend beaucoup de mon temps et mon grand devient coquin, la pr\u00e9-adolescence. Mon mari est absent, si bien que quand il arrive, je ne lui donne pas de sourire et pour un rien, je r\u00e2le, d&rsquo;ou par la suite des disputes. Il y a quelques semaines j&rsquo;ai d\u00e9couvert que mon mari avait \u00e9t\u00e9 sur des sites de rencontre, de film x. Il m&rsquo;a dit que c&rsquo;\u00e9tait pour se venger de mon comportement r\u00e2leuse car c\u00f4t\u00e9 sexe, j&rsquo;assume tr\u00e8s bien. Je n&rsquo;accepte pas sa fa\u00e7on d&rsquo;agir avec moi, il ne comprend pas que je me sens seule, loin de tout. Lors de ces disputes, il est tr\u00e8s m\u00e9chant verbalement et il s&rsquo;appuie sur mes faiblesse pour se soulager. Je me trouve trop grosse (encore 7kg \u00e0 perdre). Il me traite de grosse dondon, il me dit que si je ne me calme pas, il demandera le divorce ou ira voir une plus jeune que moi. J&rsquo;ai 7 ans de plus que lui et je tiens \u00e0 dire que je suis jalouse. Je doute de mon mari et je me trouve pas assez bien pour lui. Je sais que j&rsquo;ai un manque de confiance en moi, mais ce n&rsquo;est pas une raison pour ne pas prendre le temps pour me comprendre. J&rsquo;aimerai tellement partir pour me faire oublier mais avec mes deux enfants, loin de tous qui ne demande que tr\u00e8s peu de nos nouvelles. La vie a bien chang\u00e9, chacun pour soi&#8230; J&rsquo;ai tr\u00e8s mal.<\/p>\n","protected":false},"excerpt":{"rendered":"<p>J&rsquo;ai envie de partir tr\u00e8s loin avec mes deux enfants car je n&rsquo;existe pour personne. En ce moment, je ne travaille pas et j&rsquo;\u00e9l\u00e8ve mes deux enfants de 10 ans et de 9 mois. Je suis seule la journ\u00e9e, mon mari travaille pr\u00e8s de 10 heures par jour. Il est conducteur de travaux dans le b\u00e2timent (je n&rsquo;aime pas son travail). Je suis loin de ma famille et j&rsquo;ai du mal \u00e0 m&rsquo;adapter dans la r\u00e9gion. J&rsquo;y suis depuis pr\u00e8s de 4 ans. B\u00e9b\u00e9 est un petit dormeur, deux heures<\/p>\n","protected":false},"author":461446,"featured_media":0,"comment_status":"open","ping_status":"open","sticky":false,"template":"","format":"standard","meta":[],"categories":[1],"tags":[],"yoast_head":"<!-- This site is optimized with the Yoast SEO plugin v20.4 - https:\/\/yoast.com\/wordpress\/plugins\/seo\/ -->\n<title>J&#039;ai envie de partir car je n&#039;existe pas - Les confessions<\/title>\n<meta name=\"robots\" content=\"index, follow, max-snippet:-1, max-image-preview:large, max-video-preview:-1\" \/>\n<link rel=\"canonical\" href=\"https:\/\/www.neufmois.fr\/les-confessions\/jai-envie-de-partir-car-je-nexiste-pas\" \/>\n<meta property=\"og:locale\" content=\"fr_FR\" \/>\n<meta property=\"og:type\" content=\"article\" \/>\n<meta property=\"og:title\" content=\"J&#039;ai envie de partir car je n&#039;existe pas - Les confessions\" \/>\n<meta property=\"og:description\" content=\"J&rsquo;ai envie de partir tr\u00e8s loin avec mes deux enfants car je n&rsquo;existe pour personne. En ce moment, je ne travaille pas et j&rsquo;\u00e9l\u00e8ve mes deux enfants de 10 ans et de 9 mois. Je suis seule la journ\u00e9e, mon mari travaille pr\u00e8s de 10 heures par jour. Il est conducteur de travaux dans le b\u00e2timent (je n&rsquo;aime pas son travail). Je suis loin de ma famille et j&rsquo;ai du mal \u00e0 m&rsquo;adapter dans la r\u00e9gion. J&rsquo;y suis depuis pr\u00e8s de 4 ans. B\u00e9b\u00e9 est un petit dormeur, deux heures\" \/>\n<meta property=\"og:url\" content=\"https:\/\/www.neufmois.fr\/les-confessions\/jai-envie-de-partir-car-je-nexiste-pas\" \/>\n<meta property=\"og:site_name\" content=\"Les confessions\" \/>\n<meta property=\"article:published_time\" content=\"2011-02-22T21:49:00+00:00\" \/>\n<meta name=\"author\" content=\"maman anonyme\" \/>\n<meta name=\"twitter:card\" content=\"summary_large_image\" \/>\n<meta name=\"twitter:label1\" content=\"\u00c9crit par\" \/>\n\t<meta name=\"twitter:data1\" content=\"maman anonyme\" \/>\n\t<meta name=\"twitter:label2\" content=\"Dur\u00e9e de lecture estim\u00e9e\" \/>\n\t<meta name=\"twitter:data2\" content=\"2 minutes\" \/>\n<script type=\"application\/ld+json\" class=\"yoast-schema-graph\">{\"@context\":\"https:\/\/schema.org\",\"@graph\":[{\"@type\":\"WebPage\",\"@id\":\"https:\/\/www.neufmois.fr\/les-confessions\/jai-envie-de-partir-car-je-nexiste-pas\",\"url\":\"https:\/\/www.neufmois.fr\/les-confessions\/jai-envie-de-partir-car-je-nexiste-pas\",\"name\":\"J'ai envie de partir car je n'existe pas - Les confessions\",\"isPartOf\":{\"@id\":\"https:\/\/www.neufmois.fr\/les-confessions\/#website\"},\"datePublished\":\"2011-02-22T21:49:00+00:00\",\"dateModified\":\"2011-02-22T21:49:00+00:00\",\"author\":{\"@id\":\"https:\/\/www.neufmois.fr\/les-confessions\/#\/schema\/person\/893fe127c653ae6741f53a67962f8b5d\"},\"breadcrumb\":{\"@id\":\"https:\/\/www.neufmois.fr\/les-confessions\/jai-envie-de-partir-car-je-nexiste-pas#breadcrumb\"},\"inLanguage\":\"fr-FR\",\"potentialAction\":[{\"@type\":\"ReadAction\",\"target\":[\"https:\/\/www.neufmois.fr\/les-confessions\/jai-envie-de-partir-car-je-nexiste-pas\"]}]},{\"@type\":\"BreadcrumbList\",\"@id\":\"https:\/\/www.neufmois.fr\/les-confessions\/jai-envie-de-partir-car-je-nexiste-pas#breadcrumb\",\"itemListElement\":[{\"@type\":\"ListItem\",\"position\":1,\"name\":\"Accueil\",\"item\":\"https:\/\/www.neufmois.fr\/les-confessions\/\"},{\"@type\":\"ListItem\",\"position\":2,\"name\":\"J&rsquo;ai envie de partir car je n&rsquo;existe pas\"}]},{\"@type\":\"WebSite\",\"@id\":\"https:\/\/www.neufmois.fr\/les-confessions\/#website\",\"url\":\"https:\/\/www.neufmois.fr\/les-confessions\/\",\"name\":\"Les confessions\",\"description\":\" Les confessions\",\"potentialAction\":[{\"@type\":\"SearchAction\",\"target\":{\"@type\":\"EntryPoint\",\"urlTemplate\":\"https:\/\/www.neufmois.fr\/les-confessions\/?s={search_term_string}\"},\"query-input\":\"required name=search_term_string\"}],\"inLanguage\":\"fr-FR\"},{\"@type\":\"Person\",\"@id\":\"https:\/\/www.neufmois.fr\/les-confessions\/#\/schema\/person\/893fe127c653ae6741f53a67962f8b5d\",\"name\":\"maman anonyme\",\"image\":{\"@type\":\"ImageObject\",\"inLanguage\":\"fr-FR\",\"@id\":\"https:\/\/www.neufmois.fr\/les-confessions\/#\/schema\/person\/image\/\",\"url\":\"https:\/\/secure.gravatar.com\/avatar\/e4b3abeefeb17983433f333a4c54f394?s=96&d=mm&r=g\",\"contentUrl\":\"https:\/\/secure.gravatar.com\/avatar\/e4b3abeefeb17983433f333a4c54f394?s=96&d=mm&r=g\",\"caption\":\"maman anonyme\"},\"url\":\"https:\/\/www.neufmois.fr\/les-confessions\/author\/anonyme\"}]}<\/script>\n<!-- \/ Yoast SEO plugin. -->","yoast_head_json":{"title":"J'ai envie de partir car je n'existe pas - Les confessions","robots":{"index":"index","follow":"follow","max-snippet":"max-snippet:-1","max-image-preview":"max-image-preview:large","max-video-preview":"max-video-preview:-1"},"canonical":"https:\/\/www.neufmois.fr\/les-confessions\/jai-envie-de-partir-car-je-nexiste-pas","og_locale":"fr_FR","og_type":"article","og_title":"J'ai envie de partir car je n'existe pas - Les confessions","og_description":"J&rsquo;ai envie de partir tr\u00e8s loin avec mes deux enfants car je n&rsquo;existe pour personne. En ce moment, je ne travaille pas et j&rsquo;\u00e9l\u00e8ve mes deux enfants de 10 ans et de 9 mois. Je suis seule la journ\u00e9e, mon mari travaille pr\u00e8s de 10 heures par jour. Il est conducteur de travaux dans le b\u00e2timent (je n&rsquo;aime pas son travail). Je suis loin de ma famille et j&rsquo;ai du mal \u00e0 m&rsquo;adapter dans la r\u00e9gion. J&rsquo;y suis depuis pr\u00e8s de 4 ans. B\u00e9b\u00e9 est un petit dormeur, deux heures","og_url":"https:\/\/www.neufmois.fr\/les-confessions\/jai-envie-de-partir-car-je-nexiste-pas","og_site_name":"Les confessions","article_published_time":"2011-02-22T21:49:00+00:00","author":"maman anonyme","twitter_card":"summary_large_image","twitter_misc":{"\u00c9crit par":"maman anonyme","Dur\u00e9e de lecture estim\u00e9e":"2 minutes"},"schema":{"@context":"https:\/\/schema.org","@graph":[{"@type":"WebPage","@id":"https:\/\/www.neufmois.fr\/les-confessions\/jai-envie-de-partir-car-je-nexiste-pas","url":"https:\/\/www.neufmois.fr\/les-confessions\/jai-envie-de-partir-car-je-nexiste-pas","name":"J'ai envie de partir car je n'existe pas - Les confessions","isPartOf":{"@id":"https:\/\/www.neufmois.fr\/les-confessions\/#website"},"datePublished":"2011-02-22T21:49:00+00:00","dateModified":"2011-02-22T21:49:00+00:00","author":{"@id":"https:\/\/www.neufmois.fr\/les-confessions\/#\/schema\/person\/893fe127c653ae6741f53a67962f8b5d"},"breadcrumb":{"@id":"https:\/\/www.neufmois.fr\/les-confessions\/jai-envie-de-partir-car-je-nexiste-pas#breadcrumb"},"inLanguage":"fr-FR","potentialAction":[{"@type":"ReadAction","target":["https:\/\/www.neufmois.fr\/les-confessions\/jai-envie-de-partir-car-je-nexiste-pas"]}]},{"@type":"BreadcrumbList","@id":"https:\/\/www.neufmois.fr\/les-confessions\/jai-envie-de-partir-car-je-nexiste-pas#breadcrumb","itemListElement":[{"@type":"ListItem","position":1,"name":"Accueil","item":"https:\/\/www.neufmois.fr\/les-confessions\/"},{"@type":"ListItem","position":2,"name":"J&rsquo;ai envie de partir car je n&rsquo;existe pas"}]},{"@type":"WebSite","@id":"https:\/\/www.neufmois.fr\/les-confessions\/#website","url":"https:\/\/www.neufmois.fr\/les-confessions\/","name":"Les confessions","description":" Les confessions","potentialAction":[{"@type":"SearchAction","target":{"@type":"EntryPoint","urlTemplate":"https:\/\/www.neufmois.fr\/les-confessions\/?s={search_term_string}"},"query-input":"required name=search_term_string"}],"inLanguage":"fr-FR"},{"@type":"Person","@id":"https:\/\/www.neufmois.fr\/les-confessions\/#\/schema\/person\/893fe127c653ae6741f53a67962f8b5d","name":"maman anonyme","image":{"@type":"ImageObject","inLanguage":"fr-FR","@id":"https:\/\/www.neufmois.fr\/les-confessions\/#\/schema\/person\/image\/","url":"https:\/\/secure.gravatar.com\/avatar\/e4b3abeefeb17983433f333a4c54f394?s=96&d=mm&r=g","contentUrl":"https:\/\/secure.gravatar.com\/avatar\/e4b3abeefeb17983433f333a4c54f394?s=96&d=mm&r=g","caption":"maman anonyme"},"url":"https:\/\/www.neufmois.fr\/les-confessions\/author\/anonyme"}]}},"amp_enabled":true,"_links":{"self":[{"href":"https:\/\/www.neufmois.fr\/les-confessions\/wp-json\/wp\/v2\/posts\/362"}],"collection":[{"href":"https:\/\/www.neufmois.fr\/les-confessions\/wp-json\/wp\/v2\/posts"}],"about":[{"href":"https:\/\/www.neufmois.fr\/les-confessions\/wp-json\/wp\/v2\/types\/post"}],"author":[{"embeddable":true,"href":"https:\/\/www.neufmois.fr\/les-confessions\/wp-json\/wp\/v2\/users\/461446"}],"replies":[{"embeddable":true,"href":"https:\/\/www.neufmois.fr\/les-confessions\/wp-json\/wp\/v2\/comments?post=362"}],"version-history":[{"count":0,"href":"https:\/\/www.neufmois.fr\/les-confessions\/wp-json\/wp\/v2\/posts\/362\/revisions"}],"wp:attachment":[{"href":"https:\/\/www.neufmois.fr\/les-confessions\/wp-json\/wp\/v2\/media?parent=362"}],"wp:term":[{"taxonomy":"category","embeddable":true,"href":"https:\/\/www.neufmois.fr\/les-confessions\/wp-json\/wp\/v2\/categories?post=362"},{"taxonomy":"post_tag","embeddable":true,"href":"https:\/\/www.neufmois.fr\/les-confessions\/wp-json\/wp\/v2\/tags?post=362"}],"curies":[{"name":"wp","href":"https:\/\/api.w.org\/{rel}","templated":true}]}}