{"id":358,"date":"2011-03-10T13:10:00","date_gmt":"2011-03-10T13:10:00","guid":{"rendered":"https:\/\/www.neufmois.fr\/les-confessions\/?p=358"},"modified":"2011-03-10T13:10:00","modified_gmt":"2011-03-10T13:10:00","slug":"bebe-dort-avec-nous","status":"publish","type":"post","link":"https:\/\/www.neufmois.fr\/les-confessions\/bebe-dort-avec-nous","title":{"rendered":"B\u00e9b\u00e9 dort avec nous"},"content":{"rendered":"<p>Voil\u00e0 je passe par cette confession pour vous demander conseils et votre exp\u00e9rience ! Mon fils a 4 mois et demi et dort toujours dans le lit des parents entre nous. Je sais tr\u00e8s bien que c&rsquo;est pas bon pour lui et ce n&rsquo;est pas lui rendre service, mais on arrive pas \u00e0 le faire dormir dans son lit. Il y a 3 ans, j&rsquo;ai fait une IVG par amour pour mon compagnon qui n\u2019\u00e9tait pas pr\u00eat, mais je l&rsquo;ai faite \u00e0 contre coeur. Du coup, lorsque je suis retomb\u00e9e enceinte et qu&rsquo;il souhaitais le garder, ma relation est devenue fusionnel avec mon b\u00e9b\u00e9. Je l&rsquo;ai tellement d\u00e9sir\u00e9 que je le quitte plus ! Alors, dormir avec moi ne me pose aucun souci mais pour l&rsquo;intimit\u00e9 de mon couple et surtout pour mon fils, \u00e7a serai mieux qu&rsquo;il dorme dans son lit ! Malheureusement, \u00e0 chaque fois que je demande conseil \u00e0 mon entourage, il me juge. Je vous demande si vous avez v\u00e9cu la m\u00eame situation et quel a \u00e9t\u00e9 le d\u00e9clic ? Jusqu\u2019\u00e0 quel \u00e2ge votre enfant a t-il dormi avec vous ? Je vous remercie d&rsquo;avance car j&rsquo;ai vraiment besoin de ne pas me sentir seule et coupable.<\/p>\n","protected":false},"excerpt":{"rendered":"<p>Voil\u00e0 je passe par cette confession pour vous demander conseils et votre exp\u00e9rience ! Mon fils a 4 mois et demi et dort toujours dans le lit des parents entre nous. Je sais tr\u00e8s bien que c&rsquo;est pas bon pour lui et ce n&rsquo;est pas lui rendre service, mais on arrive pas \u00e0 le faire dormir dans son lit. Il y a 3 ans, j&rsquo;ai fait une IVG par amour pour mon compagnon qui n\u2019\u00e9tait pas pr\u00eat, mais je l&rsquo;ai faite \u00e0 contre coeur. Du coup, lorsque je suis retomb\u00e9e<\/p>\n","protected":false},"author":461446,"featured_media":0,"comment_status":"open","ping_status":"open","sticky":false,"template":"","format":"standard","meta":[],"categories":[1],"tags":[],"yoast_head":"<!-- This site is optimized with the Yoast SEO plugin v20.4 - https:\/\/yoast.com\/wordpress\/plugins\/seo\/ -->\n<title>B\u00e9b\u00e9 dort avec nous - Les confessions<\/title>\n<meta name=\"robots\" content=\"index, follow, max-snippet:-1, max-image-preview:large, max-video-preview:-1\" \/>\n<link rel=\"canonical\" href=\"https:\/\/www.neufmois.fr\/les-confessions\/bebe-dort-avec-nous\" \/>\n<meta property=\"og:locale\" content=\"fr_FR\" \/>\n<meta property=\"og:type\" content=\"article\" \/>\n<meta property=\"og:title\" content=\"B\u00e9b\u00e9 dort avec nous - Les confessions\" \/>\n<meta property=\"og:description\" content=\"Voil\u00e0 je passe par cette confession pour vous demander conseils et votre exp\u00e9rience ! Mon fils a 4 mois et demi et dort toujours dans le lit des parents entre nous. Je sais tr\u00e8s bien que c&rsquo;est pas bon pour lui et ce n&rsquo;est pas lui rendre service, mais on arrive pas \u00e0 le faire dormir dans son lit. Il y a 3 ans, j&rsquo;ai fait une IVG par amour pour mon compagnon qui n\u2019\u00e9tait pas pr\u00eat, mais je l&rsquo;ai faite \u00e0 contre coeur. Du coup, lorsque je suis retomb\u00e9e\" \/>\n<meta property=\"og:url\" content=\"https:\/\/www.neufmois.fr\/les-confessions\/bebe-dort-avec-nous\" \/>\n<meta property=\"og:site_name\" content=\"Les confessions\" \/>\n<meta property=\"article:published_time\" content=\"2011-03-10T13:10:00+00:00\" \/>\n<meta name=\"author\" content=\"maman anonyme\" \/>\n<meta name=\"twitter:card\" content=\"summary_large_image\" \/>\n<meta name=\"twitter:label1\" content=\"\u00c9crit par\" \/>\n\t<meta name=\"twitter:data1\" content=\"maman anonyme\" \/>\n\t<meta name=\"twitter:label2\" content=\"Dur\u00e9e de lecture estim\u00e9e\" \/>\n\t<meta name=\"twitter:data2\" content=\"1 minute\" \/>\n<script type=\"application\/ld+json\" class=\"yoast-schema-graph\">{\"@context\":\"https:\/\/schema.org\",\"@graph\":[{\"@type\":\"WebPage\",\"@id\":\"https:\/\/www.neufmois.fr\/les-confessions\/bebe-dort-avec-nous\",\"url\":\"https:\/\/www.neufmois.fr\/les-confessions\/bebe-dort-avec-nous\",\"name\":\"B\u00e9b\u00e9 dort avec nous - Les confessions\",\"isPartOf\":{\"@id\":\"https:\/\/www.neufmois.fr\/les-confessions\/#website\"},\"datePublished\":\"2011-03-10T13:10:00+00:00\",\"dateModified\":\"2011-03-10T13:10:00+00:00\",\"author\":{\"@id\":\"https:\/\/www.neufmois.fr\/les-confessions\/#\/schema\/person\/893fe127c653ae6741f53a67962f8b5d\"},\"breadcrumb\":{\"@id\":\"https:\/\/www.neufmois.fr\/les-confessions\/bebe-dort-avec-nous#breadcrumb\"},\"inLanguage\":\"fr-FR\",\"potentialAction\":[{\"@type\":\"ReadAction\",\"target\":[\"https:\/\/www.neufmois.fr\/les-confessions\/bebe-dort-avec-nous\"]}]},{\"@type\":\"BreadcrumbList\",\"@id\":\"https:\/\/www.neufmois.fr\/les-confessions\/bebe-dort-avec-nous#breadcrumb\",\"itemListElement\":[{\"@type\":\"ListItem\",\"position\":1,\"name\":\"Accueil\",\"item\":\"https:\/\/www.neufmois.fr\/les-confessions\/\"},{\"@type\":\"ListItem\",\"position\":2,\"name\":\"B\u00e9b\u00e9 dort avec nous\"}]},{\"@type\":\"WebSite\",\"@id\":\"https:\/\/www.neufmois.fr\/les-confessions\/#website\",\"url\":\"https:\/\/www.neufmois.fr\/les-confessions\/\",\"name\":\"Les confessions\",\"description\":\" Les confessions\",\"potentialAction\":[{\"@type\":\"SearchAction\",\"target\":{\"@type\":\"EntryPoint\",\"urlTemplate\":\"https:\/\/www.neufmois.fr\/les-confessions\/?s={search_term_string}\"},\"query-input\":\"required name=search_term_string\"}],\"inLanguage\":\"fr-FR\"},{\"@type\":\"Person\",\"@id\":\"https:\/\/www.neufmois.fr\/les-confessions\/#\/schema\/person\/893fe127c653ae6741f53a67962f8b5d\",\"name\":\"maman anonyme\",\"image\":{\"@type\":\"ImageObject\",\"inLanguage\":\"fr-FR\",\"@id\":\"https:\/\/www.neufmois.fr\/les-confessions\/#\/schema\/person\/image\/\",\"url\":\"https:\/\/secure.gravatar.com\/avatar\/e4b3abeefeb17983433f333a4c54f394?s=96&d=mm&r=g\",\"contentUrl\":\"https:\/\/secure.gravatar.com\/avatar\/e4b3abeefeb17983433f333a4c54f394?s=96&d=mm&r=g\",\"caption\":\"maman anonyme\"},\"url\":\"https:\/\/www.neufmois.fr\/les-confessions\/author\/anonyme\"}]}<\/script>\n<!-- \/ Yoast SEO plugin. -->","yoast_head_json":{"title":"B\u00e9b\u00e9 dort avec nous - Les confessions","robots":{"index":"index","follow":"follow","max-snippet":"max-snippet:-1","max-image-preview":"max-image-preview:large","max-video-preview":"max-video-preview:-1"},"canonical":"https:\/\/www.neufmois.fr\/les-confessions\/bebe-dort-avec-nous","og_locale":"fr_FR","og_type":"article","og_title":"B\u00e9b\u00e9 dort avec nous - Les confessions","og_description":"Voil\u00e0 je passe par cette confession pour vous demander conseils et votre exp\u00e9rience ! Mon fils a 4 mois et demi et dort toujours dans le lit des parents entre nous. Je sais tr\u00e8s bien que c&rsquo;est pas bon pour lui et ce n&rsquo;est pas lui rendre service, mais on arrive pas \u00e0 le faire dormir dans son lit. Il y a 3 ans, j&rsquo;ai fait une IVG par amour pour mon compagnon qui n\u2019\u00e9tait pas pr\u00eat, mais je l&rsquo;ai faite \u00e0 contre coeur. Du coup, lorsque je suis retomb\u00e9e","og_url":"https:\/\/www.neufmois.fr\/les-confessions\/bebe-dort-avec-nous","og_site_name":"Les confessions","article_published_time":"2011-03-10T13:10:00+00:00","author":"maman anonyme","twitter_card":"summary_large_image","twitter_misc":{"\u00c9crit par":"maman anonyme","Dur\u00e9e de lecture estim\u00e9e":"1 minute"},"schema":{"@context":"https:\/\/schema.org","@graph":[{"@type":"WebPage","@id":"https:\/\/www.neufmois.fr\/les-confessions\/bebe-dort-avec-nous","url":"https:\/\/www.neufmois.fr\/les-confessions\/bebe-dort-avec-nous","name":"B\u00e9b\u00e9 dort avec nous - Les confessions","isPartOf":{"@id":"https:\/\/www.neufmois.fr\/les-confessions\/#website"},"datePublished":"2011-03-10T13:10:00+00:00","dateModified":"2011-03-10T13:10:00+00:00","author":{"@id":"https:\/\/www.neufmois.fr\/les-confessions\/#\/schema\/person\/893fe127c653ae6741f53a67962f8b5d"},"breadcrumb":{"@id":"https:\/\/www.neufmois.fr\/les-confessions\/bebe-dort-avec-nous#breadcrumb"},"inLanguage":"fr-FR","potentialAction":[{"@type":"ReadAction","target":["https:\/\/www.neufmois.fr\/les-confessions\/bebe-dort-avec-nous"]}]},{"@type":"BreadcrumbList","@id":"https:\/\/www.neufmois.fr\/les-confessions\/bebe-dort-avec-nous#breadcrumb","itemListElement":[{"@type":"ListItem","position":1,"name":"Accueil","item":"https:\/\/www.neufmois.fr\/les-confessions\/"},{"@type":"ListItem","position":2,"name":"B\u00e9b\u00e9 dort avec nous"}]},{"@type":"WebSite","@id":"https:\/\/www.neufmois.fr\/les-confessions\/#website","url":"https:\/\/www.neufmois.fr\/les-confessions\/","name":"Les confessions","description":" Les confessions","potentialAction":[{"@type":"SearchAction","target":{"@type":"EntryPoint","urlTemplate":"https:\/\/www.neufmois.fr\/les-confessions\/?s={search_term_string}"},"query-input":"required name=search_term_string"}],"inLanguage":"fr-FR"},{"@type":"Person","@id":"https:\/\/www.neufmois.fr\/les-confessions\/#\/schema\/person\/893fe127c653ae6741f53a67962f8b5d","name":"maman anonyme","image":{"@type":"ImageObject","inLanguage":"fr-FR","@id":"https:\/\/www.neufmois.fr\/les-confessions\/#\/schema\/person\/image\/","url":"https:\/\/secure.gravatar.com\/avatar\/e4b3abeefeb17983433f333a4c54f394?s=96&d=mm&r=g","contentUrl":"https:\/\/secure.gravatar.com\/avatar\/e4b3abeefeb17983433f333a4c54f394?s=96&d=mm&r=g","caption":"maman anonyme"},"url":"https:\/\/www.neufmois.fr\/les-confessions\/author\/anonyme"}]}},"amp_enabled":true,"_links":{"self":[{"href":"https:\/\/www.neufmois.fr\/les-confessions\/wp-json\/wp\/v2\/posts\/358"}],"collection":[{"href":"https:\/\/www.neufmois.fr\/les-confessions\/wp-json\/wp\/v2\/posts"}],"about":[{"href":"https:\/\/www.neufmois.fr\/les-confessions\/wp-json\/wp\/v2\/types\/post"}],"author":[{"embeddable":true,"href":"https:\/\/www.neufmois.fr\/les-confessions\/wp-json\/wp\/v2\/users\/461446"}],"replies":[{"embeddable":true,"href":"https:\/\/www.neufmois.fr\/les-confessions\/wp-json\/wp\/v2\/comments?post=358"}],"version-history":[{"count":0,"href":"https:\/\/www.neufmois.fr\/les-confessions\/wp-json\/wp\/v2\/posts\/358\/revisions"}],"wp:attachment":[{"href":"https:\/\/www.neufmois.fr\/les-confessions\/wp-json\/wp\/v2\/media?parent=358"}],"wp:term":[{"taxonomy":"category","embeddable":true,"href":"https:\/\/www.neufmois.fr\/les-confessions\/wp-json\/wp\/v2\/categories?post=358"},{"taxonomy":"post_tag","embeddable":true,"href":"https:\/\/www.neufmois.fr\/les-confessions\/wp-json\/wp\/v2\/tags?post=358"}],"curies":[{"name":"wp","href":"https:\/\/api.w.org\/{rel}","templated":true}]}}