{"id":350,"date":"2011-03-28T16:53:00","date_gmt":"2011-03-28T16:53:00","guid":{"rendered":"https:\/\/www.neufmois.fr\/les-confessions\/?p=350"},"modified":"2011-03-28T16:53:00","modified_gmt":"2011-03-28T16:53:00","slug":"maman-au-bord-de-la-crise-de-nerfs","status":"publish","type":"post","link":"https:\/\/www.neufmois.fr\/les-confessions\/maman-au-bord-de-la-crise-de-nerfs","title":{"rendered":"Maman au bord de la crise de nerfs"},"content":{"rendered":"<p>Coucou,<br \/>\nTout est dit dans le titre : je suis fatigu\u00e9e moralement et je n&rsquo;arrive pas \u00e0 remonter la pente. La situation me p\u00e8se tellement que m\u00eame mon couple d\u00e9p\u00e9rit.<br \/>\nNous avons 2 anges\/d\u00e9mons de 22 mois et 5 ans et depuis l&rsquo;arriv\u00e9e de la seconde, rien ne va plus. Je suis au bord du gouffre. Ils nous usent et aspirent toute notre patience et notre vitalit\u00e9.<br \/>\nNous en sommes au point d&rsquo;\u00eatre mieux au boulot pl\u00fbtot qu&rsquo;\u00e0 la maison. L&rsquo;ambiance, c&rsquo;est cris, pleurs, disputes et confrontation entre fr\u00e8re et soeur, rebellion avec quelques fois gestes violents. Je ne supporte plus la situation et je ne sais pus quoi faire et le pire c&rsquo;est que par moment je ne me controle plus et me met \u00e0 leur hurler dessus et parfois des fess\u00e9es ou des tapes derri\u00e8re la t\u00eate.<br \/>\nJ&rsquo;ai peur de devenir une mauvaise maman.<br \/>\nNous aurions besoin de faire un break \u00e0 2 mais n&rsquo;ayant pas de famille proche et la nourrice ne gardant pas les enfants \u00ab\u00a0b\u00e9n\u00e9volement\u00a0\u00bb, nous sommes un peu pris au pi\u00e8ge.<br \/>\nEntre mon boulot, la maison et les enfants, je me sens oppress\u00e9e et prisonni\u00e8re de la situation. Je fais quasiment la totalit\u00e9 des t\u00e2ches m\u00e9nag\u00e8res et quand je le reproche \u00e0 mon conjoint, qui travaille en \u00e9quipe soit du matin, soit d&rsquo;apr\u00e8s midi, il me r\u00e9pond qu&rsquo;il ne peut pas avec les gosses et qu&rsquo;il a besoin de d\u00e9compresser&#8230;<br \/>\nNous nous disputons souvent et avons \u00e9voqu\u00e9 le divorce \u00e0 plusieurs reprises mais nous avons aussi compris que nous nous aimions et que c&rsquo;est nos enfants qui nous fatiguaient. Les seuls moments o\u00f9 on se repose sont quand ils dorment ou quand nous sommes au boulot, sans eux quoi !!!<br \/>\nJe n&rsquo;arrive plus \u00e0 rester zen et mon mari voit que je ne vais pas bien mais il ne sait pas \u00e0 quel point je suis \u00e0 bout et comment parfois je voudrais tout claquer.<br \/>\nSi vous avez des conseils, alors je suis preneuse.<br \/>\nA bient\u00f4t.<\/p>\n","protected":false},"excerpt":{"rendered":"<p>Coucou, Tout est dit dans le titre : je suis fatigu\u00e9e moralement et je n&rsquo;arrive pas \u00e0 remonter la pente. La situation me p\u00e8se tellement que m\u00eame mon couple d\u00e9p\u00e9rit. Nous avons 2 anges\/d\u00e9mons de 22 mois et 5 ans et depuis l&rsquo;arriv\u00e9e de la seconde, rien ne va plus. Je suis au bord du gouffre. Ils nous usent et aspirent toute notre patience et notre vitalit\u00e9. Nous en sommes au point d&rsquo;\u00eatre mieux au boulot pl\u00fbtot qu&rsquo;\u00e0 la maison. L&rsquo;ambiance, c&rsquo;est cris, pleurs, disputes et confrontation entre fr\u00e8re et<\/p>\n","protected":false},"author":461446,"featured_media":0,"comment_status":"open","ping_status":"open","sticky":false,"template":"","format":"standard","meta":[],"categories":[1],"tags":[],"yoast_head":"<!-- This site is optimized with the Yoast SEO plugin v20.4 - https:\/\/yoast.com\/wordpress\/plugins\/seo\/ -->\n<title>Maman au bord de la crise de nerfs - Les confessions<\/title>\n<meta name=\"robots\" content=\"index, follow, max-snippet:-1, max-image-preview:large, max-video-preview:-1\" \/>\n<link rel=\"canonical\" href=\"https:\/\/www.neufmois.fr\/les-confessions\/maman-au-bord-de-la-crise-de-nerfs\" \/>\n<meta property=\"og:locale\" content=\"fr_FR\" \/>\n<meta property=\"og:type\" content=\"article\" \/>\n<meta property=\"og:title\" content=\"Maman au bord de la crise de nerfs - Les confessions\" \/>\n<meta property=\"og:description\" content=\"Coucou, Tout est dit dans le titre : je suis fatigu\u00e9e moralement et je n&rsquo;arrive pas \u00e0 remonter la pente. La situation me p\u00e8se tellement que m\u00eame mon couple d\u00e9p\u00e9rit. Nous avons 2 anges\/d\u00e9mons de 22 mois et 5 ans et depuis l&rsquo;arriv\u00e9e de la seconde, rien ne va plus. Je suis au bord du gouffre. Ils nous usent et aspirent toute notre patience et notre vitalit\u00e9. Nous en sommes au point d&rsquo;\u00eatre mieux au boulot pl\u00fbtot qu&rsquo;\u00e0 la maison. L&rsquo;ambiance, c&rsquo;est cris, pleurs, disputes et confrontation entre fr\u00e8re et\" \/>\n<meta property=\"og:url\" content=\"https:\/\/www.neufmois.fr\/les-confessions\/maman-au-bord-de-la-crise-de-nerfs\" \/>\n<meta property=\"og:site_name\" content=\"Les confessions\" \/>\n<meta property=\"article:published_time\" content=\"2011-03-28T16:53:00+00:00\" \/>\n<meta name=\"author\" content=\"maman anonyme\" \/>\n<meta name=\"twitter:card\" content=\"summary_large_image\" \/>\n<meta name=\"twitter:label1\" content=\"\u00c9crit par\" \/>\n\t<meta name=\"twitter:data1\" content=\"maman anonyme\" \/>\n\t<meta name=\"twitter:label2\" content=\"Dur\u00e9e de lecture estim\u00e9e\" \/>\n\t<meta name=\"twitter:data2\" content=\"2 minutes\" \/>\n<script type=\"application\/ld+json\" class=\"yoast-schema-graph\">{\"@context\":\"https:\/\/schema.org\",\"@graph\":[{\"@type\":\"WebPage\",\"@id\":\"https:\/\/www.neufmois.fr\/les-confessions\/maman-au-bord-de-la-crise-de-nerfs\",\"url\":\"https:\/\/www.neufmois.fr\/les-confessions\/maman-au-bord-de-la-crise-de-nerfs\",\"name\":\"Maman au bord de la crise de nerfs - Les confessions\",\"isPartOf\":{\"@id\":\"https:\/\/www.neufmois.fr\/les-confessions\/#website\"},\"datePublished\":\"2011-03-28T16:53:00+00:00\",\"dateModified\":\"2011-03-28T16:53:00+00:00\",\"author\":{\"@id\":\"https:\/\/www.neufmois.fr\/les-confessions\/#\/schema\/person\/893fe127c653ae6741f53a67962f8b5d\"},\"breadcrumb\":{\"@id\":\"https:\/\/www.neufmois.fr\/les-confessions\/maman-au-bord-de-la-crise-de-nerfs#breadcrumb\"},\"inLanguage\":\"fr-FR\",\"potentialAction\":[{\"@type\":\"ReadAction\",\"target\":[\"https:\/\/www.neufmois.fr\/les-confessions\/maman-au-bord-de-la-crise-de-nerfs\"]}]},{\"@type\":\"BreadcrumbList\",\"@id\":\"https:\/\/www.neufmois.fr\/les-confessions\/maman-au-bord-de-la-crise-de-nerfs#breadcrumb\",\"itemListElement\":[{\"@type\":\"ListItem\",\"position\":1,\"name\":\"Accueil\",\"item\":\"https:\/\/www.neufmois.fr\/les-confessions\/\"},{\"@type\":\"ListItem\",\"position\":2,\"name\":\"Maman au bord de la crise de nerfs\"}]},{\"@type\":\"WebSite\",\"@id\":\"https:\/\/www.neufmois.fr\/les-confessions\/#website\",\"url\":\"https:\/\/www.neufmois.fr\/les-confessions\/\",\"name\":\"Les confessions\",\"description\":\" Les confessions\",\"potentialAction\":[{\"@type\":\"SearchAction\",\"target\":{\"@type\":\"EntryPoint\",\"urlTemplate\":\"https:\/\/www.neufmois.fr\/les-confessions\/?s={search_term_string}\"},\"query-input\":\"required name=search_term_string\"}],\"inLanguage\":\"fr-FR\"},{\"@type\":\"Person\",\"@id\":\"https:\/\/www.neufmois.fr\/les-confessions\/#\/schema\/person\/893fe127c653ae6741f53a67962f8b5d\",\"name\":\"maman anonyme\",\"image\":{\"@type\":\"ImageObject\",\"inLanguage\":\"fr-FR\",\"@id\":\"https:\/\/www.neufmois.fr\/les-confessions\/#\/schema\/person\/image\/\",\"url\":\"https:\/\/secure.gravatar.com\/avatar\/e4b3abeefeb17983433f333a4c54f394?s=96&d=mm&r=g\",\"contentUrl\":\"https:\/\/secure.gravatar.com\/avatar\/e4b3abeefeb17983433f333a4c54f394?s=96&d=mm&r=g\",\"caption\":\"maman anonyme\"},\"url\":\"https:\/\/www.neufmois.fr\/les-confessions\/author\/anonyme\"}]}<\/script>\n<!-- \/ Yoast SEO plugin. -->","yoast_head_json":{"title":"Maman au bord de la crise de nerfs - Les confessions","robots":{"index":"index","follow":"follow","max-snippet":"max-snippet:-1","max-image-preview":"max-image-preview:large","max-video-preview":"max-video-preview:-1"},"canonical":"https:\/\/www.neufmois.fr\/les-confessions\/maman-au-bord-de-la-crise-de-nerfs","og_locale":"fr_FR","og_type":"article","og_title":"Maman au bord de la crise de nerfs - Les confessions","og_description":"Coucou, Tout est dit dans le titre : je suis fatigu\u00e9e moralement et je n&rsquo;arrive pas \u00e0 remonter la pente. La situation me p\u00e8se tellement que m\u00eame mon couple d\u00e9p\u00e9rit. Nous avons 2 anges\/d\u00e9mons de 22 mois et 5 ans et depuis l&rsquo;arriv\u00e9e de la seconde, rien ne va plus. Je suis au bord du gouffre. Ils nous usent et aspirent toute notre patience et notre vitalit\u00e9. Nous en sommes au point d&rsquo;\u00eatre mieux au boulot pl\u00fbtot qu&rsquo;\u00e0 la maison. L&rsquo;ambiance, c&rsquo;est cris, pleurs, disputes et confrontation entre fr\u00e8re et","og_url":"https:\/\/www.neufmois.fr\/les-confessions\/maman-au-bord-de-la-crise-de-nerfs","og_site_name":"Les confessions","article_published_time":"2011-03-28T16:53:00+00:00","author":"maman anonyme","twitter_card":"summary_large_image","twitter_misc":{"\u00c9crit par":"maman anonyme","Dur\u00e9e de lecture estim\u00e9e":"2 minutes"},"schema":{"@context":"https:\/\/schema.org","@graph":[{"@type":"WebPage","@id":"https:\/\/www.neufmois.fr\/les-confessions\/maman-au-bord-de-la-crise-de-nerfs","url":"https:\/\/www.neufmois.fr\/les-confessions\/maman-au-bord-de-la-crise-de-nerfs","name":"Maman au bord de la crise de nerfs - Les confessions","isPartOf":{"@id":"https:\/\/www.neufmois.fr\/les-confessions\/#website"},"datePublished":"2011-03-28T16:53:00+00:00","dateModified":"2011-03-28T16:53:00+00:00","author":{"@id":"https:\/\/www.neufmois.fr\/les-confessions\/#\/schema\/person\/893fe127c653ae6741f53a67962f8b5d"},"breadcrumb":{"@id":"https:\/\/www.neufmois.fr\/les-confessions\/maman-au-bord-de-la-crise-de-nerfs#breadcrumb"},"inLanguage":"fr-FR","potentialAction":[{"@type":"ReadAction","target":["https:\/\/www.neufmois.fr\/les-confessions\/maman-au-bord-de-la-crise-de-nerfs"]}]},{"@type":"BreadcrumbList","@id":"https:\/\/www.neufmois.fr\/les-confessions\/maman-au-bord-de-la-crise-de-nerfs#breadcrumb","itemListElement":[{"@type":"ListItem","position":1,"name":"Accueil","item":"https:\/\/www.neufmois.fr\/les-confessions\/"},{"@type":"ListItem","position":2,"name":"Maman au bord de la crise de nerfs"}]},{"@type":"WebSite","@id":"https:\/\/www.neufmois.fr\/les-confessions\/#website","url":"https:\/\/www.neufmois.fr\/les-confessions\/","name":"Les confessions","description":" Les confessions","potentialAction":[{"@type":"SearchAction","target":{"@type":"EntryPoint","urlTemplate":"https:\/\/www.neufmois.fr\/les-confessions\/?s={search_term_string}"},"query-input":"required name=search_term_string"}],"inLanguage":"fr-FR"},{"@type":"Person","@id":"https:\/\/www.neufmois.fr\/les-confessions\/#\/schema\/person\/893fe127c653ae6741f53a67962f8b5d","name":"maman anonyme","image":{"@type":"ImageObject","inLanguage":"fr-FR","@id":"https:\/\/www.neufmois.fr\/les-confessions\/#\/schema\/person\/image\/","url":"https:\/\/secure.gravatar.com\/avatar\/e4b3abeefeb17983433f333a4c54f394?s=96&d=mm&r=g","contentUrl":"https:\/\/secure.gravatar.com\/avatar\/e4b3abeefeb17983433f333a4c54f394?s=96&d=mm&r=g","caption":"maman anonyme"},"url":"https:\/\/www.neufmois.fr\/les-confessions\/author\/anonyme"}]}},"amp_enabled":true,"_links":{"self":[{"href":"https:\/\/www.neufmois.fr\/les-confessions\/wp-json\/wp\/v2\/posts\/350"}],"collection":[{"href":"https:\/\/www.neufmois.fr\/les-confessions\/wp-json\/wp\/v2\/posts"}],"about":[{"href":"https:\/\/www.neufmois.fr\/les-confessions\/wp-json\/wp\/v2\/types\/post"}],"author":[{"embeddable":true,"href":"https:\/\/www.neufmois.fr\/les-confessions\/wp-json\/wp\/v2\/users\/461446"}],"replies":[{"embeddable":true,"href":"https:\/\/www.neufmois.fr\/les-confessions\/wp-json\/wp\/v2\/comments?post=350"}],"version-history":[{"count":0,"href":"https:\/\/www.neufmois.fr\/les-confessions\/wp-json\/wp\/v2\/posts\/350\/revisions"}],"wp:attachment":[{"href":"https:\/\/www.neufmois.fr\/les-confessions\/wp-json\/wp\/v2\/media?parent=350"}],"wp:term":[{"taxonomy":"category","embeddable":true,"href":"https:\/\/www.neufmois.fr\/les-confessions\/wp-json\/wp\/v2\/categories?post=350"},{"taxonomy":"post_tag","embeddable":true,"href":"https:\/\/www.neufmois.fr\/les-confessions\/wp-json\/wp\/v2\/tags?post=350"}],"curies":[{"name":"wp","href":"https:\/\/api.w.org\/{rel}","templated":true}]}}