{"id":348,"date":"2011-03-30T15:59:00","date_gmt":"2011-03-30T15:59:00","guid":{"rendered":"https:\/\/www.neufmois.fr\/les-confessions\/?p=348"},"modified":"2011-03-30T15:59:00","modified_gmt":"2011-03-30T15:59:00","slug":"nos-mamans","status":"publish","type":"post","link":"https:\/\/www.neufmois.fr\/les-confessions\/nos-mamans","title":{"rendered":"Nos mamans"},"content":{"rendered":"<p>Salut les mamans, je vous explique ma m\u00e8re m&rsquo;a mise \u00e0 la porte \u00e0 18 ans, j&rsquo;ai v\u00e9cu 4 mois dans la rue et apr\u00e8s chez une copine, maintenant j&rsquo;ai 23 ans, je vis avec mon conjoint et je suis enceinte de 7 mois et depuis que ma m\u00e8re m&rsquo;a mise dehors, je n&rsquo;ai plus aucun contact avec elle, elle dit que :\u00a0\u00bbque je suis morte et enterr\u00e9e pour elle\u00a0\u00bb, je sais c&rsquo;est dur \u00e0 entendre et je vous promets que moi, \u00e9tant future maman je n&rsquo;arrive toujours pas \u00e0 comprendre pourquoi elle m&rsquo;a fait \u00e7a, car je n&rsquo;ai jamais eu aucune explication pourquoi \u00ab\u00a0la rue\u00a0\u00bb et pourquoi elle a \u00e9t\u00e9 mechante avec moi depuis toute petite&#8230;??? Tout plein de questions que je me pose&#8230; enfance pas facile meme douleureuse je peux dire&#8230;je n&rsquo;ai jamais connu mon pere, j&rsquo;ai eu un beau pere mais qui ne m&rsquo;a jamais port\u00e9 dans son coeur(\u00e0 mon avis)sinon je pense qu&rsquo;il aurait fait le n\u00e9cessaire pour que je reprenne contact avec ma m\u00e8re&#8230; et l\u00e0 au jour d&rsquo;aujourd&rsquo;hui j&rsquo;ai une petite soeur de 13 ans et un petit fr\u00e8re de 8 ans que je n&rsquo;ai pas vu depuis 5 ans, ils me manquent trop et je me demande \u00e0 quoi ils ressemblent. Ma m\u00e8re refuse qu&rsquo;ils prennent contact avec moi, et maintenant j&rsquo;en souffre beaucoup car ma fille va etre parmis nous pour le mois de juin et je ne vais m\u00eame pas avoir la joie de la presenter \u00e0 eux&#8230;<\/p>\n","protected":false},"excerpt":{"rendered":"<p>Salut les mamans, je vous explique ma m\u00e8re m&rsquo;a mise \u00e0 la porte \u00e0 18 ans, j&rsquo;ai v\u00e9cu 4 mois dans la rue et apr\u00e8s chez une copine, maintenant j&rsquo;ai 23 ans, je vis avec mon conjoint et je suis enceinte de 7 mois et depuis que ma m\u00e8re m&rsquo;a mise dehors, je n&rsquo;ai plus aucun contact avec elle, elle dit que :\u00a0\u00bbque je suis morte et enterr\u00e9e pour elle\u00a0\u00bb, je sais c&rsquo;est dur \u00e0 entendre et je vous promets que moi, \u00e9tant future maman je n&rsquo;arrive toujours pas \u00e0<\/p>\n","protected":false},"author":461446,"featured_media":0,"comment_status":"open","ping_status":"open","sticky":false,"template":"","format":"standard","meta":[],"categories":[1],"tags":[],"yoast_head":"<!-- This site is optimized with the Yoast SEO plugin v20.4 - https:\/\/yoast.com\/wordpress\/plugins\/seo\/ -->\n<title>Nos mamans - Les confessions<\/title>\n<meta name=\"robots\" content=\"index, follow, max-snippet:-1, max-image-preview:large, max-video-preview:-1\" \/>\n<link rel=\"canonical\" href=\"https:\/\/www.neufmois.fr\/les-confessions\/nos-mamans\" \/>\n<meta property=\"og:locale\" content=\"fr_FR\" \/>\n<meta property=\"og:type\" content=\"article\" \/>\n<meta property=\"og:title\" content=\"Nos mamans - Les confessions\" \/>\n<meta property=\"og:description\" content=\"Salut les mamans, je vous explique ma m\u00e8re m&rsquo;a mise \u00e0 la porte \u00e0 18 ans, j&rsquo;ai v\u00e9cu 4 mois dans la rue et apr\u00e8s chez une copine, maintenant j&rsquo;ai 23 ans, je vis avec mon conjoint et je suis enceinte de 7 mois et depuis que ma m\u00e8re m&rsquo;a mise dehors, je n&rsquo;ai plus aucun contact avec elle, elle dit que :\u00a0\u00bbque je suis morte et enterr\u00e9e pour elle\u00a0\u00bb, je sais c&rsquo;est dur \u00e0 entendre et je vous promets que moi, \u00e9tant future maman je n&rsquo;arrive toujours pas \u00e0\" \/>\n<meta property=\"og:url\" content=\"https:\/\/www.neufmois.fr\/les-confessions\/nos-mamans\" \/>\n<meta property=\"og:site_name\" content=\"Les confessions\" \/>\n<meta property=\"article:published_time\" content=\"2011-03-30T15:59:00+00:00\" \/>\n<meta name=\"author\" content=\"maman anonyme\" \/>\n<meta name=\"twitter:card\" content=\"summary_large_image\" \/>\n<meta name=\"twitter:label1\" content=\"\u00c9crit par\" \/>\n\t<meta name=\"twitter:data1\" content=\"maman anonyme\" \/>\n\t<meta name=\"twitter:label2\" content=\"Dur\u00e9e de lecture estim\u00e9e\" \/>\n\t<meta name=\"twitter:data2\" content=\"1 minute\" \/>\n<script type=\"application\/ld+json\" class=\"yoast-schema-graph\">{\"@context\":\"https:\/\/schema.org\",\"@graph\":[{\"@type\":\"WebPage\",\"@id\":\"https:\/\/www.neufmois.fr\/les-confessions\/nos-mamans\",\"url\":\"https:\/\/www.neufmois.fr\/les-confessions\/nos-mamans\",\"name\":\"Nos mamans - Les confessions\",\"isPartOf\":{\"@id\":\"https:\/\/www.neufmois.fr\/les-confessions\/#website\"},\"datePublished\":\"2011-03-30T15:59:00+00:00\",\"dateModified\":\"2011-03-30T15:59:00+00:00\",\"author\":{\"@id\":\"https:\/\/www.neufmois.fr\/les-confessions\/#\/schema\/person\/893fe127c653ae6741f53a67962f8b5d\"},\"breadcrumb\":{\"@id\":\"https:\/\/www.neufmois.fr\/les-confessions\/nos-mamans#breadcrumb\"},\"inLanguage\":\"fr-FR\",\"potentialAction\":[{\"@type\":\"ReadAction\",\"target\":[\"https:\/\/www.neufmois.fr\/les-confessions\/nos-mamans\"]}]},{\"@type\":\"BreadcrumbList\",\"@id\":\"https:\/\/www.neufmois.fr\/les-confessions\/nos-mamans#breadcrumb\",\"itemListElement\":[{\"@type\":\"ListItem\",\"position\":1,\"name\":\"Accueil\",\"item\":\"https:\/\/www.neufmois.fr\/les-confessions\/\"},{\"@type\":\"ListItem\",\"position\":2,\"name\":\"Nos mamans\"}]},{\"@type\":\"WebSite\",\"@id\":\"https:\/\/www.neufmois.fr\/les-confessions\/#website\",\"url\":\"https:\/\/www.neufmois.fr\/les-confessions\/\",\"name\":\"Les confessions\",\"description\":\" Les confessions\",\"potentialAction\":[{\"@type\":\"SearchAction\",\"target\":{\"@type\":\"EntryPoint\",\"urlTemplate\":\"https:\/\/www.neufmois.fr\/les-confessions\/?s={search_term_string}\"},\"query-input\":\"required name=search_term_string\"}],\"inLanguage\":\"fr-FR\"},{\"@type\":\"Person\",\"@id\":\"https:\/\/www.neufmois.fr\/les-confessions\/#\/schema\/person\/893fe127c653ae6741f53a67962f8b5d\",\"name\":\"maman anonyme\",\"image\":{\"@type\":\"ImageObject\",\"inLanguage\":\"fr-FR\",\"@id\":\"https:\/\/www.neufmois.fr\/les-confessions\/#\/schema\/person\/image\/\",\"url\":\"https:\/\/secure.gravatar.com\/avatar\/e4b3abeefeb17983433f333a4c54f394?s=96&d=mm&r=g\",\"contentUrl\":\"https:\/\/secure.gravatar.com\/avatar\/e4b3abeefeb17983433f333a4c54f394?s=96&d=mm&r=g\",\"caption\":\"maman anonyme\"},\"url\":\"https:\/\/www.neufmois.fr\/les-confessions\/author\/anonyme\"}]}<\/script>\n<!-- \/ Yoast SEO plugin. -->","yoast_head_json":{"title":"Nos mamans - Les confessions","robots":{"index":"index","follow":"follow","max-snippet":"max-snippet:-1","max-image-preview":"max-image-preview:large","max-video-preview":"max-video-preview:-1"},"canonical":"https:\/\/www.neufmois.fr\/les-confessions\/nos-mamans","og_locale":"fr_FR","og_type":"article","og_title":"Nos mamans - Les confessions","og_description":"Salut les mamans, je vous explique ma m\u00e8re m&rsquo;a mise \u00e0 la porte \u00e0 18 ans, j&rsquo;ai v\u00e9cu 4 mois dans la rue et apr\u00e8s chez une copine, maintenant j&rsquo;ai 23 ans, je vis avec mon conjoint et je suis enceinte de 7 mois et depuis que ma m\u00e8re m&rsquo;a mise dehors, je n&rsquo;ai plus aucun contact avec elle, elle dit que :\u00a0\u00bbque je suis morte et enterr\u00e9e pour elle\u00a0\u00bb, je sais c&rsquo;est dur \u00e0 entendre et je vous promets que moi, \u00e9tant future maman je n&rsquo;arrive toujours pas \u00e0","og_url":"https:\/\/www.neufmois.fr\/les-confessions\/nos-mamans","og_site_name":"Les confessions","article_published_time":"2011-03-30T15:59:00+00:00","author":"maman anonyme","twitter_card":"summary_large_image","twitter_misc":{"\u00c9crit par":"maman anonyme","Dur\u00e9e de lecture estim\u00e9e":"1 minute"},"schema":{"@context":"https:\/\/schema.org","@graph":[{"@type":"WebPage","@id":"https:\/\/www.neufmois.fr\/les-confessions\/nos-mamans","url":"https:\/\/www.neufmois.fr\/les-confessions\/nos-mamans","name":"Nos mamans - Les confessions","isPartOf":{"@id":"https:\/\/www.neufmois.fr\/les-confessions\/#website"},"datePublished":"2011-03-30T15:59:00+00:00","dateModified":"2011-03-30T15:59:00+00:00","author":{"@id":"https:\/\/www.neufmois.fr\/les-confessions\/#\/schema\/person\/893fe127c653ae6741f53a67962f8b5d"},"breadcrumb":{"@id":"https:\/\/www.neufmois.fr\/les-confessions\/nos-mamans#breadcrumb"},"inLanguage":"fr-FR","potentialAction":[{"@type":"ReadAction","target":["https:\/\/www.neufmois.fr\/les-confessions\/nos-mamans"]}]},{"@type":"BreadcrumbList","@id":"https:\/\/www.neufmois.fr\/les-confessions\/nos-mamans#breadcrumb","itemListElement":[{"@type":"ListItem","position":1,"name":"Accueil","item":"https:\/\/www.neufmois.fr\/les-confessions\/"},{"@type":"ListItem","position":2,"name":"Nos mamans"}]},{"@type":"WebSite","@id":"https:\/\/www.neufmois.fr\/les-confessions\/#website","url":"https:\/\/www.neufmois.fr\/les-confessions\/","name":"Les confessions","description":" Les confessions","potentialAction":[{"@type":"SearchAction","target":{"@type":"EntryPoint","urlTemplate":"https:\/\/www.neufmois.fr\/les-confessions\/?s={search_term_string}"},"query-input":"required name=search_term_string"}],"inLanguage":"fr-FR"},{"@type":"Person","@id":"https:\/\/www.neufmois.fr\/les-confessions\/#\/schema\/person\/893fe127c653ae6741f53a67962f8b5d","name":"maman anonyme","image":{"@type":"ImageObject","inLanguage":"fr-FR","@id":"https:\/\/www.neufmois.fr\/les-confessions\/#\/schema\/person\/image\/","url":"https:\/\/secure.gravatar.com\/avatar\/e4b3abeefeb17983433f333a4c54f394?s=96&d=mm&r=g","contentUrl":"https:\/\/secure.gravatar.com\/avatar\/e4b3abeefeb17983433f333a4c54f394?s=96&d=mm&r=g","caption":"maman anonyme"},"url":"https:\/\/www.neufmois.fr\/les-confessions\/author\/anonyme"}]}},"amp_enabled":true,"_links":{"self":[{"href":"https:\/\/www.neufmois.fr\/les-confessions\/wp-json\/wp\/v2\/posts\/348"}],"collection":[{"href":"https:\/\/www.neufmois.fr\/les-confessions\/wp-json\/wp\/v2\/posts"}],"about":[{"href":"https:\/\/www.neufmois.fr\/les-confessions\/wp-json\/wp\/v2\/types\/post"}],"author":[{"embeddable":true,"href":"https:\/\/www.neufmois.fr\/les-confessions\/wp-json\/wp\/v2\/users\/461446"}],"replies":[{"embeddable":true,"href":"https:\/\/www.neufmois.fr\/les-confessions\/wp-json\/wp\/v2\/comments?post=348"}],"version-history":[{"count":0,"href":"https:\/\/www.neufmois.fr\/les-confessions\/wp-json\/wp\/v2\/posts\/348\/revisions"}],"wp:attachment":[{"href":"https:\/\/www.neufmois.fr\/les-confessions\/wp-json\/wp\/v2\/media?parent=348"}],"wp:term":[{"taxonomy":"category","embeddable":true,"href":"https:\/\/www.neufmois.fr\/les-confessions\/wp-json\/wp\/v2\/categories?post=348"},{"taxonomy":"post_tag","embeddable":true,"href":"https:\/\/www.neufmois.fr\/les-confessions\/wp-json\/wp\/v2\/tags?post=348"}],"curies":[{"name":"wp","href":"https:\/\/api.w.org\/{rel}","templated":true}]}}