{"id":344,"date":"2011-04-04T11:43:00","date_gmt":"2011-04-04T11:43:00","guid":{"rendered":"https:\/\/www.neufmois.fr\/les-confessions\/?p=344"},"modified":"2011-04-04T11:43:00","modified_gmt":"2011-04-04T11:43:00","slug":"mal-mal-mal","status":"publish","type":"post","link":"https:\/\/www.neufmois.fr\/les-confessions\/mal-mal-mal","title":{"rendered":"Mal mal mal"},"content":{"rendered":"<p>Coucou \u00e0 toutes. Si je vous \u00e9cris, c&rsquo;est pour savoir s&rsquo;il y a des femmes qui sont ou ont \u00e9t\u00e9 dans le m\u00eame cas que moi. Je vous explique : J&rsquo;ai accouch\u00e9 il y a maintenant 8 jours par voie basse avec utilisation de la ventouse. Mais le probl\u00e8me, c&rsquo;est que j&rsquo;ai tr\u00e8s mal en bas au niveau du vagin. Les fils me font tr\u00e8s mal, j&rsquo;ai \u00e9t\u00e9 recousue \u00e0 l&rsquo;int\u00e9rieur et aux petites levres, puis j&rsquo;ai de tr\u00e8s gros h\u00e9morroides qui me brulent. Ce qui fait qu&rsquo;entre les fils devant et les h\u00e9morroides derri\u00e8res je n&rsquo;en peux plus, quand je fais pipi, ca me br\u00fble je suis oblig\u00e9e de vider une bouteille d&rsquo;eau en m\u00eame temps. J&rsquo;ai une douleur constante me prenant tout l&rsquo;ut\u00e9rus. Et cerise sur le gateau je n&rsquo;ai pas eu de selles depuis le jour de l&rsquo;accouchement. Je n&rsquo;en peux plus et ca me fais vraiment peur, j&rsquo;aimerai savoir s&rsquo;il y a des femmes ayant d\u00e9j\u00e0 v\u00e9cu tout ceci . Ou pas . Histoire de me rassurer . Ou pas . MERCI D&rsquo;AVANCE A VOUS LES FILLES<\/p>\n","protected":false},"excerpt":{"rendered":"<p>Coucou \u00e0 toutes. Si je vous \u00e9cris, c&rsquo;est pour savoir s&rsquo;il y a des femmes qui sont ou ont \u00e9t\u00e9 dans le m\u00eame cas que moi. Je vous explique : J&rsquo;ai accouch\u00e9 il y a maintenant 8 jours par voie basse avec utilisation de la ventouse. Mais le probl\u00e8me, c&rsquo;est que j&rsquo;ai tr\u00e8s mal en bas au niveau du vagin. Les fils me font tr\u00e8s mal, j&rsquo;ai \u00e9t\u00e9 recousue \u00e0 l&rsquo;int\u00e9rieur et aux petites levres, puis j&rsquo;ai de tr\u00e8s gros h\u00e9morroides qui me brulent. Ce qui fait qu&rsquo;entre les fils<\/p>\n","protected":false},"author":461446,"featured_media":0,"comment_status":"open","ping_status":"open","sticky":false,"template":"","format":"standard","meta":[],"categories":[1],"tags":[],"yoast_head":"<!-- This site is optimized with the Yoast SEO plugin v20.4 - https:\/\/yoast.com\/wordpress\/plugins\/seo\/ -->\n<title>Mal mal mal - Les confessions<\/title>\n<meta name=\"robots\" content=\"index, follow, max-snippet:-1, max-image-preview:large, max-video-preview:-1\" \/>\n<link rel=\"canonical\" href=\"https:\/\/www.neufmois.fr\/les-confessions\/mal-mal-mal\" \/>\n<meta property=\"og:locale\" content=\"fr_FR\" \/>\n<meta property=\"og:type\" content=\"article\" \/>\n<meta property=\"og:title\" content=\"Mal mal mal - Les confessions\" \/>\n<meta property=\"og:description\" content=\"Coucou \u00e0 toutes. Si je vous \u00e9cris, c&rsquo;est pour savoir s&rsquo;il y a des femmes qui sont ou ont \u00e9t\u00e9 dans le m\u00eame cas que moi. Je vous explique : J&rsquo;ai accouch\u00e9 il y a maintenant 8 jours par voie basse avec utilisation de la ventouse. Mais le probl\u00e8me, c&rsquo;est que j&rsquo;ai tr\u00e8s mal en bas au niveau du vagin. Les fils me font tr\u00e8s mal, j&rsquo;ai \u00e9t\u00e9 recousue \u00e0 l&rsquo;int\u00e9rieur et aux petites levres, puis j&rsquo;ai de tr\u00e8s gros h\u00e9morroides qui me brulent. Ce qui fait qu&rsquo;entre les fils\" \/>\n<meta property=\"og:url\" content=\"https:\/\/www.neufmois.fr\/les-confessions\/mal-mal-mal\" \/>\n<meta property=\"og:site_name\" content=\"Les confessions\" \/>\n<meta property=\"article:published_time\" content=\"2011-04-04T11:43:00+00:00\" \/>\n<meta name=\"author\" content=\"maman anonyme\" \/>\n<meta name=\"twitter:card\" content=\"summary_large_image\" \/>\n<meta name=\"twitter:label1\" content=\"\u00c9crit par\" \/>\n\t<meta name=\"twitter:data1\" content=\"maman anonyme\" \/>\n\t<meta name=\"twitter:label2\" content=\"Dur\u00e9e de lecture estim\u00e9e\" \/>\n\t<meta name=\"twitter:data2\" content=\"1 minute\" \/>\n<script type=\"application\/ld+json\" class=\"yoast-schema-graph\">{\"@context\":\"https:\/\/schema.org\",\"@graph\":[{\"@type\":\"WebPage\",\"@id\":\"https:\/\/www.neufmois.fr\/les-confessions\/mal-mal-mal\",\"url\":\"https:\/\/www.neufmois.fr\/les-confessions\/mal-mal-mal\",\"name\":\"Mal mal mal - Les confessions\",\"isPartOf\":{\"@id\":\"https:\/\/www.neufmois.fr\/les-confessions\/#website\"},\"datePublished\":\"2011-04-04T11:43:00+00:00\",\"dateModified\":\"2011-04-04T11:43:00+00:00\",\"author\":{\"@id\":\"https:\/\/www.neufmois.fr\/les-confessions\/#\/schema\/person\/893fe127c653ae6741f53a67962f8b5d\"},\"breadcrumb\":{\"@id\":\"https:\/\/www.neufmois.fr\/les-confessions\/mal-mal-mal#breadcrumb\"},\"inLanguage\":\"fr-FR\",\"potentialAction\":[{\"@type\":\"ReadAction\",\"target\":[\"https:\/\/www.neufmois.fr\/les-confessions\/mal-mal-mal\"]}]},{\"@type\":\"BreadcrumbList\",\"@id\":\"https:\/\/www.neufmois.fr\/les-confessions\/mal-mal-mal#breadcrumb\",\"itemListElement\":[{\"@type\":\"ListItem\",\"position\":1,\"name\":\"Accueil\",\"item\":\"https:\/\/www.neufmois.fr\/les-confessions\/\"},{\"@type\":\"ListItem\",\"position\":2,\"name\":\"Mal mal mal\"}]},{\"@type\":\"WebSite\",\"@id\":\"https:\/\/www.neufmois.fr\/les-confessions\/#website\",\"url\":\"https:\/\/www.neufmois.fr\/les-confessions\/\",\"name\":\"Les confessions\",\"description\":\" Les confessions\",\"potentialAction\":[{\"@type\":\"SearchAction\",\"target\":{\"@type\":\"EntryPoint\",\"urlTemplate\":\"https:\/\/www.neufmois.fr\/les-confessions\/?s={search_term_string}\"},\"query-input\":\"required name=search_term_string\"}],\"inLanguage\":\"fr-FR\"},{\"@type\":\"Person\",\"@id\":\"https:\/\/www.neufmois.fr\/les-confessions\/#\/schema\/person\/893fe127c653ae6741f53a67962f8b5d\",\"name\":\"maman anonyme\",\"image\":{\"@type\":\"ImageObject\",\"inLanguage\":\"fr-FR\",\"@id\":\"https:\/\/www.neufmois.fr\/les-confessions\/#\/schema\/person\/image\/\",\"url\":\"https:\/\/secure.gravatar.com\/avatar\/e4b3abeefeb17983433f333a4c54f394?s=96&d=mm&r=g\",\"contentUrl\":\"https:\/\/secure.gravatar.com\/avatar\/e4b3abeefeb17983433f333a4c54f394?s=96&d=mm&r=g\",\"caption\":\"maman anonyme\"},\"url\":\"https:\/\/www.neufmois.fr\/les-confessions\/author\/anonyme\"}]}<\/script>\n<!-- \/ Yoast SEO plugin. -->","yoast_head_json":{"title":"Mal mal mal - Les confessions","robots":{"index":"index","follow":"follow","max-snippet":"max-snippet:-1","max-image-preview":"max-image-preview:large","max-video-preview":"max-video-preview:-1"},"canonical":"https:\/\/www.neufmois.fr\/les-confessions\/mal-mal-mal","og_locale":"fr_FR","og_type":"article","og_title":"Mal mal mal - Les confessions","og_description":"Coucou \u00e0 toutes. Si je vous \u00e9cris, c&rsquo;est pour savoir s&rsquo;il y a des femmes qui sont ou ont \u00e9t\u00e9 dans le m\u00eame cas que moi. Je vous explique : J&rsquo;ai accouch\u00e9 il y a maintenant 8 jours par voie basse avec utilisation de la ventouse. Mais le probl\u00e8me, c&rsquo;est que j&rsquo;ai tr\u00e8s mal en bas au niveau du vagin. Les fils me font tr\u00e8s mal, j&rsquo;ai \u00e9t\u00e9 recousue \u00e0 l&rsquo;int\u00e9rieur et aux petites levres, puis j&rsquo;ai de tr\u00e8s gros h\u00e9morroides qui me brulent. Ce qui fait qu&rsquo;entre les fils","og_url":"https:\/\/www.neufmois.fr\/les-confessions\/mal-mal-mal","og_site_name":"Les confessions","article_published_time":"2011-04-04T11:43:00+00:00","author":"maman anonyme","twitter_card":"summary_large_image","twitter_misc":{"\u00c9crit par":"maman anonyme","Dur\u00e9e de lecture estim\u00e9e":"1 minute"},"schema":{"@context":"https:\/\/schema.org","@graph":[{"@type":"WebPage","@id":"https:\/\/www.neufmois.fr\/les-confessions\/mal-mal-mal","url":"https:\/\/www.neufmois.fr\/les-confessions\/mal-mal-mal","name":"Mal mal mal - Les confessions","isPartOf":{"@id":"https:\/\/www.neufmois.fr\/les-confessions\/#website"},"datePublished":"2011-04-04T11:43:00+00:00","dateModified":"2011-04-04T11:43:00+00:00","author":{"@id":"https:\/\/www.neufmois.fr\/les-confessions\/#\/schema\/person\/893fe127c653ae6741f53a67962f8b5d"},"breadcrumb":{"@id":"https:\/\/www.neufmois.fr\/les-confessions\/mal-mal-mal#breadcrumb"},"inLanguage":"fr-FR","potentialAction":[{"@type":"ReadAction","target":["https:\/\/www.neufmois.fr\/les-confessions\/mal-mal-mal"]}]},{"@type":"BreadcrumbList","@id":"https:\/\/www.neufmois.fr\/les-confessions\/mal-mal-mal#breadcrumb","itemListElement":[{"@type":"ListItem","position":1,"name":"Accueil","item":"https:\/\/www.neufmois.fr\/les-confessions\/"},{"@type":"ListItem","position":2,"name":"Mal mal mal"}]},{"@type":"WebSite","@id":"https:\/\/www.neufmois.fr\/les-confessions\/#website","url":"https:\/\/www.neufmois.fr\/les-confessions\/","name":"Les confessions","description":" Les confessions","potentialAction":[{"@type":"SearchAction","target":{"@type":"EntryPoint","urlTemplate":"https:\/\/www.neufmois.fr\/les-confessions\/?s={search_term_string}"},"query-input":"required name=search_term_string"}],"inLanguage":"fr-FR"},{"@type":"Person","@id":"https:\/\/www.neufmois.fr\/les-confessions\/#\/schema\/person\/893fe127c653ae6741f53a67962f8b5d","name":"maman anonyme","image":{"@type":"ImageObject","inLanguage":"fr-FR","@id":"https:\/\/www.neufmois.fr\/les-confessions\/#\/schema\/person\/image\/","url":"https:\/\/secure.gravatar.com\/avatar\/e4b3abeefeb17983433f333a4c54f394?s=96&d=mm&r=g","contentUrl":"https:\/\/secure.gravatar.com\/avatar\/e4b3abeefeb17983433f333a4c54f394?s=96&d=mm&r=g","caption":"maman anonyme"},"url":"https:\/\/www.neufmois.fr\/les-confessions\/author\/anonyme"}]}},"amp_enabled":true,"_links":{"self":[{"href":"https:\/\/www.neufmois.fr\/les-confessions\/wp-json\/wp\/v2\/posts\/344"}],"collection":[{"href":"https:\/\/www.neufmois.fr\/les-confessions\/wp-json\/wp\/v2\/posts"}],"about":[{"href":"https:\/\/www.neufmois.fr\/les-confessions\/wp-json\/wp\/v2\/types\/post"}],"author":[{"embeddable":true,"href":"https:\/\/www.neufmois.fr\/les-confessions\/wp-json\/wp\/v2\/users\/461446"}],"replies":[{"embeddable":true,"href":"https:\/\/www.neufmois.fr\/les-confessions\/wp-json\/wp\/v2\/comments?post=344"}],"version-history":[{"count":0,"href":"https:\/\/www.neufmois.fr\/les-confessions\/wp-json\/wp\/v2\/posts\/344\/revisions"}],"wp:attachment":[{"href":"https:\/\/www.neufmois.fr\/les-confessions\/wp-json\/wp\/v2\/media?parent=344"}],"wp:term":[{"taxonomy":"category","embeddable":true,"href":"https:\/\/www.neufmois.fr\/les-confessions\/wp-json\/wp\/v2\/categories?post=344"},{"taxonomy":"post_tag","embeddable":true,"href":"https:\/\/www.neufmois.fr\/les-confessions\/wp-json\/wp\/v2\/tags?post=344"}],"curies":[{"name":"wp","href":"https:\/\/api.w.org\/{rel}","templated":true}]}}