{"id":328,"date":"2011-06-07T10:21:00","date_gmt":"2011-06-07T10:21:00","guid":{"rendered":"https:\/\/www.neufmois.fr\/les-confessions\/?p=328"},"modified":"2011-06-07T10:21:00","modified_gmt":"2011-06-07T10:21:00","slug":"besoin-den-parler","status":"publish","type":"post","link":"https:\/\/www.neufmois.fr\/les-confessions\/besoin-den-parler","title":{"rendered":"Besoin d&rsquo;en parler!"},"content":{"rendered":"<p>Voil\u00e0, je suis une jeune maman de 22 ans et a un b\u00e9b\u00e9 de 7 mois (qui est d\u00e9sir\u00e9). Depuis que mon fils est n\u00e9 il a de violentes crises de coliques, on a essay\u00e9 l&rsquo;hom\u00e9o, le changement de lait, l&rsquo;ost\u00e9o, le gripe water, le calmosine, les massages&#8230;enfin presque tout je pense, le souci c&rsquo;est qu&rsquo;\u00e0 chaque crise de mon fils, mon copain et moi on s&rsquo;engueule, il est impatient et ne supporte pas ses pleurs. Moi j&rsquo;essaye de le calmer mais la fatigue et la douleur de mon fils font que parfois je reponds agressivement \u00e0 ses questions. Il ne comprend pas que bien que je ne travaille pas, je puisse \u00eatre fatigu\u00e9e (mon fils n&rsquo;a fait aucune nuit depuis qu&rsquo;il est n\u00e9). Il m&rsquo;insulte et reste allong\u00e9 sur le canap\u00e9 pendant que son fils hurle de douleur sans essayer de le calmer, alors forc\u00e9ment \u00e7a m&rsquo;insupporte! A part ses engueulades on s&rsquo;entend bien et s&rsquo;aiment profondement, mais tant que mon fils aura ses crises on se prendra la t\u00eate! Le lendemain on s&rsquo;explique et \u00e7a va mieux. Je n&rsquo;arrive pas \u00e0 comprendre ses r\u00e9actions!!! <\/p>\n","protected":false},"excerpt":{"rendered":"<p>Voil\u00e0, je suis une jeune maman de 22 ans et a un b\u00e9b\u00e9 de 7 mois (qui est d\u00e9sir\u00e9). Depuis que mon fils est n\u00e9 il a de violentes crises de coliques, on a essay\u00e9 l&rsquo;hom\u00e9o, le changement de lait, l&rsquo;ost\u00e9o, le gripe water, le calmosine, les massages&#8230;enfin presque tout je pense, le souci c&rsquo;est qu&rsquo;\u00e0 chaque crise de mon fils, mon copain et moi on s&rsquo;engueule, il est impatient et ne supporte pas ses pleurs. Moi j&rsquo;essaye de le calmer mais la fatigue et la douleur de mon fils<\/p>\n","protected":false},"author":461446,"featured_media":0,"comment_status":"open","ping_status":"open","sticky":false,"template":"","format":"standard","meta":[],"categories":[1],"tags":[],"yoast_head":"<!-- This site is optimized with the Yoast SEO plugin v20.4 - https:\/\/yoast.com\/wordpress\/plugins\/seo\/ -->\n<title>Besoin d&#039;en parler! - Les confessions<\/title>\n<meta name=\"robots\" content=\"index, follow, max-snippet:-1, max-image-preview:large, max-video-preview:-1\" \/>\n<link rel=\"canonical\" href=\"https:\/\/www.neufmois.fr\/les-confessions\/besoin-den-parler\" \/>\n<meta property=\"og:locale\" content=\"fr_FR\" \/>\n<meta property=\"og:type\" content=\"article\" \/>\n<meta property=\"og:title\" content=\"Besoin d&#039;en parler! - Les confessions\" \/>\n<meta property=\"og:description\" content=\"Voil\u00e0, je suis une jeune maman de 22 ans et a un b\u00e9b\u00e9 de 7 mois (qui est d\u00e9sir\u00e9). Depuis que mon fils est n\u00e9 il a de violentes crises de coliques, on a essay\u00e9 l&rsquo;hom\u00e9o, le changement de lait, l&rsquo;ost\u00e9o, le gripe water, le calmosine, les massages&#8230;enfin presque tout je pense, le souci c&rsquo;est qu&rsquo;\u00e0 chaque crise de mon fils, mon copain et moi on s&rsquo;engueule, il est impatient et ne supporte pas ses pleurs. Moi j&rsquo;essaye de le calmer mais la fatigue et la douleur de mon fils\" \/>\n<meta property=\"og:url\" content=\"https:\/\/www.neufmois.fr\/les-confessions\/besoin-den-parler\" \/>\n<meta property=\"og:site_name\" content=\"Les confessions\" \/>\n<meta property=\"article:published_time\" content=\"2011-06-07T10:21:00+00:00\" \/>\n<meta name=\"author\" content=\"maman anonyme\" \/>\n<meta name=\"twitter:card\" content=\"summary_large_image\" \/>\n<meta name=\"twitter:label1\" content=\"\u00c9crit par\" \/>\n\t<meta name=\"twitter:data1\" content=\"maman anonyme\" \/>\n\t<meta name=\"twitter:label2\" content=\"Dur\u00e9e de lecture estim\u00e9e\" \/>\n\t<meta name=\"twitter:data2\" content=\"1 minute\" \/>\n<script type=\"application\/ld+json\" class=\"yoast-schema-graph\">{\"@context\":\"https:\/\/schema.org\",\"@graph\":[{\"@type\":\"WebPage\",\"@id\":\"https:\/\/www.neufmois.fr\/les-confessions\/besoin-den-parler\",\"url\":\"https:\/\/www.neufmois.fr\/les-confessions\/besoin-den-parler\",\"name\":\"Besoin d'en parler! - Les confessions\",\"isPartOf\":{\"@id\":\"https:\/\/www.neufmois.fr\/les-confessions\/#website\"},\"datePublished\":\"2011-06-07T10:21:00+00:00\",\"dateModified\":\"2011-06-07T10:21:00+00:00\",\"author\":{\"@id\":\"https:\/\/www.neufmois.fr\/les-confessions\/#\/schema\/person\/893fe127c653ae6741f53a67962f8b5d\"},\"breadcrumb\":{\"@id\":\"https:\/\/www.neufmois.fr\/les-confessions\/besoin-den-parler#breadcrumb\"},\"inLanguage\":\"fr-FR\",\"potentialAction\":[{\"@type\":\"ReadAction\",\"target\":[\"https:\/\/www.neufmois.fr\/les-confessions\/besoin-den-parler\"]}]},{\"@type\":\"BreadcrumbList\",\"@id\":\"https:\/\/www.neufmois.fr\/les-confessions\/besoin-den-parler#breadcrumb\",\"itemListElement\":[{\"@type\":\"ListItem\",\"position\":1,\"name\":\"Accueil\",\"item\":\"https:\/\/www.neufmois.fr\/les-confessions\/\"},{\"@type\":\"ListItem\",\"position\":2,\"name\":\"Besoin d&rsquo;en parler!\"}]},{\"@type\":\"WebSite\",\"@id\":\"https:\/\/www.neufmois.fr\/les-confessions\/#website\",\"url\":\"https:\/\/www.neufmois.fr\/les-confessions\/\",\"name\":\"Les confessions\",\"description\":\" Les confessions\",\"potentialAction\":[{\"@type\":\"SearchAction\",\"target\":{\"@type\":\"EntryPoint\",\"urlTemplate\":\"https:\/\/www.neufmois.fr\/les-confessions\/?s={search_term_string}\"},\"query-input\":\"required name=search_term_string\"}],\"inLanguage\":\"fr-FR\"},{\"@type\":\"Person\",\"@id\":\"https:\/\/www.neufmois.fr\/les-confessions\/#\/schema\/person\/893fe127c653ae6741f53a67962f8b5d\",\"name\":\"maman anonyme\",\"image\":{\"@type\":\"ImageObject\",\"inLanguage\":\"fr-FR\",\"@id\":\"https:\/\/www.neufmois.fr\/les-confessions\/#\/schema\/person\/image\/\",\"url\":\"https:\/\/secure.gravatar.com\/avatar\/e4b3abeefeb17983433f333a4c54f394?s=96&d=mm&r=g\",\"contentUrl\":\"https:\/\/secure.gravatar.com\/avatar\/e4b3abeefeb17983433f333a4c54f394?s=96&d=mm&r=g\",\"caption\":\"maman anonyme\"},\"url\":\"https:\/\/www.neufmois.fr\/les-confessions\/author\/anonyme\"}]}<\/script>\n<!-- \/ Yoast SEO plugin. -->","yoast_head_json":{"title":"Besoin d'en parler! - Les confessions","robots":{"index":"index","follow":"follow","max-snippet":"max-snippet:-1","max-image-preview":"max-image-preview:large","max-video-preview":"max-video-preview:-1"},"canonical":"https:\/\/www.neufmois.fr\/les-confessions\/besoin-den-parler","og_locale":"fr_FR","og_type":"article","og_title":"Besoin d'en parler! - Les confessions","og_description":"Voil\u00e0, je suis une jeune maman de 22 ans et a un b\u00e9b\u00e9 de 7 mois (qui est d\u00e9sir\u00e9). Depuis que mon fils est n\u00e9 il a de violentes crises de coliques, on a essay\u00e9 l&rsquo;hom\u00e9o, le changement de lait, l&rsquo;ost\u00e9o, le gripe water, le calmosine, les massages&#8230;enfin presque tout je pense, le souci c&rsquo;est qu&rsquo;\u00e0 chaque crise de mon fils, mon copain et moi on s&rsquo;engueule, il est impatient et ne supporte pas ses pleurs. Moi j&rsquo;essaye de le calmer mais la fatigue et la douleur de mon fils","og_url":"https:\/\/www.neufmois.fr\/les-confessions\/besoin-den-parler","og_site_name":"Les confessions","article_published_time":"2011-06-07T10:21:00+00:00","author":"maman anonyme","twitter_card":"summary_large_image","twitter_misc":{"\u00c9crit par":"maman anonyme","Dur\u00e9e de lecture estim\u00e9e":"1 minute"},"schema":{"@context":"https:\/\/schema.org","@graph":[{"@type":"WebPage","@id":"https:\/\/www.neufmois.fr\/les-confessions\/besoin-den-parler","url":"https:\/\/www.neufmois.fr\/les-confessions\/besoin-den-parler","name":"Besoin d'en parler! - Les confessions","isPartOf":{"@id":"https:\/\/www.neufmois.fr\/les-confessions\/#website"},"datePublished":"2011-06-07T10:21:00+00:00","dateModified":"2011-06-07T10:21:00+00:00","author":{"@id":"https:\/\/www.neufmois.fr\/les-confessions\/#\/schema\/person\/893fe127c653ae6741f53a67962f8b5d"},"breadcrumb":{"@id":"https:\/\/www.neufmois.fr\/les-confessions\/besoin-den-parler#breadcrumb"},"inLanguage":"fr-FR","potentialAction":[{"@type":"ReadAction","target":["https:\/\/www.neufmois.fr\/les-confessions\/besoin-den-parler"]}]},{"@type":"BreadcrumbList","@id":"https:\/\/www.neufmois.fr\/les-confessions\/besoin-den-parler#breadcrumb","itemListElement":[{"@type":"ListItem","position":1,"name":"Accueil","item":"https:\/\/www.neufmois.fr\/les-confessions\/"},{"@type":"ListItem","position":2,"name":"Besoin d&rsquo;en parler!"}]},{"@type":"WebSite","@id":"https:\/\/www.neufmois.fr\/les-confessions\/#website","url":"https:\/\/www.neufmois.fr\/les-confessions\/","name":"Les confessions","description":" Les confessions","potentialAction":[{"@type":"SearchAction","target":{"@type":"EntryPoint","urlTemplate":"https:\/\/www.neufmois.fr\/les-confessions\/?s={search_term_string}"},"query-input":"required name=search_term_string"}],"inLanguage":"fr-FR"},{"@type":"Person","@id":"https:\/\/www.neufmois.fr\/les-confessions\/#\/schema\/person\/893fe127c653ae6741f53a67962f8b5d","name":"maman anonyme","image":{"@type":"ImageObject","inLanguage":"fr-FR","@id":"https:\/\/www.neufmois.fr\/les-confessions\/#\/schema\/person\/image\/","url":"https:\/\/secure.gravatar.com\/avatar\/e4b3abeefeb17983433f333a4c54f394?s=96&d=mm&r=g","contentUrl":"https:\/\/secure.gravatar.com\/avatar\/e4b3abeefeb17983433f333a4c54f394?s=96&d=mm&r=g","caption":"maman anonyme"},"url":"https:\/\/www.neufmois.fr\/les-confessions\/author\/anonyme"}]}},"amp_enabled":true,"_links":{"self":[{"href":"https:\/\/www.neufmois.fr\/les-confessions\/wp-json\/wp\/v2\/posts\/328"}],"collection":[{"href":"https:\/\/www.neufmois.fr\/les-confessions\/wp-json\/wp\/v2\/posts"}],"about":[{"href":"https:\/\/www.neufmois.fr\/les-confessions\/wp-json\/wp\/v2\/types\/post"}],"author":[{"embeddable":true,"href":"https:\/\/www.neufmois.fr\/les-confessions\/wp-json\/wp\/v2\/users\/461446"}],"replies":[{"embeddable":true,"href":"https:\/\/www.neufmois.fr\/les-confessions\/wp-json\/wp\/v2\/comments?post=328"}],"version-history":[{"count":0,"href":"https:\/\/www.neufmois.fr\/les-confessions\/wp-json\/wp\/v2\/posts\/328\/revisions"}],"wp:attachment":[{"href":"https:\/\/www.neufmois.fr\/les-confessions\/wp-json\/wp\/v2\/media?parent=328"}],"wp:term":[{"taxonomy":"category","embeddable":true,"href":"https:\/\/www.neufmois.fr\/les-confessions\/wp-json\/wp\/v2\/categories?post=328"},{"taxonomy":"post_tag","embeddable":true,"href":"https:\/\/www.neufmois.fr\/les-confessions\/wp-json\/wp\/v2\/tags?post=328"}],"curies":[{"name":"wp","href":"https:\/\/api.w.org\/{rel}","templated":true}]}}