{"id":327,"date":"2011-06-08T12:46:00","date_gmt":"2011-06-08T12:46:00","guid":{"rendered":"https:\/\/www.neufmois.fr\/les-confessions\/?p=327"},"modified":"2011-06-08T12:46:00","modified_gmt":"2011-06-08T12:46:00","slug":"enceinte-et-hepatite-virale","status":"publish","type":"post","link":"https:\/\/www.neufmois.fr\/les-confessions\/enceinte-et-hepatite-virale","title":{"rendered":"Enceinte et h\u00e9patite virale"},"content":{"rendered":"<p>Bonjour \u00e0 vous,<\/p>\n<p>Je viens de r\u00e9cup\u00e9rer mes examens du 6\u00e8me mois, je suis enceinte de 6mois, tout va bien sauf que concernant la recherche de l&rsquo;antig\u00e8ne HBs, c&rsquo;est positif. Est-ce que quelqu&rsquo;un s&rsquo;est d\u00e9j\u00e0 retrouv\u00e9 dans cette situation? Est-ce grave pour le b\u00e9b\u00e9? Le b\u00e9b\u00e9 peut se faire vacciner d\u00e8s la naissance? Apparemment je ne suis jamais tomb\u00e9e malade ni ressenti aucun symptome particulier de toute ma vie, aucun malaise ou quoique soit, est-ce que \u00e7a signifie que c&rsquo;est pas grave, donc c&rsquo;est endormi dans le corps? Merci pour vos r\u00e9ponses.<\/p>\n","protected":false},"excerpt":{"rendered":"<p>Bonjour \u00e0 vous, Je viens de r\u00e9cup\u00e9rer mes examens du 6\u00e8me mois, je suis enceinte de 6mois, tout va bien sauf que concernant la recherche de l&rsquo;antig\u00e8ne HBs, c&rsquo;est positif. Est-ce que quelqu&rsquo;un s&rsquo;est d\u00e9j\u00e0 retrouv\u00e9 dans cette situation? Est-ce grave pour le b\u00e9b\u00e9? Le b\u00e9b\u00e9 peut se faire vacciner d\u00e8s la naissance? Apparemment je ne suis jamais tomb\u00e9e malade ni ressenti aucun symptome particulier de toute ma vie, aucun malaise ou quoique soit, est-ce que \u00e7a signifie que c&rsquo;est pas grave, donc c&rsquo;est endormi dans le corps? Merci pour<\/p>\n","protected":false},"author":461446,"featured_media":0,"comment_status":"open","ping_status":"open","sticky":false,"template":"","format":"standard","meta":[],"categories":[1],"tags":[],"yoast_head":"<!-- This site is optimized with the Yoast SEO plugin v20.4 - https:\/\/yoast.com\/wordpress\/plugins\/seo\/ -->\n<title>Enceinte et h\u00e9patite virale  - Les confessions<\/title>\n<meta name=\"robots\" content=\"index, follow, max-snippet:-1, max-image-preview:large, max-video-preview:-1\" \/>\n<link rel=\"canonical\" href=\"https:\/\/www.neufmois.fr\/les-confessions\/enceinte-et-hepatite-virale\" \/>\n<meta property=\"og:locale\" content=\"fr_FR\" \/>\n<meta property=\"og:type\" content=\"article\" \/>\n<meta property=\"og:title\" content=\"Enceinte et h\u00e9patite virale  - Les confessions\" \/>\n<meta property=\"og:description\" content=\"Bonjour \u00e0 vous, Je viens de r\u00e9cup\u00e9rer mes examens du 6\u00e8me mois, je suis enceinte de 6mois, tout va bien sauf que concernant la recherche de l&rsquo;antig\u00e8ne HBs, c&rsquo;est positif. Est-ce que quelqu&rsquo;un s&rsquo;est d\u00e9j\u00e0 retrouv\u00e9 dans cette situation? Est-ce grave pour le b\u00e9b\u00e9? Le b\u00e9b\u00e9 peut se faire vacciner d\u00e8s la naissance? Apparemment je ne suis jamais tomb\u00e9e malade ni ressenti aucun symptome particulier de toute ma vie, aucun malaise ou quoique soit, est-ce que \u00e7a signifie que c&rsquo;est pas grave, donc c&rsquo;est endormi dans le corps? Merci pour\" \/>\n<meta property=\"og:url\" content=\"https:\/\/www.neufmois.fr\/les-confessions\/enceinte-et-hepatite-virale\" \/>\n<meta property=\"og:site_name\" content=\"Les confessions\" \/>\n<meta property=\"article:published_time\" content=\"2011-06-08T12:46:00+00:00\" \/>\n<meta name=\"author\" content=\"maman anonyme\" \/>\n<meta name=\"twitter:card\" content=\"summary_large_image\" \/>\n<meta name=\"twitter:label1\" content=\"\u00c9crit par\" \/>\n\t<meta name=\"twitter:data1\" content=\"maman anonyme\" \/>\n\t<meta name=\"twitter:label2\" content=\"Dur\u00e9e de lecture estim\u00e9e\" \/>\n\t<meta name=\"twitter:data2\" content=\"1 minute\" \/>\n<script type=\"application\/ld+json\" class=\"yoast-schema-graph\">{\"@context\":\"https:\/\/schema.org\",\"@graph\":[{\"@type\":\"WebPage\",\"@id\":\"https:\/\/www.neufmois.fr\/les-confessions\/enceinte-et-hepatite-virale\",\"url\":\"https:\/\/www.neufmois.fr\/les-confessions\/enceinte-et-hepatite-virale\",\"name\":\"Enceinte et h\u00e9patite virale - Les confessions\",\"isPartOf\":{\"@id\":\"https:\/\/www.neufmois.fr\/les-confessions\/#website\"},\"datePublished\":\"2011-06-08T12:46:00+00:00\",\"dateModified\":\"2011-06-08T12:46:00+00:00\",\"author\":{\"@id\":\"https:\/\/www.neufmois.fr\/les-confessions\/#\/schema\/person\/893fe127c653ae6741f53a67962f8b5d\"},\"breadcrumb\":{\"@id\":\"https:\/\/www.neufmois.fr\/les-confessions\/enceinte-et-hepatite-virale#breadcrumb\"},\"inLanguage\":\"fr-FR\",\"potentialAction\":[{\"@type\":\"ReadAction\",\"target\":[\"https:\/\/www.neufmois.fr\/les-confessions\/enceinte-et-hepatite-virale\"]}]},{\"@type\":\"BreadcrumbList\",\"@id\":\"https:\/\/www.neufmois.fr\/les-confessions\/enceinte-et-hepatite-virale#breadcrumb\",\"itemListElement\":[{\"@type\":\"ListItem\",\"position\":1,\"name\":\"Accueil\",\"item\":\"https:\/\/www.neufmois.fr\/les-confessions\/\"},{\"@type\":\"ListItem\",\"position\":2,\"name\":\"Enceinte et h\u00e9patite virale\"}]},{\"@type\":\"WebSite\",\"@id\":\"https:\/\/www.neufmois.fr\/les-confessions\/#website\",\"url\":\"https:\/\/www.neufmois.fr\/les-confessions\/\",\"name\":\"Les confessions\",\"description\":\" Les confessions\",\"potentialAction\":[{\"@type\":\"SearchAction\",\"target\":{\"@type\":\"EntryPoint\",\"urlTemplate\":\"https:\/\/www.neufmois.fr\/les-confessions\/?s={search_term_string}\"},\"query-input\":\"required name=search_term_string\"}],\"inLanguage\":\"fr-FR\"},{\"@type\":\"Person\",\"@id\":\"https:\/\/www.neufmois.fr\/les-confessions\/#\/schema\/person\/893fe127c653ae6741f53a67962f8b5d\",\"name\":\"maman anonyme\",\"image\":{\"@type\":\"ImageObject\",\"inLanguage\":\"fr-FR\",\"@id\":\"https:\/\/www.neufmois.fr\/les-confessions\/#\/schema\/person\/image\/\",\"url\":\"https:\/\/secure.gravatar.com\/avatar\/e4b3abeefeb17983433f333a4c54f394?s=96&d=mm&r=g\",\"contentUrl\":\"https:\/\/secure.gravatar.com\/avatar\/e4b3abeefeb17983433f333a4c54f394?s=96&d=mm&r=g\",\"caption\":\"maman anonyme\"},\"url\":\"https:\/\/www.neufmois.fr\/les-confessions\/author\/anonyme\"}]}<\/script>\n<!-- \/ Yoast SEO plugin. -->","yoast_head_json":{"title":"Enceinte et h\u00e9patite virale  - Les confessions","robots":{"index":"index","follow":"follow","max-snippet":"max-snippet:-1","max-image-preview":"max-image-preview:large","max-video-preview":"max-video-preview:-1"},"canonical":"https:\/\/www.neufmois.fr\/les-confessions\/enceinte-et-hepatite-virale","og_locale":"fr_FR","og_type":"article","og_title":"Enceinte et h\u00e9patite virale  - Les confessions","og_description":"Bonjour \u00e0 vous, Je viens de r\u00e9cup\u00e9rer mes examens du 6\u00e8me mois, je suis enceinte de 6mois, tout va bien sauf que concernant la recherche de l&rsquo;antig\u00e8ne HBs, c&rsquo;est positif. Est-ce que quelqu&rsquo;un s&rsquo;est d\u00e9j\u00e0 retrouv\u00e9 dans cette situation? Est-ce grave pour le b\u00e9b\u00e9? Le b\u00e9b\u00e9 peut se faire vacciner d\u00e8s la naissance? Apparemment je ne suis jamais tomb\u00e9e malade ni ressenti aucun symptome particulier de toute ma vie, aucun malaise ou quoique soit, est-ce que \u00e7a signifie que c&rsquo;est pas grave, donc c&rsquo;est endormi dans le corps? Merci pour","og_url":"https:\/\/www.neufmois.fr\/les-confessions\/enceinte-et-hepatite-virale","og_site_name":"Les confessions","article_published_time":"2011-06-08T12:46:00+00:00","author":"maman anonyme","twitter_card":"summary_large_image","twitter_misc":{"\u00c9crit par":"maman anonyme","Dur\u00e9e de lecture estim\u00e9e":"1 minute"},"schema":{"@context":"https:\/\/schema.org","@graph":[{"@type":"WebPage","@id":"https:\/\/www.neufmois.fr\/les-confessions\/enceinte-et-hepatite-virale","url":"https:\/\/www.neufmois.fr\/les-confessions\/enceinte-et-hepatite-virale","name":"Enceinte et h\u00e9patite virale - Les confessions","isPartOf":{"@id":"https:\/\/www.neufmois.fr\/les-confessions\/#website"},"datePublished":"2011-06-08T12:46:00+00:00","dateModified":"2011-06-08T12:46:00+00:00","author":{"@id":"https:\/\/www.neufmois.fr\/les-confessions\/#\/schema\/person\/893fe127c653ae6741f53a67962f8b5d"},"breadcrumb":{"@id":"https:\/\/www.neufmois.fr\/les-confessions\/enceinte-et-hepatite-virale#breadcrumb"},"inLanguage":"fr-FR","potentialAction":[{"@type":"ReadAction","target":["https:\/\/www.neufmois.fr\/les-confessions\/enceinte-et-hepatite-virale"]}]},{"@type":"BreadcrumbList","@id":"https:\/\/www.neufmois.fr\/les-confessions\/enceinte-et-hepatite-virale#breadcrumb","itemListElement":[{"@type":"ListItem","position":1,"name":"Accueil","item":"https:\/\/www.neufmois.fr\/les-confessions\/"},{"@type":"ListItem","position":2,"name":"Enceinte et h\u00e9patite virale"}]},{"@type":"WebSite","@id":"https:\/\/www.neufmois.fr\/les-confessions\/#website","url":"https:\/\/www.neufmois.fr\/les-confessions\/","name":"Les confessions","description":" Les confessions","potentialAction":[{"@type":"SearchAction","target":{"@type":"EntryPoint","urlTemplate":"https:\/\/www.neufmois.fr\/les-confessions\/?s={search_term_string}"},"query-input":"required name=search_term_string"}],"inLanguage":"fr-FR"},{"@type":"Person","@id":"https:\/\/www.neufmois.fr\/les-confessions\/#\/schema\/person\/893fe127c653ae6741f53a67962f8b5d","name":"maman anonyme","image":{"@type":"ImageObject","inLanguage":"fr-FR","@id":"https:\/\/www.neufmois.fr\/les-confessions\/#\/schema\/person\/image\/","url":"https:\/\/secure.gravatar.com\/avatar\/e4b3abeefeb17983433f333a4c54f394?s=96&d=mm&r=g","contentUrl":"https:\/\/secure.gravatar.com\/avatar\/e4b3abeefeb17983433f333a4c54f394?s=96&d=mm&r=g","caption":"maman anonyme"},"url":"https:\/\/www.neufmois.fr\/les-confessions\/author\/anonyme"}]}},"amp_enabled":true,"_links":{"self":[{"href":"https:\/\/www.neufmois.fr\/les-confessions\/wp-json\/wp\/v2\/posts\/327"}],"collection":[{"href":"https:\/\/www.neufmois.fr\/les-confessions\/wp-json\/wp\/v2\/posts"}],"about":[{"href":"https:\/\/www.neufmois.fr\/les-confessions\/wp-json\/wp\/v2\/types\/post"}],"author":[{"embeddable":true,"href":"https:\/\/www.neufmois.fr\/les-confessions\/wp-json\/wp\/v2\/users\/461446"}],"replies":[{"embeddable":true,"href":"https:\/\/www.neufmois.fr\/les-confessions\/wp-json\/wp\/v2\/comments?post=327"}],"version-history":[{"count":0,"href":"https:\/\/www.neufmois.fr\/les-confessions\/wp-json\/wp\/v2\/posts\/327\/revisions"}],"wp:attachment":[{"href":"https:\/\/www.neufmois.fr\/les-confessions\/wp-json\/wp\/v2\/media?parent=327"}],"wp:term":[{"taxonomy":"category","embeddable":true,"href":"https:\/\/www.neufmois.fr\/les-confessions\/wp-json\/wp\/v2\/categories?post=327"},{"taxonomy":"post_tag","embeddable":true,"href":"https:\/\/www.neufmois.fr\/les-confessions\/wp-json\/wp\/v2\/tags?post=327"}],"curies":[{"name":"wp","href":"https:\/\/api.w.org\/{rel}","templated":true}]}}