{"id":321,"date":"2011-06-22T16:16:00","date_gmt":"2011-06-22T16:16:00","guid":{"rendered":"https:\/\/www.neufmois.fr\/les-confessions\/?p=321"},"modified":"2011-06-22T16:16:00","modified_gmt":"2011-06-22T16:16:00","slug":"a-qui-le-dire","status":"publish","type":"post","link":"https:\/\/www.neufmois.fr\/les-confessions\/a-qui-le-dire","title":{"rendered":"A qui le dire"},"content":{"rendered":"<p>je crois que j&rsquo;ai un souci avec la nourriture je ne mange presque plus enfin je fais un repas par jour(l\u00e9ger) je ne sais pas comment faire ni \u00e0 qui en parler. Mon mari ne se rend compte de rien j&rsquo;ai commenc\u00e9 par un regime qui a \u00e9t\u00e9 de plus en plus strict de plus je saute des repas involontairement car je fais manger mes deux enfants de 2 ans et demi et le dernier 6 mois. L&rsquo;ain\u00e9 met plus d&rsquo;une heure pour manger et refuse de manger tout seul. Quand je donne \u00e0 son frere, il tape une crise parce qu&rsquo;il veut pas de ses legumes. Du coup quand ils ont fini je n&rsquo;ai m\u00eame pas envie de manger je n&rsquo;ai qu&rsquo;une hate c&rsquo;est de tout ranger pour ensuite me reprendre un peu. Je ne sais pas comment faire, j&rsquo;ai beaucoup maigri j&rsquo;ai perdu 25 kilos depuis mon accouchement soit en six mois. Je ne peux compter sur l&rsquo;aide de personne pour me d\u00e9charger de mes petits, ils sont toujours avec moi, ils me suivent de partout o\u00f9 je vais. Mon mari travaille du matin au soir et quand il rentre il s&rsquo;occupe du jardin et moi des enfants, je doit \u00eatre surmen\u00e9e. J&rsquo;ai besoin de vos conseils je vis en milieu rural et ne vois personne je ne sais pas \u00e0 qui en parler.<\/p>\n","protected":false},"excerpt":{"rendered":"<p>je crois que j&rsquo;ai un souci avec la nourriture je ne mange presque plus enfin je fais un repas par jour(l\u00e9ger) je ne sais pas comment faire ni \u00e0 qui en parler. Mon mari ne se rend compte de rien j&rsquo;ai commenc\u00e9 par un regime qui a \u00e9t\u00e9 de plus en plus strict de plus je saute des repas involontairement car je fais manger mes deux enfants de 2 ans et demi et le dernier 6 mois. L&rsquo;ain\u00e9 met plus d&rsquo;une heure pour manger et refuse de manger tout seul.<\/p>\n","protected":false},"author":461446,"featured_media":0,"comment_status":"open","ping_status":"open","sticky":false,"template":"","format":"standard","meta":[],"categories":[1],"tags":[],"yoast_head":"<!-- This site is optimized with the Yoast SEO plugin v20.4 - https:\/\/yoast.com\/wordpress\/plugins\/seo\/ -->\n<title>A qui le dire - Les confessions<\/title>\n<meta name=\"robots\" content=\"index, follow, max-snippet:-1, max-image-preview:large, max-video-preview:-1\" \/>\n<link rel=\"canonical\" href=\"https:\/\/www.neufmois.fr\/les-confessions\/a-qui-le-dire\" \/>\n<meta property=\"og:locale\" content=\"fr_FR\" \/>\n<meta property=\"og:type\" content=\"article\" \/>\n<meta property=\"og:title\" content=\"A qui le dire - Les confessions\" \/>\n<meta property=\"og:description\" content=\"je crois que j&rsquo;ai un souci avec la nourriture je ne mange presque plus enfin je fais un repas par jour(l\u00e9ger) je ne sais pas comment faire ni \u00e0 qui en parler. Mon mari ne se rend compte de rien j&rsquo;ai commenc\u00e9 par un regime qui a \u00e9t\u00e9 de plus en plus strict de plus je saute des repas involontairement car je fais manger mes deux enfants de 2 ans et demi et le dernier 6 mois. L&rsquo;ain\u00e9 met plus d&rsquo;une heure pour manger et refuse de manger tout seul.\" \/>\n<meta property=\"og:url\" content=\"https:\/\/www.neufmois.fr\/les-confessions\/a-qui-le-dire\" \/>\n<meta property=\"og:site_name\" content=\"Les confessions\" \/>\n<meta property=\"article:published_time\" content=\"2011-06-22T16:16:00+00:00\" \/>\n<meta name=\"author\" content=\"maman anonyme\" \/>\n<meta name=\"twitter:card\" content=\"summary_large_image\" \/>\n<meta name=\"twitter:label1\" content=\"\u00c9crit par\" \/>\n\t<meta name=\"twitter:data1\" content=\"maman anonyme\" \/>\n\t<meta name=\"twitter:label2\" content=\"Dur\u00e9e de lecture estim\u00e9e\" \/>\n\t<meta name=\"twitter:data2\" content=\"1 minute\" \/>\n<script type=\"application\/ld+json\" class=\"yoast-schema-graph\">{\"@context\":\"https:\/\/schema.org\",\"@graph\":[{\"@type\":\"WebPage\",\"@id\":\"https:\/\/www.neufmois.fr\/les-confessions\/a-qui-le-dire\",\"url\":\"https:\/\/www.neufmois.fr\/les-confessions\/a-qui-le-dire\",\"name\":\"A qui le dire - Les confessions\",\"isPartOf\":{\"@id\":\"https:\/\/www.neufmois.fr\/les-confessions\/#website\"},\"datePublished\":\"2011-06-22T16:16:00+00:00\",\"dateModified\":\"2011-06-22T16:16:00+00:00\",\"author\":{\"@id\":\"https:\/\/www.neufmois.fr\/les-confessions\/#\/schema\/person\/893fe127c653ae6741f53a67962f8b5d\"},\"breadcrumb\":{\"@id\":\"https:\/\/www.neufmois.fr\/les-confessions\/a-qui-le-dire#breadcrumb\"},\"inLanguage\":\"fr-FR\",\"potentialAction\":[{\"@type\":\"ReadAction\",\"target\":[\"https:\/\/www.neufmois.fr\/les-confessions\/a-qui-le-dire\"]}]},{\"@type\":\"BreadcrumbList\",\"@id\":\"https:\/\/www.neufmois.fr\/les-confessions\/a-qui-le-dire#breadcrumb\",\"itemListElement\":[{\"@type\":\"ListItem\",\"position\":1,\"name\":\"Accueil\",\"item\":\"https:\/\/www.neufmois.fr\/les-confessions\/\"},{\"@type\":\"ListItem\",\"position\":2,\"name\":\"A qui le dire\"}]},{\"@type\":\"WebSite\",\"@id\":\"https:\/\/www.neufmois.fr\/les-confessions\/#website\",\"url\":\"https:\/\/www.neufmois.fr\/les-confessions\/\",\"name\":\"Les confessions\",\"description\":\" Les confessions\",\"potentialAction\":[{\"@type\":\"SearchAction\",\"target\":{\"@type\":\"EntryPoint\",\"urlTemplate\":\"https:\/\/www.neufmois.fr\/les-confessions\/?s={search_term_string}\"},\"query-input\":\"required name=search_term_string\"}],\"inLanguage\":\"fr-FR\"},{\"@type\":\"Person\",\"@id\":\"https:\/\/www.neufmois.fr\/les-confessions\/#\/schema\/person\/893fe127c653ae6741f53a67962f8b5d\",\"name\":\"maman anonyme\",\"image\":{\"@type\":\"ImageObject\",\"inLanguage\":\"fr-FR\",\"@id\":\"https:\/\/www.neufmois.fr\/les-confessions\/#\/schema\/person\/image\/\",\"url\":\"https:\/\/secure.gravatar.com\/avatar\/e4b3abeefeb17983433f333a4c54f394?s=96&d=mm&r=g\",\"contentUrl\":\"https:\/\/secure.gravatar.com\/avatar\/e4b3abeefeb17983433f333a4c54f394?s=96&d=mm&r=g\",\"caption\":\"maman anonyme\"},\"url\":\"https:\/\/www.neufmois.fr\/les-confessions\/author\/anonyme\"}]}<\/script>\n<!-- \/ Yoast SEO plugin. -->","yoast_head_json":{"title":"A qui le dire - Les confessions","robots":{"index":"index","follow":"follow","max-snippet":"max-snippet:-1","max-image-preview":"max-image-preview:large","max-video-preview":"max-video-preview:-1"},"canonical":"https:\/\/www.neufmois.fr\/les-confessions\/a-qui-le-dire","og_locale":"fr_FR","og_type":"article","og_title":"A qui le dire - Les confessions","og_description":"je crois que j&rsquo;ai un souci avec la nourriture je ne mange presque plus enfin je fais un repas par jour(l\u00e9ger) je ne sais pas comment faire ni \u00e0 qui en parler. Mon mari ne se rend compte de rien j&rsquo;ai commenc\u00e9 par un regime qui a \u00e9t\u00e9 de plus en plus strict de plus je saute des repas involontairement car je fais manger mes deux enfants de 2 ans et demi et le dernier 6 mois. L&rsquo;ain\u00e9 met plus d&rsquo;une heure pour manger et refuse de manger tout seul.","og_url":"https:\/\/www.neufmois.fr\/les-confessions\/a-qui-le-dire","og_site_name":"Les confessions","article_published_time":"2011-06-22T16:16:00+00:00","author":"maman anonyme","twitter_card":"summary_large_image","twitter_misc":{"\u00c9crit par":"maman anonyme","Dur\u00e9e de lecture estim\u00e9e":"1 minute"},"schema":{"@context":"https:\/\/schema.org","@graph":[{"@type":"WebPage","@id":"https:\/\/www.neufmois.fr\/les-confessions\/a-qui-le-dire","url":"https:\/\/www.neufmois.fr\/les-confessions\/a-qui-le-dire","name":"A qui le dire - Les confessions","isPartOf":{"@id":"https:\/\/www.neufmois.fr\/les-confessions\/#website"},"datePublished":"2011-06-22T16:16:00+00:00","dateModified":"2011-06-22T16:16:00+00:00","author":{"@id":"https:\/\/www.neufmois.fr\/les-confessions\/#\/schema\/person\/893fe127c653ae6741f53a67962f8b5d"},"breadcrumb":{"@id":"https:\/\/www.neufmois.fr\/les-confessions\/a-qui-le-dire#breadcrumb"},"inLanguage":"fr-FR","potentialAction":[{"@type":"ReadAction","target":["https:\/\/www.neufmois.fr\/les-confessions\/a-qui-le-dire"]}]},{"@type":"BreadcrumbList","@id":"https:\/\/www.neufmois.fr\/les-confessions\/a-qui-le-dire#breadcrumb","itemListElement":[{"@type":"ListItem","position":1,"name":"Accueil","item":"https:\/\/www.neufmois.fr\/les-confessions\/"},{"@type":"ListItem","position":2,"name":"A qui le dire"}]},{"@type":"WebSite","@id":"https:\/\/www.neufmois.fr\/les-confessions\/#website","url":"https:\/\/www.neufmois.fr\/les-confessions\/","name":"Les confessions","description":" Les confessions","potentialAction":[{"@type":"SearchAction","target":{"@type":"EntryPoint","urlTemplate":"https:\/\/www.neufmois.fr\/les-confessions\/?s={search_term_string}"},"query-input":"required name=search_term_string"}],"inLanguage":"fr-FR"},{"@type":"Person","@id":"https:\/\/www.neufmois.fr\/les-confessions\/#\/schema\/person\/893fe127c653ae6741f53a67962f8b5d","name":"maman anonyme","image":{"@type":"ImageObject","inLanguage":"fr-FR","@id":"https:\/\/www.neufmois.fr\/les-confessions\/#\/schema\/person\/image\/","url":"https:\/\/secure.gravatar.com\/avatar\/e4b3abeefeb17983433f333a4c54f394?s=96&d=mm&r=g","contentUrl":"https:\/\/secure.gravatar.com\/avatar\/e4b3abeefeb17983433f333a4c54f394?s=96&d=mm&r=g","caption":"maman anonyme"},"url":"https:\/\/www.neufmois.fr\/les-confessions\/author\/anonyme"}]}},"amp_enabled":true,"_links":{"self":[{"href":"https:\/\/www.neufmois.fr\/les-confessions\/wp-json\/wp\/v2\/posts\/321"}],"collection":[{"href":"https:\/\/www.neufmois.fr\/les-confessions\/wp-json\/wp\/v2\/posts"}],"about":[{"href":"https:\/\/www.neufmois.fr\/les-confessions\/wp-json\/wp\/v2\/types\/post"}],"author":[{"embeddable":true,"href":"https:\/\/www.neufmois.fr\/les-confessions\/wp-json\/wp\/v2\/users\/461446"}],"replies":[{"embeddable":true,"href":"https:\/\/www.neufmois.fr\/les-confessions\/wp-json\/wp\/v2\/comments?post=321"}],"version-history":[{"count":0,"href":"https:\/\/www.neufmois.fr\/les-confessions\/wp-json\/wp\/v2\/posts\/321\/revisions"}],"wp:attachment":[{"href":"https:\/\/www.neufmois.fr\/les-confessions\/wp-json\/wp\/v2\/media?parent=321"}],"wp:term":[{"taxonomy":"category","embeddable":true,"href":"https:\/\/www.neufmois.fr\/les-confessions\/wp-json\/wp\/v2\/categories?post=321"},{"taxonomy":"post_tag","embeddable":true,"href":"https:\/\/www.neufmois.fr\/les-confessions\/wp-json\/wp\/v2\/tags?post=321"}],"curies":[{"name":"wp","href":"https:\/\/api.w.org\/{rel}","templated":true}]}}