{"id":316,"date":"2011-07-07T13:21:00","date_gmt":"2011-07-07T13:21:00","guid":{"rendered":"https:\/\/www.neufmois.fr\/les-confessions\/?p=316"},"modified":"2011-07-07T13:21:00","modified_gmt":"2011-07-07T13:21:00","slug":"proche-de-la-separation","status":"publish","type":"post","link":"https:\/\/www.neufmois.fr\/les-confessions\/proche-de-la-separation","title":{"rendered":"Proche de la s\u00e9paration!"},"content":{"rendered":"<p>Je suis enceinte de 3 mois et hier pour la \u00e9ni\u00e8me fois une dispute a \u00e9clat\u00e9 car mon concubin ne comprend pas pourquoi je n&rsquo;ai pas envie d&rsquo;avoir de rapport avec lui&#8230; Je lui ai fait tout un tas de reproche et lui de m\u00eame mais des mots qui blessent et qu&rsquo;il pense vraiment c&rsquo;est ce qu&rsquo;il m&rsquo;a dit. Nous parlons donc de nous s\u00e9parer, et lui souhaite retrouver quelqu&rsquo;une qui elle au moins le satisfera niveau sexuelle&#8230; Je ne sais plus quoi en penser car je me remets sans cesse en question mais ne trouve pas les r\u00e9ponses et lui ne m&rsquo;aide en rien en plus ma grossesse se complique et lui ne prend pas du tout soin ni inter\u00eat \u00e0 cette grossesse m\u00eame s&rsquo;il me dit le contraire&#8230; Je vais donc me retrouver seul avec deux enfants et cela me fait peur mais je commence \u00e0 me dire que mieux vaut \u00eatre seule que mal accompagn\u00e9e&#8230; Si vous avez des conseils je les lirais avec grand plaisir&#8230;<\/p>\n","protected":false},"excerpt":{"rendered":"<p>Je suis enceinte de 3 mois et hier pour la \u00e9ni\u00e8me fois une dispute a \u00e9clat\u00e9 car mon concubin ne comprend pas pourquoi je n&rsquo;ai pas envie d&rsquo;avoir de rapport avec lui&#8230; Je lui ai fait tout un tas de reproche et lui de m\u00eame mais des mots qui blessent et qu&rsquo;il pense vraiment c&rsquo;est ce qu&rsquo;il m&rsquo;a dit. Nous parlons donc de nous s\u00e9parer, et lui souhaite retrouver quelqu&rsquo;une qui elle au moins le satisfera niveau sexuelle&#8230; Je ne sais plus quoi en penser car je me remets sans<\/p>\n","protected":false},"author":461446,"featured_media":0,"comment_status":"open","ping_status":"open","sticky":false,"template":"","format":"standard","meta":[],"categories":[1],"tags":[],"yoast_head":"<!-- This site is optimized with the Yoast SEO plugin v20.4 - https:\/\/yoast.com\/wordpress\/plugins\/seo\/ -->\n<title>Proche de la s\u00e9paration! - Les confessions<\/title>\n<meta name=\"robots\" content=\"index, follow, max-snippet:-1, max-image-preview:large, max-video-preview:-1\" \/>\n<link rel=\"canonical\" href=\"https:\/\/www.neufmois.fr\/les-confessions\/proche-de-la-separation\" \/>\n<meta property=\"og:locale\" content=\"fr_FR\" \/>\n<meta property=\"og:type\" content=\"article\" \/>\n<meta property=\"og:title\" content=\"Proche de la s\u00e9paration! - Les confessions\" \/>\n<meta property=\"og:description\" content=\"Je suis enceinte de 3 mois et hier pour la \u00e9ni\u00e8me fois une dispute a \u00e9clat\u00e9 car mon concubin ne comprend pas pourquoi je n&rsquo;ai pas envie d&rsquo;avoir de rapport avec lui&#8230; Je lui ai fait tout un tas de reproche et lui de m\u00eame mais des mots qui blessent et qu&rsquo;il pense vraiment c&rsquo;est ce qu&rsquo;il m&rsquo;a dit. Nous parlons donc de nous s\u00e9parer, et lui souhaite retrouver quelqu&rsquo;une qui elle au moins le satisfera niveau sexuelle&#8230; Je ne sais plus quoi en penser car je me remets sans\" \/>\n<meta property=\"og:url\" content=\"https:\/\/www.neufmois.fr\/les-confessions\/proche-de-la-separation\" \/>\n<meta property=\"og:site_name\" content=\"Les confessions\" \/>\n<meta property=\"article:published_time\" content=\"2011-07-07T13:21:00+00:00\" \/>\n<meta name=\"author\" content=\"maman anonyme\" \/>\n<meta name=\"twitter:card\" content=\"summary_large_image\" \/>\n<meta name=\"twitter:label1\" content=\"\u00c9crit par\" \/>\n\t<meta name=\"twitter:data1\" content=\"maman anonyme\" \/>\n\t<meta name=\"twitter:label2\" content=\"Dur\u00e9e de lecture estim\u00e9e\" \/>\n\t<meta name=\"twitter:data2\" content=\"1 minute\" \/>\n<script type=\"application\/ld+json\" class=\"yoast-schema-graph\">{\"@context\":\"https:\/\/schema.org\",\"@graph\":[{\"@type\":\"WebPage\",\"@id\":\"https:\/\/www.neufmois.fr\/les-confessions\/proche-de-la-separation\",\"url\":\"https:\/\/www.neufmois.fr\/les-confessions\/proche-de-la-separation\",\"name\":\"Proche de la s\u00e9paration! - Les confessions\",\"isPartOf\":{\"@id\":\"https:\/\/www.neufmois.fr\/les-confessions\/#website\"},\"datePublished\":\"2011-07-07T13:21:00+00:00\",\"dateModified\":\"2011-07-07T13:21:00+00:00\",\"author\":{\"@id\":\"https:\/\/www.neufmois.fr\/les-confessions\/#\/schema\/person\/893fe127c653ae6741f53a67962f8b5d\"},\"breadcrumb\":{\"@id\":\"https:\/\/www.neufmois.fr\/les-confessions\/proche-de-la-separation#breadcrumb\"},\"inLanguage\":\"fr-FR\",\"potentialAction\":[{\"@type\":\"ReadAction\",\"target\":[\"https:\/\/www.neufmois.fr\/les-confessions\/proche-de-la-separation\"]}]},{\"@type\":\"BreadcrumbList\",\"@id\":\"https:\/\/www.neufmois.fr\/les-confessions\/proche-de-la-separation#breadcrumb\",\"itemListElement\":[{\"@type\":\"ListItem\",\"position\":1,\"name\":\"Accueil\",\"item\":\"https:\/\/www.neufmois.fr\/les-confessions\/\"},{\"@type\":\"ListItem\",\"position\":2,\"name\":\"Proche de la s\u00e9paration!\"}]},{\"@type\":\"WebSite\",\"@id\":\"https:\/\/www.neufmois.fr\/les-confessions\/#website\",\"url\":\"https:\/\/www.neufmois.fr\/les-confessions\/\",\"name\":\"Les confessions\",\"description\":\" Les confessions\",\"potentialAction\":[{\"@type\":\"SearchAction\",\"target\":{\"@type\":\"EntryPoint\",\"urlTemplate\":\"https:\/\/www.neufmois.fr\/les-confessions\/?s={search_term_string}\"},\"query-input\":\"required name=search_term_string\"}],\"inLanguage\":\"fr-FR\"},{\"@type\":\"Person\",\"@id\":\"https:\/\/www.neufmois.fr\/les-confessions\/#\/schema\/person\/893fe127c653ae6741f53a67962f8b5d\",\"name\":\"maman anonyme\",\"image\":{\"@type\":\"ImageObject\",\"inLanguage\":\"fr-FR\",\"@id\":\"https:\/\/www.neufmois.fr\/les-confessions\/#\/schema\/person\/image\/\",\"url\":\"https:\/\/secure.gravatar.com\/avatar\/e4b3abeefeb17983433f333a4c54f394?s=96&d=mm&r=g\",\"contentUrl\":\"https:\/\/secure.gravatar.com\/avatar\/e4b3abeefeb17983433f333a4c54f394?s=96&d=mm&r=g\",\"caption\":\"maman anonyme\"},\"url\":\"https:\/\/www.neufmois.fr\/les-confessions\/author\/anonyme\"}]}<\/script>\n<!-- \/ Yoast SEO plugin. -->","yoast_head_json":{"title":"Proche de la s\u00e9paration! - Les confessions","robots":{"index":"index","follow":"follow","max-snippet":"max-snippet:-1","max-image-preview":"max-image-preview:large","max-video-preview":"max-video-preview:-1"},"canonical":"https:\/\/www.neufmois.fr\/les-confessions\/proche-de-la-separation","og_locale":"fr_FR","og_type":"article","og_title":"Proche de la s\u00e9paration! - Les confessions","og_description":"Je suis enceinte de 3 mois et hier pour la \u00e9ni\u00e8me fois une dispute a \u00e9clat\u00e9 car mon concubin ne comprend pas pourquoi je n&rsquo;ai pas envie d&rsquo;avoir de rapport avec lui&#8230; Je lui ai fait tout un tas de reproche et lui de m\u00eame mais des mots qui blessent et qu&rsquo;il pense vraiment c&rsquo;est ce qu&rsquo;il m&rsquo;a dit. Nous parlons donc de nous s\u00e9parer, et lui souhaite retrouver quelqu&rsquo;une qui elle au moins le satisfera niveau sexuelle&#8230; Je ne sais plus quoi en penser car je me remets sans","og_url":"https:\/\/www.neufmois.fr\/les-confessions\/proche-de-la-separation","og_site_name":"Les confessions","article_published_time":"2011-07-07T13:21:00+00:00","author":"maman anonyme","twitter_card":"summary_large_image","twitter_misc":{"\u00c9crit par":"maman anonyme","Dur\u00e9e de lecture estim\u00e9e":"1 minute"},"schema":{"@context":"https:\/\/schema.org","@graph":[{"@type":"WebPage","@id":"https:\/\/www.neufmois.fr\/les-confessions\/proche-de-la-separation","url":"https:\/\/www.neufmois.fr\/les-confessions\/proche-de-la-separation","name":"Proche de la s\u00e9paration! - Les confessions","isPartOf":{"@id":"https:\/\/www.neufmois.fr\/les-confessions\/#website"},"datePublished":"2011-07-07T13:21:00+00:00","dateModified":"2011-07-07T13:21:00+00:00","author":{"@id":"https:\/\/www.neufmois.fr\/les-confessions\/#\/schema\/person\/893fe127c653ae6741f53a67962f8b5d"},"breadcrumb":{"@id":"https:\/\/www.neufmois.fr\/les-confessions\/proche-de-la-separation#breadcrumb"},"inLanguage":"fr-FR","potentialAction":[{"@type":"ReadAction","target":["https:\/\/www.neufmois.fr\/les-confessions\/proche-de-la-separation"]}]},{"@type":"BreadcrumbList","@id":"https:\/\/www.neufmois.fr\/les-confessions\/proche-de-la-separation#breadcrumb","itemListElement":[{"@type":"ListItem","position":1,"name":"Accueil","item":"https:\/\/www.neufmois.fr\/les-confessions\/"},{"@type":"ListItem","position":2,"name":"Proche de la s\u00e9paration!"}]},{"@type":"WebSite","@id":"https:\/\/www.neufmois.fr\/les-confessions\/#website","url":"https:\/\/www.neufmois.fr\/les-confessions\/","name":"Les confessions","description":" Les confessions","potentialAction":[{"@type":"SearchAction","target":{"@type":"EntryPoint","urlTemplate":"https:\/\/www.neufmois.fr\/les-confessions\/?s={search_term_string}"},"query-input":"required name=search_term_string"}],"inLanguage":"fr-FR"},{"@type":"Person","@id":"https:\/\/www.neufmois.fr\/les-confessions\/#\/schema\/person\/893fe127c653ae6741f53a67962f8b5d","name":"maman anonyme","image":{"@type":"ImageObject","inLanguage":"fr-FR","@id":"https:\/\/www.neufmois.fr\/les-confessions\/#\/schema\/person\/image\/","url":"https:\/\/secure.gravatar.com\/avatar\/e4b3abeefeb17983433f333a4c54f394?s=96&d=mm&r=g","contentUrl":"https:\/\/secure.gravatar.com\/avatar\/e4b3abeefeb17983433f333a4c54f394?s=96&d=mm&r=g","caption":"maman anonyme"},"url":"https:\/\/www.neufmois.fr\/les-confessions\/author\/anonyme"}]}},"amp_enabled":true,"_links":{"self":[{"href":"https:\/\/www.neufmois.fr\/les-confessions\/wp-json\/wp\/v2\/posts\/316"}],"collection":[{"href":"https:\/\/www.neufmois.fr\/les-confessions\/wp-json\/wp\/v2\/posts"}],"about":[{"href":"https:\/\/www.neufmois.fr\/les-confessions\/wp-json\/wp\/v2\/types\/post"}],"author":[{"embeddable":true,"href":"https:\/\/www.neufmois.fr\/les-confessions\/wp-json\/wp\/v2\/users\/461446"}],"replies":[{"embeddable":true,"href":"https:\/\/www.neufmois.fr\/les-confessions\/wp-json\/wp\/v2\/comments?post=316"}],"version-history":[{"count":0,"href":"https:\/\/www.neufmois.fr\/les-confessions\/wp-json\/wp\/v2\/posts\/316\/revisions"}],"wp:attachment":[{"href":"https:\/\/www.neufmois.fr\/les-confessions\/wp-json\/wp\/v2\/media?parent=316"}],"wp:term":[{"taxonomy":"category","embeddable":true,"href":"https:\/\/www.neufmois.fr\/les-confessions\/wp-json\/wp\/v2\/categories?post=316"},{"taxonomy":"post_tag","embeddable":true,"href":"https:\/\/www.neufmois.fr\/les-confessions\/wp-json\/wp\/v2\/tags?post=316"}],"curies":[{"name":"wp","href":"https:\/\/api.w.org\/{rel}","templated":true}]}}