{"id":315,"date":"2011-07-07T17:28:00","date_gmt":"2011-07-07T17:28:00","guid":{"rendered":"https:\/\/www.neufmois.fr\/les-confessions\/?p=315"},"modified":"2011-07-07T17:28:00","modified_gmt":"2011-07-07T17:28:00","slug":"crise-dans-le-couple","status":"publish","type":"post","link":"https:\/\/www.neufmois.fr\/les-confessions\/crise-dans-le-couple","title":{"rendered":"Crise dans le couple"},"content":{"rendered":"<p>Bonjour \u00e0 toutes<br \/>\nJ&rsquo;esp\u00e8re que vous pouvez m&rsquo;aider&#8230; Je suis enceinte de 2 mois, je suis super contente mais j&rsquo;ai l&rsquo;impression que mon couple part en lambeau&#8230; Le futur papa me dit que j&rsquo;ai chang\u00e9 depuis que je suis enceinte! C&rsquo;est vrai que j&rsquo;ai quelques sautes d&rsquo;humeur, je me sens angoiss\u00e9e. Est-ce normal?<br \/>\nMais j&rsquo;ai l&rsquo;impression qu&rsquo;il y a un cumul de choses n\u00e9gatives: fin juin, j&rsquo;ai appris que je perdais mon emploi (je travaille dans l&rsquo;enseignement, je serais s\u00fbrement mut\u00e9e en septembre, mais o\u00f9? Je ne le serais pas avant fin aout), lui, veux d\u00e9missionner car \u00e7a ne va pas \u00e0 son travail, il commence \u00e0 abuser un peu trop de l&rsquo;alcool&#8230;et moi, en apprenant ma grossesse, j&rsquo;ai arr\u00eat\u00e9 la cigarette&#8230; bref, stress et angoisses&#8230; et bien s\u00fbr toutes les questions qu&rsquo;on peut se poser en apprennant une grossesse! Voil\u00e0, j&rsquo;ai besoin de soutien, de parler avec des futures mamans, je ne sais pas \u00e0 qui me confier d&rsquo;autres&#8230; Merci d&rsquo;avance<\/p>\n","protected":false},"excerpt":{"rendered":"<p>Bonjour \u00e0 toutes J&rsquo;esp\u00e8re que vous pouvez m&rsquo;aider&#8230; Je suis enceinte de 2 mois, je suis super contente mais j&rsquo;ai l&rsquo;impression que mon couple part en lambeau&#8230; Le futur papa me dit que j&rsquo;ai chang\u00e9 depuis que je suis enceinte! C&rsquo;est vrai que j&rsquo;ai quelques sautes d&rsquo;humeur, je me sens angoiss\u00e9e. Est-ce normal? Mais j&rsquo;ai l&rsquo;impression qu&rsquo;il y a un cumul de choses n\u00e9gatives: fin juin, j&rsquo;ai appris que je perdais mon emploi (je travaille dans l&rsquo;enseignement, je serais s\u00fbrement mut\u00e9e en septembre, mais o\u00f9? Je ne le serais pas<\/p>\n","protected":false},"author":461446,"featured_media":0,"comment_status":"open","ping_status":"open","sticky":false,"template":"","format":"standard","meta":[],"categories":[1],"tags":[],"yoast_head":"<!-- This site is optimized with the Yoast SEO plugin v20.4 - https:\/\/yoast.com\/wordpress\/plugins\/seo\/ -->\n<title>Crise dans le couple - Les confessions<\/title>\n<meta name=\"robots\" content=\"index, follow, max-snippet:-1, max-image-preview:large, max-video-preview:-1\" \/>\n<link rel=\"canonical\" href=\"https:\/\/www.neufmois.fr\/les-confessions\/crise-dans-le-couple\" \/>\n<meta property=\"og:locale\" content=\"fr_FR\" \/>\n<meta property=\"og:type\" content=\"article\" \/>\n<meta property=\"og:title\" content=\"Crise dans le couple - Les confessions\" \/>\n<meta property=\"og:description\" content=\"Bonjour \u00e0 toutes J&rsquo;esp\u00e8re que vous pouvez m&rsquo;aider&#8230; Je suis enceinte de 2 mois, je suis super contente mais j&rsquo;ai l&rsquo;impression que mon couple part en lambeau&#8230; Le futur papa me dit que j&rsquo;ai chang\u00e9 depuis que je suis enceinte! C&rsquo;est vrai que j&rsquo;ai quelques sautes d&rsquo;humeur, je me sens angoiss\u00e9e. Est-ce normal? Mais j&rsquo;ai l&rsquo;impression qu&rsquo;il y a un cumul de choses n\u00e9gatives: fin juin, j&rsquo;ai appris que je perdais mon emploi (je travaille dans l&rsquo;enseignement, je serais s\u00fbrement mut\u00e9e en septembre, mais o\u00f9? Je ne le serais pas\" \/>\n<meta property=\"og:url\" content=\"https:\/\/www.neufmois.fr\/les-confessions\/crise-dans-le-couple\" \/>\n<meta property=\"og:site_name\" content=\"Les confessions\" \/>\n<meta property=\"article:published_time\" content=\"2011-07-07T17:28:00+00:00\" \/>\n<meta name=\"author\" content=\"maman anonyme\" \/>\n<meta name=\"twitter:card\" content=\"summary_large_image\" \/>\n<meta name=\"twitter:label1\" content=\"\u00c9crit par\" \/>\n\t<meta name=\"twitter:data1\" content=\"maman anonyme\" \/>\n\t<meta name=\"twitter:label2\" content=\"Dur\u00e9e de lecture estim\u00e9e\" \/>\n\t<meta name=\"twitter:data2\" content=\"1 minute\" \/>\n<script type=\"application\/ld+json\" class=\"yoast-schema-graph\">{\"@context\":\"https:\/\/schema.org\",\"@graph\":[{\"@type\":\"WebPage\",\"@id\":\"https:\/\/www.neufmois.fr\/les-confessions\/crise-dans-le-couple\",\"url\":\"https:\/\/www.neufmois.fr\/les-confessions\/crise-dans-le-couple\",\"name\":\"Crise dans le couple - Les confessions\",\"isPartOf\":{\"@id\":\"https:\/\/www.neufmois.fr\/les-confessions\/#website\"},\"datePublished\":\"2011-07-07T17:28:00+00:00\",\"dateModified\":\"2011-07-07T17:28:00+00:00\",\"author\":{\"@id\":\"https:\/\/www.neufmois.fr\/les-confessions\/#\/schema\/person\/893fe127c653ae6741f53a67962f8b5d\"},\"breadcrumb\":{\"@id\":\"https:\/\/www.neufmois.fr\/les-confessions\/crise-dans-le-couple#breadcrumb\"},\"inLanguage\":\"fr-FR\",\"potentialAction\":[{\"@type\":\"ReadAction\",\"target\":[\"https:\/\/www.neufmois.fr\/les-confessions\/crise-dans-le-couple\"]}]},{\"@type\":\"BreadcrumbList\",\"@id\":\"https:\/\/www.neufmois.fr\/les-confessions\/crise-dans-le-couple#breadcrumb\",\"itemListElement\":[{\"@type\":\"ListItem\",\"position\":1,\"name\":\"Accueil\",\"item\":\"https:\/\/www.neufmois.fr\/les-confessions\/\"},{\"@type\":\"ListItem\",\"position\":2,\"name\":\"Crise dans le couple\"}]},{\"@type\":\"WebSite\",\"@id\":\"https:\/\/www.neufmois.fr\/les-confessions\/#website\",\"url\":\"https:\/\/www.neufmois.fr\/les-confessions\/\",\"name\":\"Les confessions\",\"description\":\" Les confessions\",\"potentialAction\":[{\"@type\":\"SearchAction\",\"target\":{\"@type\":\"EntryPoint\",\"urlTemplate\":\"https:\/\/www.neufmois.fr\/les-confessions\/?s={search_term_string}\"},\"query-input\":\"required name=search_term_string\"}],\"inLanguage\":\"fr-FR\"},{\"@type\":\"Person\",\"@id\":\"https:\/\/www.neufmois.fr\/les-confessions\/#\/schema\/person\/893fe127c653ae6741f53a67962f8b5d\",\"name\":\"maman anonyme\",\"image\":{\"@type\":\"ImageObject\",\"inLanguage\":\"fr-FR\",\"@id\":\"https:\/\/www.neufmois.fr\/les-confessions\/#\/schema\/person\/image\/\",\"url\":\"https:\/\/secure.gravatar.com\/avatar\/e4b3abeefeb17983433f333a4c54f394?s=96&d=mm&r=g\",\"contentUrl\":\"https:\/\/secure.gravatar.com\/avatar\/e4b3abeefeb17983433f333a4c54f394?s=96&d=mm&r=g\",\"caption\":\"maman anonyme\"},\"url\":\"https:\/\/www.neufmois.fr\/les-confessions\/author\/anonyme\"}]}<\/script>\n<!-- \/ Yoast SEO plugin. -->","yoast_head_json":{"title":"Crise dans le couple - Les confessions","robots":{"index":"index","follow":"follow","max-snippet":"max-snippet:-1","max-image-preview":"max-image-preview:large","max-video-preview":"max-video-preview:-1"},"canonical":"https:\/\/www.neufmois.fr\/les-confessions\/crise-dans-le-couple","og_locale":"fr_FR","og_type":"article","og_title":"Crise dans le couple - Les confessions","og_description":"Bonjour \u00e0 toutes J&rsquo;esp\u00e8re que vous pouvez m&rsquo;aider&#8230; Je suis enceinte de 2 mois, je suis super contente mais j&rsquo;ai l&rsquo;impression que mon couple part en lambeau&#8230; Le futur papa me dit que j&rsquo;ai chang\u00e9 depuis que je suis enceinte! C&rsquo;est vrai que j&rsquo;ai quelques sautes d&rsquo;humeur, je me sens angoiss\u00e9e. Est-ce normal? Mais j&rsquo;ai l&rsquo;impression qu&rsquo;il y a un cumul de choses n\u00e9gatives: fin juin, j&rsquo;ai appris que je perdais mon emploi (je travaille dans l&rsquo;enseignement, je serais s\u00fbrement mut\u00e9e en septembre, mais o\u00f9? Je ne le serais pas","og_url":"https:\/\/www.neufmois.fr\/les-confessions\/crise-dans-le-couple","og_site_name":"Les confessions","article_published_time":"2011-07-07T17:28:00+00:00","author":"maman anonyme","twitter_card":"summary_large_image","twitter_misc":{"\u00c9crit par":"maman anonyme","Dur\u00e9e de lecture estim\u00e9e":"1 minute"},"schema":{"@context":"https:\/\/schema.org","@graph":[{"@type":"WebPage","@id":"https:\/\/www.neufmois.fr\/les-confessions\/crise-dans-le-couple","url":"https:\/\/www.neufmois.fr\/les-confessions\/crise-dans-le-couple","name":"Crise dans le couple - Les confessions","isPartOf":{"@id":"https:\/\/www.neufmois.fr\/les-confessions\/#website"},"datePublished":"2011-07-07T17:28:00+00:00","dateModified":"2011-07-07T17:28:00+00:00","author":{"@id":"https:\/\/www.neufmois.fr\/les-confessions\/#\/schema\/person\/893fe127c653ae6741f53a67962f8b5d"},"breadcrumb":{"@id":"https:\/\/www.neufmois.fr\/les-confessions\/crise-dans-le-couple#breadcrumb"},"inLanguage":"fr-FR","potentialAction":[{"@type":"ReadAction","target":["https:\/\/www.neufmois.fr\/les-confessions\/crise-dans-le-couple"]}]},{"@type":"BreadcrumbList","@id":"https:\/\/www.neufmois.fr\/les-confessions\/crise-dans-le-couple#breadcrumb","itemListElement":[{"@type":"ListItem","position":1,"name":"Accueil","item":"https:\/\/www.neufmois.fr\/les-confessions\/"},{"@type":"ListItem","position":2,"name":"Crise dans le couple"}]},{"@type":"WebSite","@id":"https:\/\/www.neufmois.fr\/les-confessions\/#website","url":"https:\/\/www.neufmois.fr\/les-confessions\/","name":"Les confessions","description":" Les confessions","potentialAction":[{"@type":"SearchAction","target":{"@type":"EntryPoint","urlTemplate":"https:\/\/www.neufmois.fr\/les-confessions\/?s={search_term_string}"},"query-input":"required name=search_term_string"}],"inLanguage":"fr-FR"},{"@type":"Person","@id":"https:\/\/www.neufmois.fr\/les-confessions\/#\/schema\/person\/893fe127c653ae6741f53a67962f8b5d","name":"maman anonyme","image":{"@type":"ImageObject","inLanguage":"fr-FR","@id":"https:\/\/www.neufmois.fr\/les-confessions\/#\/schema\/person\/image\/","url":"https:\/\/secure.gravatar.com\/avatar\/e4b3abeefeb17983433f333a4c54f394?s=96&d=mm&r=g","contentUrl":"https:\/\/secure.gravatar.com\/avatar\/e4b3abeefeb17983433f333a4c54f394?s=96&d=mm&r=g","caption":"maman anonyme"},"url":"https:\/\/www.neufmois.fr\/les-confessions\/author\/anonyme"}]}},"amp_enabled":true,"_links":{"self":[{"href":"https:\/\/www.neufmois.fr\/les-confessions\/wp-json\/wp\/v2\/posts\/315"}],"collection":[{"href":"https:\/\/www.neufmois.fr\/les-confessions\/wp-json\/wp\/v2\/posts"}],"about":[{"href":"https:\/\/www.neufmois.fr\/les-confessions\/wp-json\/wp\/v2\/types\/post"}],"author":[{"embeddable":true,"href":"https:\/\/www.neufmois.fr\/les-confessions\/wp-json\/wp\/v2\/users\/461446"}],"replies":[{"embeddable":true,"href":"https:\/\/www.neufmois.fr\/les-confessions\/wp-json\/wp\/v2\/comments?post=315"}],"version-history":[{"count":0,"href":"https:\/\/www.neufmois.fr\/les-confessions\/wp-json\/wp\/v2\/posts\/315\/revisions"}],"wp:attachment":[{"href":"https:\/\/www.neufmois.fr\/les-confessions\/wp-json\/wp\/v2\/media?parent=315"}],"wp:term":[{"taxonomy":"category","embeddable":true,"href":"https:\/\/www.neufmois.fr\/les-confessions\/wp-json\/wp\/v2\/categories?post=315"},{"taxonomy":"post_tag","embeddable":true,"href":"https:\/\/www.neufmois.fr\/les-confessions\/wp-json\/wp\/v2\/tags?post=315"}],"curies":[{"name":"wp","href":"https:\/\/api.w.org\/{rel}","templated":true}]}}