{"id":314,"date":"2011-07-14T18:55:00","date_gmt":"2011-07-14T18:55:00","guid":{"rendered":"https:\/\/www.neufmois.fr\/les-confessions\/?p=314"},"modified":"2011-07-14T18:55:00","modified_gmt":"2011-07-14T18:55:00","slug":"burn-out-maternel","status":"publish","type":"post","link":"https:\/\/www.neufmois.fr\/les-confessions\/burn-out-maternel","title":{"rendered":"Burn out maternel"},"content":{"rendered":"<p>Bonjour, je suis maman d&rsquo;un b\u00e9b\u00e9 de 2 mois, j&rsquo;aurais besoin de vos avis, conseils, car ma maternit\u00e9 ne se passe pas comme je l&rsquo;aurais voulu! Voil\u00e0 mon accouchement s&rsquo;est bien pass\u00e9 mais le s\u00e9jour en maternit\u00e9 a \u00e9t\u00e9 une horreur! Fatigu\u00e9e, pas de visites, beaucoup de mal \u00e0 allaiter, pas le moral, puis le retour \u00e0 la maison a \u00e9t\u00e9 encore pire aucun soutien de la famille, amis car on habite loin, toujours pas de visite, je me suis retrouv\u00e9 \u00e9puis\u00e9e, je n&rsquo;arivais pas \u00e0 parler \u00e0 mon b\u00e9b\u00e9, n&rsquo;\u00e9prouv\u00e9 pas de plaisir \u00e0 m&rsquo;en occuper et ne ressentais rien pour elle de plus mon couple ne va plus on se dispute beaucoup on a envisag\u00e9 une s\u00e9paration, il est tr\u00e9s proche de la petite mais ne se l\u00e8ve pas la nuit et se garde beaucoup de temps pour lui seul, moi je ne sors pas, ne vois personne, et est 24h sur 24h avec elle. J&rsquo;ai peur d&rsquo;avoir priv\u00e9 mon b\u00e9b\u00e9 de quelquechose, d&rsquo;avoir rat\u00e9 quelquechose et d&rsquo;\u00eatre une mauvaise m\u00e9re! Je me suis fait accompagn\u00e9e par la PMI et une psy mais j&rsquo;\u00e9prouve de la honte \u00e0 parler de \u00e7a alors je dis juste que j&rsquo;ai une d\u00e9pr\u00e9ssion post partum. J&rsquo;ai lu le livre MERE EPUISEE, qui m&rsquo;a appris que ce sujet tabou touche beaucoup de femmes en r\u00e9alit\u00e9. Je suis d\u00e9sempar\u00e9e et ne trouve plus de solutions, comment m&rsquo;en sortir? Avez-vous v\u00e9cu \u00e7a? Merci<\/p>\n","protected":false},"excerpt":{"rendered":"<p>Bonjour, je suis maman d&rsquo;un b\u00e9b\u00e9 de 2 mois, j&rsquo;aurais besoin de vos avis, conseils, car ma maternit\u00e9 ne se passe pas comme je l&rsquo;aurais voulu! Voil\u00e0 mon accouchement s&rsquo;est bien pass\u00e9 mais le s\u00e9jour en maternit\u00e9 a \u00e9t\u00e9 une horreur! Fatigu\u00e9e, pas de visites, beaucoup de mal \u00e0 allaiter, pas le moral, puis le retour \u00e0 la maison a \u00e9t\u00e9 encore pire aucun soutien de la famille, amis car on habite loin, toujours pas de visite, je me suis retrouv\u00e9 \u00e9puis\u00e9e, je n&rsquo;arivais pas \u00e0 parler \u00e0 mon b\u00e9b\u00e9,<\/p>\n","protected":false},"author":461446,"featured_media":0,"comment_status":"open","ping_status":"open","sticky":false,"template":"","format":"standard","meta":[],"categories":[1],"tags":[],"yoast_head":"<!-- This site is optimized with the Yoast SEO plugin v20.4 - https:\/\/yoast.com\/wordpress\/plugins\/seo\/ -->\n<title>Burn out maternel - Les confessions<\/title>\n<meta name=\"robots\" content=\"index, follow, max-snippet:-1, max-image-preview:large, max-video-preview:-1\" \/>\n<link rel=\"canonical\" href=\"https:\/\/www.neufmois.fr\/les-confessions\/burn-out-maternel\" \/>\n<meta property=\"og:locale\" content=\"fr_FR\" \/>\n<meta property=\"og:type\" content=\"article\" \/>\n<meta property=\"og:title\" content=\"Burn out maternel - Les confessions\" \/>\n<meta property=\"og:description\" content=\"Bonjour, je suis maman d&rsquo;un b\u00e9b\u00e9 de 2 mois, j&rsquo;aurais besoin de vos avis, conseils, car ma maternit\u00e9 ne se passe pas comme je l&rsquo;aurais voulu! Voil\u00e0 mon accouchement s&rsquo;est bien pass\u00e9 mais le s\u00e9jour en maternit\u00e9 a \u00e9t\u00e9 une horreur! Fatigu\u00e9e, pas de visites, beaucoup de mal \u00e0 allaiter, pas le moral, puis le retour \u00e0 la maison a \u00e9t\u00e9 encore pire aucun soutien de la famille, amis car on habite loin, toujours pas de visite, je me suis retrouv\u00e9 \u00e9puis\u00e9e, je n&rsquo;arivais pas \u00e0 parler \u00e0 mon b\u00e9b\u00e9,\" \/>\n<meta property=\"og:url\" content=\"https:\/\/www.neufmois.fr\/les-confessions\/burn-out-maternel\" \/>\n<meta property=\"og:site_name\" content=\"Les confessions\" \/>\n<meta property=\"article:published_time\" content=\"2011-07-14T18:55:00+00:00\" \/>\n<meta name=\"author\" content=\"maman anonyme\" \/>\n<meta name=\"twitter:card\" content=\"summary_large_image\" \/>\n<meta name=\"twitter:label1\" content=\"\u00c9crit par\" \/>\n\t<meta name=\"twitter:data1\" content=\"maman anonyme\" \/>\n\t<meta name=\"twitter:label2\" content=\"Dur\u00e9e de lecture estim\u00e9e\" \/>\n\t<meta name=\"twitter:data2\" content=\"1 minute\" \/>\n<script type=\"application\/ld+json\" class=\"yoast-schema-graph\">{\"@context\":\"https:\/\/schema.org\",\"@graph\":[{\"@type\":\"WebPage\",\"@id\":\"https:\/\/www.neufmois.fr\/les-confessions\/burn-out-maternel\",\"url\":\"https:\/\/www.neufmois.fr\/les-confessions\/burn-out-maternel\",\"name\":\"Burn out maternel - Les confessions\",\"isPartOf\":{\"@id\":\"https:\/\/www.neufmois.fr\/les-confessions\/#website\"},\"datePublished\":\"2011-07-14T18:55:00+00:00\",\"dateModified\":\"2011-07-14T18:55:00+00:00\",\"author\":{\"@id\":\"https:\/\/www.neufmois.fr\/les-confessions\/#\/schema\/person\/893fe127c653ae6741f53a67962f8b5d\"},\"breadcrumb\":{\"@id\":\"https:\/\/www.neufmois.fr\/les-confessions\/burn-out-maternel#breadcrumb\"},\"inLanguage\":\"fr-FR\",\"potentialAction\":[{\"@type\":\"ReadAction\",\"target\":[\"https:\/\/www.neufmois.fr\/les-confessions\/burn-out-maternel\"]}]},{\"@type\":\"BreadcrumbList\",\"@id\":\"https:\/\/www.neufmois.fr\/les-confessions\/burn-out-maternel#breadcrumb\",\"itemListElement\":[{\"@type\":\"ListItem\",\"position\":1,\"name\":\"Accueil\",\"item\":\"https:\/\/www.neufmois.fr\/les-confessions\/\"},{\"@type\":\"ListItem\",\"position\":2,\"name\":\"Burn out maternel\"}]},{\"@type\":\"WebSite\",\"@id\":\"https:\/\/www.neufmois.fr\/les-confessions\/#website\",\"url\":\"https:\/\/www.neufmois.fr\/les-confessions\/\",\"name\":\"Les confessions\",\"description\":\" Les confessions\",\"potentialAction\":[{\"@type\":\"SearchAction\",\"target\":{\"@type\":\"EntryPoint\",\"urlTemplate\":\"https:\/\/www.neufmois.fr\/les-confessions\/?s={search_term_string}\"},\"query-input\":\"required name=search_term_string\"}],\"inLanguage\":\"fr-FR\"},{\"@type\":\"Person\",\"@id\":\"https:\/\/www.neufmois.fr\/les-confessions\/#\/schema\/person\/893fe127c653ae6741f53a67962f8b5d\",\"name\":\"maman anonyme\",\"image\":{\"@type\":\"ImageObject\",\"inLanguage\":\"fr-FR\",\"@id\":\"https:\/\/www.neufmois.fr\/les-confessions\/#\/schema\/person\/image\/\",\"url\":\"https:\/\/secure.gravatar.com\/avatar\/e4b3abeefeb17983433f333a4c54f394?s=96&d=mm&r=g\",\"contentUrl\":\"https:\/\/secure.gravatar.com\/avatar\/e4b3abeefeb17983433f333a4c54f394?s=96&d=mm&r=g\",\"caption\":\"maman anonyme\"},\"url\":\"https:\/\/www.neufmois.fr\/les-confessions\/author\/anonyme\"}]}<\/script>\n<!-- \/ Yoast SEO plugin. -->","yoast_head_json":{"title":"Burn out maternel - Les confessions","robots":{"index":"index","follow":"follow","max-snippet":"max-snippet:-1","max-image-preview":"max-image-preview:large","max-video-preview":"max-video-preview:-1"},"canonical":"https:\/\/www.neufmois.fr\/les-confessions\/burn-out-maternel","og_locale":"fr_FR","og_type":"article","og_title":"Burn out maternel - Les confessions","og_description":"Bonjour, je suis maman d&rsquo;un b\u00e9b\u00e9 de 2 mois, j&rsquo;aurais besoin de vos avis, conseils, car ma maternit\u00e9 ne se passe pas comme je l&rsquo;aurais voulu! Voil\u00e0 mon accouchement s&rsquo;est bien pass\u00e9 mais le s\u00e9jour en maternit\u00e9 a \u00e9t\u00e9 une horreur! Fatigu\u00e9e, pas de visites, beaucoup de mal \u00e0 allaiter, pas le moral, puis le retour \u00e0 la maison a \u00e9t\u00e9 encore pire aucun soutien de la famille, amis car on habite loin, toujours pas de visite, je me suis retrouv\u00e9 \u00e9puis\u00e9e, je n&rsquo;arivais pas \u00e0 parler \u00e0 mon b\u00e9b\u00e9,","og_url":"https:\/\/www.neufmois.fr\/les-confessions\/burn-out-maternel","og_site_name":"Les confessions","article_published_time":"2011-07-14T18:55:00+00:00","author":"maman anonyme","twitter_card":"summary_large_image","twitter_misc":{"\u00c9crit par":"maman anonyme","Dur\u00e9e de lecture estim\u00e9e":"1 minute"},"schema":{"@context":"https:\/\/schema.org","@graph":[{"@type":"WebPage","@id":"https:\/\/www.neufmois.fr\/les-confessions\/burn-out-maternel","url":"https:\/\/www.neufmois.fr\/les-confessions\/burn-out-maternel","name":"Burn out maternel - Les confessions","isPartOf":{"@id":"https:\/\/www.neufmois.fr\/les-confessions\/#website"},"datePublished":"2011-07-14T18:55:00+00:00","dateModified":"2011-07-14T18:55:00+00:00","author":{"@id":"https:\/\/www.neufmois.fr\/les-confessions\/#\/schema\/person\/893fe127c653ae6741f53a67962f8b5d"},"breadcrumb":{"@id":"https:\/\/www.neufmois.fr\/les-confessions\/burn-out-maternel#breadcrumb"},"inLanguage":"fr-FR","potentialAction":[{"@type":"ReadAction","target":["https:\/\/www.neufmois.fr\/les-confessions\/burn-out-maternel"]}]},{"@type":"BreadcrumbList","@id":"https:\/\/www.neufmois.fr\/les-confessions\/burn-out-maternel#breadcrumb","itemListElement":[{"@type":"ListItem","position":1,"name":"Accueil","item":"https:\/\/www.neufmois.fr\/les-confessions\/"},{"@type":"ListItem","position":2,"name":"Burn out maternel"}]},{"@type":"WebSite","@id":"https:\/\/www.neufmois.fr\/les-confessions\/#website","url":"https:\/\/www.neufmois.fr\/les-confessions\/","name":"Les confessions","description":" Les confessions","potentialAction":[{"@type":"SearchAction","target":{"@type":"EntryPoint","urlTemplate":"https:\/\/www.neufmois.fr\/les-confessions\/?s={search_term_string}"},"query-input":"required name=search_term_string"}],"inLanguage":"fr-FR"},{"@type":"Person","@id":"https:\/\/www.neufmois.fr\/les-confessions\/#\/schema\/person\/893fe127c653ae6741f53a67962f8b5d","name":"maman anonyme","image":{"@type":"ImageObject","inLanguage":"fr-FR","@id":"https:\/\/www.neufmois.fr\/les-confessions\/#\/schema\/person\/image\/","url":"https:\/\/secure.gravatar.com\/avatar\/e4b3abeefeb17983433f333a4c54f394?s=96&d=mm&r=g","contentUrl":"https:\/\/secure.gravatar.com\/avatar\/e4b3abeefeb17983433f333a4c54f394?s=96&d=mm&r=g","caption":"maman anonyme"},"url":"https:\/\/www.neufmois.fr\/les-confessions\/author\/anonyme"}]}},"amp_enabled":true,"_links":{"self":[{"href":"https:\/\/www.neufmois.fr\/les-confessions\/wp-json\/wp\/v2\/posts\/314"}],"collection":[{"href":"https:\/\/www.neufmois.fr\/les-confessions\/wp-json\/wp\/v2\/posts"}],"about":[{"href":"https:\/\/www.neufmois.fr\/les-confessions\/wp-json\/wp\/v2\/types\/post"}],"author":[{"embeddable":true,"href":"https:\/\/www.neufmois.fr\/les-confessions\/wp-json\/wp\/v2\/users\/461446"}],"replies":[{"embeddable":true,"href":"https:\/\/www.neufmois.fr\/les-confessions\/wp-json\/wp\/v2\/comments?post=314"}],"version-history":[{"count":0,"href":"https:\/\/www.neufmois.fr\/les-confessions\/wp-json\/wp\/v2\/posts\/314\/revisions"}],"wp:attachment":[{"href":"https:\/\/www.neufmois.fr\/les-confessions\/wp-json\/wp\/v2\/media?parent=314"}],"wp:term":[{"taxonomy":"category","embeddable":true,"href":"https:\/\/www.neufmois.fr\/les-confessions\/wp-json\/wp\/v2\/categories?post=314"},{"taxonomy":"post_tag","embeddable":true,"href":"https:\/\/www.neufmois.fr\/les-confessions\/wp-json\/wp\/v2\/tags?post=314"}],"curies":[{"name":"wp","href":"https:\/\/api.w.org\/{rel}","templated":true}]}}