{"id":308,"date":"2011-07-30T13:17:00","date_gmt":"2011-07-30T13:17:00","guid":{"rendered":"https:\/\/www.neufmois.fr\/les-confessions\/?p=308"},"modified":"2011-07-30T13:17:00","modified_gmt":"2011-07-30T13:17:00","slug":"burn-out-complet-peur-de-moi-meme","status":"publish","type":"post","link":"https:\/\/www.neufmois.fr\/les-confessions\/burn-out-complet-peur-de-moi-meme","title":{"rendered":"Burn out complet peur de moi meme"},"content":{"rendered":"<p>Bonjour, je suis enceinte de b\u00e9b\u00e9 2 je suis allit\u00e9e depuis 15 jours et mon homme ne m&rsquo;aide pas. On passe notre temps \u00e0 s&rsquo;engueler hier enfin dans la nuit j&rsquo;en pouvais plus je lui ai ecrit une lettre lui disant que je deviens folle et je suis all\u00e9e chercher les somniferes spasfon ibuprofene parce que j&rsquo;en peux plus de cette vie de merde, de cette grossesse de merde, je vis tr\u00e8s tr\u00e8s mal cette grossesse. Je dors plus du tout, je passe mon temps \u00e0 pleurer. Il a lu la lettre tout de suite et est arriv\u00e9 juste \u00e0 temps avant que je prenne tous les m\u00e9dicaments je ne voulais pas les l\u00e2cher, je le frappais et le mordais en pleurant. Je ne me reconnais plus et j&rsquo;ai terriblement peur de moi m\u00eame. En effet j&rsquo;ai d\u00e9j\u00e0 fait une tentative de suicide en f\u00e9vrier 2010 et 2 autres \u00e9tant adolescente&#8230; Je suis \u00e0 bout de nerfs, on a d\u00e9m\u00e9nag\u00e9 dans une autre ville r\u00e9cemment et je connais personne, ma famille est loin, mes amis aussi je n&rsquo;en peux vraiment plus. Alors que je dois rester couch\u00e9e, apr\u00e8s une dispute lundi soir j&rsquo;ai claqu\u00e9 la porte et j&rsquo;ai couru \u00e0 2h du matin jusqu\u2019\u00e0 ce que les contractions m\u2019arr\u00eatent de douleurs et que je puisse m\u00eame plus avancer&#8230; Je ne sais vraiment plus quoi faire, y a t-il eu d&rsquo;autres mamans dans mon cas? Dois-je en parler \u00e0 la sage femme, \u00e0 mon prochain rendez-vous du 4 ao\u00fbt? Me faire hospitaliser alors que je n&rsquo;ai plus de mutuelle? J&rsquo;ai vraiment besoin d&rsquo;aide rapidement. Merci<\/p>\n","protected":false},"excerpt":{"rendered":"<p>Bonjour, je suis enceinte de b\u00e9b\u00e9 2 je suis allit\u00e9e depuis 15 jours et mon homme ne m&rsquo;aide pas. On passe notre temps \u00e0 s&rsquo;engueler hier enfin dans la nuit j&rsquo;en pouvais plus je lui ai ecrit une lettre lui disant que je deviens folle et je suis all\u00e9e chercher les somniferes spasfon ibuprofene parce que j&rsquo;en peux plus de cette vie de merde, de cette grossesse de merde, je vis tr\u00e8s tr\u00e8s mal cette grossesse. Je dors plus du tout, je passe mon temps \u00e0 pleurer. Il a lu<\/p>\n","protected":false},"author":461446,"featured_media":0,"comment_status":"open","ping_status":"open","sticky":false,"template":"","format":"standard","meta":[],"categories":[1],"tags":[],"yoast_head":"<!-- This site is optimized with the Yoast SEO plugin v20.4 - https:\/\/yoast.com\/wordpress\/plugins\/seo\/ -->\n<title>Burn out complet peur de moi meme - Les confessions<\/title>\n<meta name=\"robots\" content=\"index, follow, max-snippet:-1, max-image-preview:large, max-video-preview:-1\" \/>\n<link rel=\"canonical\" href=\"https:\/\/www.neufmois.fr\/les-confessions\/burn-out-complet-peur-de-moi-meme\" \/>\n<meta property=\"og:locale\" content=\"fr_FR\" \/>\n<meta property=\"og:type\" content=\"article\" \/>\n<meta property=\"og:title\" content=\"Burn out complet peur de moi meme - Les confessions\" \/>\n<meta property=\"og:description\" content=\"Bonjour, je suis enceinte de b\u00e9b\u00e9 2 je suis allit\u00e9e depuis 15 jours et mon homme ne m&rsquo;aide pas. On passe notre temps \u00e0 s&rsquo;engueler hier enfin dans la nuit j&rsquo;en pouvais plus je lui ai ecrit une lettre lui disant que je deviens folle et je suis all\u00e9e chercher les somniferes spasfon ibuprofene parce que j&rsquo;en peux plus de cette vie de merde, de cette grossesse de merde, je vis tr\u00e8s tr\u00e8s mal cette grossesse. Je dors plus du tout, je passe mon temps \u00e0 pleurer. Il a lu\" \/>\n<meta property=\"og:url\" content=\"https:\/\/www.neufmois.fr\/les-confessions\/burn-out-complet-peur-de-moi-meme\" \/>\n<meta property=\"og:site_name\" content=\"Les confessions\" \/>\n<meta property=\"article:published_time\" content=\"2011-07-30T13:17:00+00:00\" \/>\n<meta name=\"author\" content=\"maman anonyme\" \/>\n<meta name=\"twitter:card\" content=\"summary_large_image\" \/>\n<meta name=\"twitter:label1\" content=\"\u00c9crit par\" \/>\n\t<meta name=\"twitter:data1\" content=\"maman anonyme\" \/>\n\t<meta name=\"twitter:label2\" content=\"Dur\u00e9e de lecture estim\u00e9e\" \/>\n\t<meta name=\"twitter:data2\" content=\"1 minute\" \/>\n<script type=\"application\/ld+json\" class=\"yoast-schema-graph\">{\"@context\":\"https:\/\/schema.org\",\"@graph\":[{\"@type\":\"WebPage\",\"@id\":\"https:\/\/www.neufmois.fr\/les-confessions\/burn-out-complet-peur-de-moi-meme\",\"url\":\"https:\/\/www.neufmois.fr\/les-confessions\/burn-out-complet-peur-de-moi-meme\",\"name\":\"Burn out complet peur de moi meme - Les confessions\",\"isPartOf\":{\"@id\":\"https:\/\/www.neufmois.fr\/les-confessions\/#website\"},\"datePublished\":\"2011-07-30T13:17:00+00:00\",\"dateModified\":\"2011-07-30T13:17:00+00:00\",\"author\":{\"@id\":\"https:\/\/www.neufmois.fr\/les-confessions\/#\/schema\/person\/893fe127c653ae6741f53a67962f8b5d\"},\"breadcrumb\":{\"@id\":\"https:\/\/www.neufmois.fr\/les-confessions\/burn-out-complet-peur-de-moi-meme#breadcrumb\"},\"inLanguage\":\"fr-FR\",\"potentialAction\":[{\"@type\":\"ReadAction\",\"target\":[\"https:\/\/www.neufmois.fr\/les-confessions\/burn-out-complet-peur-de-moi-meme\"]}]},{\"@type\":\"BreadcrumbList\",\"@id\":\"https:\/\/www.neufmois.fr\/les-confessions\/burn-out-complet-peur-de-moi-meme#breadcrumb\",\"itemListElement\":[{\"@type\":\"ListItem\",\"position\":1,\"name\":\"Accueil\",\"item\":\"https:\/\/www.neufmois.fr\/les-confessions\/\"},{\"@type\":\"ListItem\",\"position\":2,\"name\":\"Burn out complet peur de moi meme\"}]},{\"@type\":\"WebSite\",\"@id\":\"https:\/\/www.neufmois.fr\/les-confessions\/#website\",\"url\":\"https:\/\/www.neufmois.fr\/les-confessions\/\",\"name\":\"Les confessions\",\"description\":\" Les confessions\",\"potentialAction\":[{\"@type\":\"SearchAction\",\"target\":{\"@type\":\"EntryPoint\",\"urlTemplate\":\"https:\/\/www.neufmois.fr\/les-confessions\/?s={search_term_string}\"},\"query-input\":\"required name=search_term_string\"}],\"inLanguage\":\"fr-FR\"},{\"@type\":\"Person\",\"@id\":\"https:\/\/www.neufmois.fr\/les-confessions\/#\/schema\/person\/893fe127c653ae6741f53a67962f8b5d\",\"name\":\"maman anonyme\",\"image\":{\"@type\":\"ImageObject\",\"inLanguage\":\"fr-FR\",\"@id\":\"https:\/\/www.neufmois.fr\/les-confessions\/#\/schema\/person\/image\/\",\"url\":\"https:\/\/secure.gravatar.com\/avatar\/e4b3abeefeb17983433f333a4c54f394?s=96&d=mm&r=g\",\"contentUrl\":\"https:\/\/secure.gravatar.com\/avatar\/e4b3abeefeb17983433f333a4c54f394?s=96&d=mm&r=g\",\"caption\":\"maman anonyme\"},\"url\":\"https:\/\/www.neufmois.fr\/les-confessions\/author\/anonyme\"}]}<\/script>\n<!-- \/ Yoast SEO plugin. -->","yoast_head_json":{"title":"Burn out complet peur de moi meme - Les confessions","robots":{"index":"index","follow":"follow","max-snippet":"max-snippet:-1","max-image-preview":"max-image-preview:large","max-video-preview":"max-video-preview:-1"},"canonical":"https:\/\/www.neufmois.fr\/les-confessions\/burn-out-complet-peur-de-moi-meme","og_locale":"fr_FR","og_type":"article","og_title":"Burn out complet peur de moi meme - Les confessions","og_description":"Bonjour, je suis enceinte de b\u00e9b\u00e9 2 je suis allit\u00e9e depuis 15 jours et mon homme ne m&rsquo;aide pas. On passe notre temps \u00e0 s&rsquo;engueler hier enfin dans la nuit j&rsquo;en pouvais plus je lui ai ecrit une lettre lui disant que je deviens folle et je suis all\u00e9e chercher les somniferes spasfon ibuprofene parce que j&rsquo;en peux plus de cette vie de merde, de cette grossesse de merde, je vis tr\u00e8s tr\u00e8s mal cette grossesse. Je dors plus du tout, je passe mon temps \u00e0 pleurer. Il a lu","og_url":"https:\/\/www.neufmois.fr\/les-confessions\/burn-out-complet-peur-de-moi-meme","og_site_name":"Les confessions","article_published_time":"2011-07-30T13:17:00+00:00","author":"maman anonyme","twitter_card":"summary_large_image","twitter_misc":{"\u00c9crit par":"maman anonyme","Dur\u00e9e de lecture estim\u00e9e":"1 minute"},"schema":{"@context":"https:\/\/schema.org","@graph":[{"@type":"WebPage","@id":"https:\/\/www.neufmois.fr\/les-confessions\/burn-out-complet-peur-de-moi-meme","url":"https:\/\/www.neufmois.fr\/les-confessions\/burn-out-complet-peur-de-moi-meme","name":"Burn out complet peur de moi meme - Les confessions","isPartOf":{"@id":"https:\/\/www.neufmois.fr\/les-confessions\/#website"},"datePublished":"2011-07-30T13:17:00+00:00","dateModified":"2011-07-30T13:17:00+00:00","author":{"@id":"https:\/\/www.neufmois.fr\/les-confessions\/#\/schema\/person\/893fe127c653ae6741f53a67962f8b5d"},"breadcrumb":{"@id":"https:\/\/www.neufmois.fr\/les-confessions\/burn-out-complet-peur-de-moi-meme#breadcrumb"},"inLanguage":"fr-FR","potentialAction":[{"@type":"ReadAction","target":["https:\/\/www.neufmois.fr\/les-confessions\/burn-out-complet-peur-de-moi-meme"]}]},{"@type":"BreadcrumbList","@id":"https:\/\/www.neufmois.fr\/les-confessions\/burn-out-complet-peur-de-moi-meme#breadcrumb","itemListElement":[{"@type":"ListItem","position":1,"name":"Accueil","item":"https:\/\/www.neufmois.fr\/les-confessions\/"},{"@type":"ListItem","position":2,"name":"Burn out complet peur de moi meme"}]},{"@type":"WebSite","@id":"https:\/\/www.neufmois.fr\/les-confessions\/#website","url":"https:\/\/www.neufmois.fr\/les-confessions\/","name":"Les confessions","description":" Les confessions","potentialAction":[{"@type":"SearchAction","target":{"@type":"EntryPoint","urlTemplate":"https:\/\/www.neufmois.fr\/les-confessions\/?s={search_term_string}"},"query-input":"required name=search_term_string"}],"inLanguage":"fr-FR"},{"@type":"Person","@id":"https:\/\/www.neufmois.fr\/les-confessions\/#\/schema\/person\/893fe127c653ae6741f53a67962f8b5d","name":"maman anonyme","image":{"@type":"ImageObject","inLanguage":"fr-FR","@id":"https:\/\/www.neufmois.fr\/les-confessions\/#\/schema\/person\/image\/","url":"https:\/\/secure.gravatar.com\/avatar\/e4b3abeefeb17983433f333a4c54f394?s=96&d=mm&r=g","contentUrl":"https:\/\/secure.gravatar.com\/avatar\/e4b3abeefeb17983433f333a4c54f394?s=96&d=mm&r=g","caption":"maman anonyme"},"url":"https:\/\/www.neufmois.fr\/les-confessions\/author\/anonyme"}]}},"amp_enabled":true,"_links":{"self":[{"href":"https:\/\/www.neufmois.fr\/les-confessions\/wp-json\/wp\/v2\/posts\/308"}],"collection":[{"href":"https:\/\/www.neufmois.fr\/les-confessions\/wp-json\/wp\/v2\/posts"}],"about":[{"href":"https:\/\/www.neufmois.fr\/les-confessions\/wp-json\/wp\/v2\/types\/post"}],"author":[{"embeddable":true,"href":"https:\/\/www.neufmois.fr\/les-confessions\/wp-json\/wp\/v2\/users\/461446"}],"replies":[{"embeddable":true,"href":"https:\/\/www.neufmois.fr\/les-confessions\/wp-json\/wp\/v2\/comments?post=308"}],"version-history":[{"count":0,"href":"https:\/\/www.neufmois.fr\/les-confessions\/wp-json\/wp\/v2\/posts\/308\/revisions"}],"wp:attachment":[{"href":"https:\/\/www.neufmois.fr\/les-confessions\/wp-json\/wp\/v2\/media?parent=308"}],"wp:term":[{"taxonomy":"category","embeddable":true,"href":"https:\/\/www.neufmois.fr\/les-confessions\/wp-json\/wp\/v2\/categories?post=308"},{"taxonomy":"post_tag","embeddable":true,"href":"https:\/\/www.neufmois.fr\/les-confessions\/wp-json\/wp\/v2\/tags?post=308"}],"curies":[{"name":"wp","href":"https:\/\/api.w.org\/{rel}","templated":true}]}}