{"id":307,"date":"2011-07-31T08:56:00","date_gmt":"2011-07-31T08:56:00","guid":{"rendered":"https:\/\/www.neufmois.fr\/les-confessions\/?p=307"},"modified":"2011-07-31T08:56:00","modified_gmt":"2011-07-31T08:56:00","slug":"il-ne-me-comprend-pas","status":"publish","type":"post","link":"https:\/\/www.neufmois.fr\/les-confessions\/il-ne-me-comprend-pas","title":{"rendered":"Il ne me comprend pas"},"content":{"rendered":"<p>Besoin de me confier, pas le moral&#8230;<br \/>\nVoil\u00e0 j&rsquo;ai accouch\u00e9 d&rsquo;un petit gar\u00e7on le 4 juillet et je l&rsquo;allaite.<br \/>\nMais depuis quelques jours je pense \u00e0 commencer \u00e0 faire un mixe bib\/allaitement pour que mon conjoint puisse m&rsquo;aider, surtout la nuit.<br \/>\nJ&rsquo;en ai parl\u00e9 \u00e0 mon conjoint mais il ne semble pas d&rsquo;accord du tout ! Il me dit qu&rsquo;il vaut mieux attendre encore 1 mois avant de lui donner du lait artificiel et que en gros, fallait que j&rsquo;assume sachant que j&rsquo;avais d\u00e9cid\u00e9 d&rsquo;allaiter.<br \/>\nSeulement le probl\u00e8me c&rsquo;est que \u00e7a va de plus en plus mal niveau moral, maintenant \u00e7a arrive tr\u00e8s souvent que je me mette \u00e0 pleurer la nuit quand je l&rsquo;allaite.<br \/>\nC&rsquo;est arriv\u00e9 cette nuit et ce matin quand je l&rsquo;allaitais, mon conjoint \u00e9tait allong\u00e9 \u00e0 c\u00f4t\u00e9 de nous et je me suis mise \u00e0 pleurer, je lui ai mis mon fils dans les bras pour souffler un peu et je lui ai dit \u00a0\u00bb \u00e7a peux plus continuer comme \u00e7a, je vais pas tenir 1 mois de plus ! \u00a0\u00bb Il m&rsquo;a redonn\u00e9 mon fils, me l&rsquo;a mis sur le sein et je lui ai dit \u00a0\u00bb Peu importe ce que tu penses, je vais lui donner le biberon !!\u00a0\u00bb ( tout en pleurant ). Il me r\u00e9pond \u00a0\u00bb et je n&rsquo;ai pas mon mot \u00e0 dire ?\u00a0\u00bb moi : \u00a0\u00bb C&rsquo;est pas \u00e7a mais comprend moi, l\u00e0 c&rsquo;est de mon \u00e9tat psychologique que l&rsquo;on parle, je pleure de plus en plus \u00a0\u00bb lui \u00a0\u00bb ouai ouai c&rsquo;est \u00e7a&#8230;\u00a0\u00bb il s&rsquo;est retourn\u00e9 et s&rsquo;est rendormi en me laissant chialer ! Voil\u00e0 il n&rsquo;arrive pas \u00e0 comprendre que j&rsquo;en peux plus de l&rsquo;allaitement, mon fils demande beaucoup et souvent \u00e7a dure longtemps. Tant pis, je continue d&rsquo;allaiter encore 1 mois et tant pis pour mon moral&#8230;le risque c&rsquo;est que \u00e7a joue sur la lactation, mais \u00e7a monsieur ne comprend pas non plus&#8230; <\/p>\n","protected":false},"excerpt":{"rendered":"<p>Besoin de me confier, pas le moral&#8230; Voil\u00e0 j&rsquo;ai accouch\u00e9 d&rsquo;un petit gar\u00e7on le 4 juillet et je l&rsquo;allaite. Mais depuis quelques jours je pense \u00e0 commencer \u00e0 faire un mixe bib\/allaitement pour que mon conjoint puisse m&rsquo;aider, surtout la nuit. J&rsquo;en ai parl\u00e9 \u00e0 mon conjoint mais il ne semble pas d&rsquo;accord du tout ! Il me dit qu&rsquo;il vaut mieux attendre encore 1 mois avant de lui donner du lait artificiel et que en gros, fallait que j&rsquo;assume sachant que j&rsquo;avais d\u00e9cid\u00e9 d&rsquo;allaiter. Seulement le probl\u00e8me c&rsquo;est que<\/p>\n","protected":false},"author":461446,"featured_media":0,"comment_status":"open","ping_status":"open","sticky":false,"template":"","format":"standard","meta":[],"categories":[1],"tags":[],"yoast_head":"<!-- This site is optimized with the Yoast SEO plugin v20.4 - https:\/\/yoast.com\/wordpress\/plugins\/seo\/ -->\n<title>Il ne me comprend pas - Les confessions<\/title>\n<meta name=\"robots\" content=\"index, follow, max-snippet:-1, max-image-preview:large, max-video-preview:-1\" \/>\n<link rel=\"canonical\" href=\"https:\/\/www.neufmois.fr\/les-confessions\/il-ne-me-comprend-pas\" \/>\n<meta property=\"og:locale\" content=\"fr_FR\" \/>\n<meta property=\"og:type\" content=\"article\" \/>\n<meta property=\"og:title\" content=\"Il ne me comprend pas - Les confessions\" \/>\n<meta property=\"og:description\" content=\"Besoin de me confier, pas le moral&#8230; Voil\u00e0 j&rsquo;ai accouch\u00e9 d&rsquo;un petit gar\u00e7on le 4 juillet et je l&rsquo;allaite. Mais depuis quelques jours je pense \u00e0 commencer \u00e0 faire un mixe bib\/allaitement pour que mon conjoint puisse m&rsquo;aider, surtout la nuit. J&rsquo;en ai parl\u00e9 \u00e0 mon conjoint mais il ne semble pas d&rsquo;accord du tout ! Il me dit qu&rsquo;il vaut mieux attendre encore 1 mois avant de lui donner du lait artificiel et que en gros, fallait que j&rsquo;assume sachant que j&rsquo;avais d\u00e9cid\u00e9 d&rsquo;allaiter. Seulement le probl\u00e8me c&rsquo;est que\" \/>\n<meta property=\"og:url\" content=\"https:\/\/www.neufmois.fr\/les-confessions\/il-ne-me-comprend-pas\" \/>\n<meta property=\"og:site_name\" content=\"Les confessions\" \/>\n<meta property=\"article:published_time\" content=\"2011-07-31T08:56:00+00:00\" \/>\n<meta name=\"author\" content=\"maman anonyme\" \/>\n<meta name=\"twitter:card\" content=\"summary_large_image\" \/>\n<meta name=\"twitter:label1\" content=\"\u00c9crit par\" \/>\n\t<meta name=\"twitter:data1\" content=\"maman anonyme\" \/>\n\t<meta name=\"twitter:label2\" content=\"Dur\u00e9e de lecture estim\u00e9e\" \/>\n\t<meta name=\"twitter:data2\" content=\"1 minute\" \/>\n<script type=\"application\/ld+json\" class=\"yoast-schema-graph\">{\"@context\":\"https:\/\/schema.org\",\"@graph\":[{\"@type\":\"WebPage\",\"@id\":\"https:\/\/www.neufmois.fr\/les-confessions\/il-ne-me-comprend-pas\",\"url\":\"https:\/\/www.neufmois.fr\/les-confessions\/il-ne-me-comprend-pas\",\"name\":\"Il ne me comprend pas - Les confessions\",\"isPartOf\":{\"@id\":\"https:\/\/www.neufmois.fr\/les-confessions\/#website\"},\"datePublished\":\"2011-07-31T08:56:00+00:00\",\"dateModified\":\"2011-07-31T08:56:00+00:00\",\"author\":{\"@id\":\"https:\/\/www.neufmois.fr\/les-confessions\/#\/schema\/person\/893fe127c653ae6741f53a67962f8b5d\"},\"breadcrumb\":{\"@id\":\"https:\/\/www.neufmois.fr\/les-confessions\/il-ne-me-comprend-pas#breadcrumb\"},\"inLanguage\":\"fr-FR\",\"potentialAction\":[{\"@type\":\"ReadAction\",\"target\":[\"https:\/\/www.neufmois.fr\/les-confessions\/il-ne-me-comprend-pas\"]}]},{\"@type\":\"BreadcrumbList\",\"@id\":\"https:\/\/www.neufmois.fr\/les-confessions\/il-ne-me-comprend-pas#breadcrumb\",\"itemListElement\":[{\"@type\":\"ListItem\",\"position\":1,\"name\":\"Accueil\",\"item\":\"https:\/\/www.neufmois.fr\/les-confessions\/\"},{\"@type\":\"ListItem\",\"position\":2,\"name\":\"Il ne me comprend pas\"}]},{\"@type\":\"WebSite\",\"@id\":\"https:\/\/www.neufmois.fr\/les-confessions\/#website\",\"url\":\"https:\/\/www.neufmois.fr\/les-confessions\/\",\"name\":\"Les confessions\",\"description\":\" Les confessions\",\"potentialAction\":[{\"@type\":\"SearchAction\",\"target\":{\"@type\":\"EntryPoint\",\"urlTemplate\":\"https:\/\/www.neufmois.fr\/les-confessions\/?s={search_term_string}\"},\"query-input\":\"required name=search_term_string\"}],\"inLanguage\":\"fr-FR\"},{\"@type\":\"Person\",\"@id\":\"https:\/\/www.neufmois.fr\/les-confessions\/#\/schema\/person\/893fe127c653ae6741f53a67962f8b5d\",\"name\":\"maman anonyme\",\"image\":{\"@type\":\"ImageObject\",\"inLanguage\":\"fr-FR\",\"@id\":\"https:\/\/www.neufmois.fr\/les-confessions\/#\/schema\/person\/image\/\",\"url\":\"https:\/\/secure.gravatar.com\/avatar\/e4b3abeefeb17983433f333a4c54f394?s=96&d=mm&r=g\",\"contentUrl\":\"https:\/\/secure.gravatar.com\/avatar\/e4b3abeefeb17983433f333a4c54f394?s=96&d=mm&r=g\",\"caption\":\"maman anonyme\"},\"url\":\"https:\/\/www.neufmois.fr\/les-confessions\/author\/anonyme\"}]}<\/script>\n<!-- \/ Yoast SEO plugin. -->","yoast_head_json":{"title":"Il ne me comprend pas - Les confessions","robots":{"index":"index","follow":"follow","max-snippet":"max-snippet:-1","max-image-preview":"max-image-preview:large","max-video-preview":"max-video-preview:-1"},"canonical":"https:\/\/www.neufmois.fr\/les-confessions\/il-ne-me-comprend-pas","og_locale":"fr_FR","og_type":"article","og_title":"Il ne me comprend pas - Les confessions","og_description":"Besoin de me confier, pas le moral&#8230; Voil\u00e0 j&rsquo;ai accouch\u00e9 d&rsquo;un petit gar\u00e7on le 4 juillet et je l&rsquo;allaite. Mais depuis quelques jours je pense \u00e0 commencer \u00e0 faire un mixe bib\/allaitement pour que mon conjoint puisse m&rsquo;aider, surtout la nuit. J&rsquo;en ai parl\u00e9 \u00e0 mon conjoint mais il ne semble pas d&rsquo;accord du tout ! Il me dit qu&rsquo;il vaut mieux attendre encore 1 mois avant de lui donner du lait artificiel et que en gros, fallait que j&rsquo;assume sachant que j&rsquo;avais d\u00e9cid\u00e9 d&rsquo;allaiter. Seulement le probl\u00e8me c&rsquo;est que","og_url":"https:\/\/www.neufmois.fr\/les-confessions\/il-ne-me-comprend-pas","og_site_name":"Les confessions","article_published_time":"2011-07-31T08:56:00+00:00","author":"maman anonyme","twitter_card":"summary_large_image","twitter_misc":{"\u00c9crit par":"maman anonyme","Dur\u00e9e de lecture estim\u00e9e":"1 minute"},"schema":{"@context":"https:\/\/schema.org","@graph":[{"@type":"WebPage","@id":"https:\/\/www.neufmois.fr\/les-confessions\/il-ne-me-comprend-pas","url":"https:\/\/www.neufmois.fr\/les-confessions\/il-ne-me-comprend-pas","name":"Il ne me comprend pas - Les confessions","isPartOf":{"@id":"https:\/\/www.neufmois.fr\/les-confessions\/#website"},"datePublished":"2011-07-31T08:56:00+00:00","dateModified":"2011-07-31T08:56:00+00:00","author":{"@id":"https:\/\/www.neufmois.fr\/les-confessions\/#\/schema\/person\/893fe127c653ae6741f53a67962f8b5d"},"breadcrumb":{"@id":"https:\/\/www.neufmois.fr\/les-confessions\/il-ne-me-comprend-pas#breadcrumb"},"inLanguage":"fr-FR","potentialAction":[{"@type":"ReadAction","target":["https:\/\/www.neufmois.fr\/les-confessions\/il-ne-me-comprend-pas"]}]},{"@type":"BreadcrumbList","@id":"https:\/\/www.neufmois.fr\/les-confessions\/il-ne-me-comprend-pas#breadcrumb","itemListElement":[{"@type":"ListItem","position":1,"name":"Accueil","item":"https:\/\/www.neufmois.fr\/les-confessions\/"},{"@type":"ListItem","position":2,"name":"Il ne me comprend pas"}]},{"@type":"WebSite","@id":"https:\/\/www.neufmois.fr\/les-confessions\/#website","url":"https:\/\/www.neufmois.fr\/les-confessions\/","name":"Les confessions","description":" Les confessions","potentialAction":[{"@type":"SearchAction","target":{"@type":"EntryPoint","urlTemplate":"https:\/\/www.neufmois.fr\/les-confessions\/?s={search_term_string}"},"query-input":"required name=search_term_string"}],"inLanguage":"fr-FR"},{"@type":"Person","@id":"https:\/\/www.neufmois.fr\/les-confessions\/#\/schema\/person\/893fe127c653ae6741f53a67962f8b5d","name":"maman anonyme","image":{"@type":"ImageObject","inLanguage":"fr-FR","@id":"https:\/\/www.neufmois.fr\/les-confessions\/#\/schema\/person\/image\/","url":"https:\/\/secure.gravatar.com\/avatar\/e4b3abeefeb17983433f333a4c54f394?s=96&d=mm&r=g","contentUrl":"https:\/\/secure.gravatar.com\/avatar\/e4b3abeefeb17983433f333a4c54f394?s=96&d=mm&r=g","caption":"maman anonyme"},"url":"https:\/\/www.neufmois.fr\/les-confessions\/author\/anonyme"}]}},"amp_enabled":true,"_links":{"self":[{"href":"https:\/\/www.neufmois.fr\/les-confessions\/wp-json\/wp\/v2\/posts\/307"}],"collection":[{"href":"https:\/\/www.neufmois.fr\/les-confessions\/wp-json\/wp\/v2\/posts"}],"about":[{"href":"https:\/\/www.neufmois.fr\/les-confessions\/wp-json\/wp\/v2\/types\/post"}],"author":[{"embeddable":true,"href":"https:\/\/www.neufmois.fr\/les-confessions\/wp-json\/wp\/v2\/users\/461446"}],"replies":[{"embeddable":true,"href":"https:\/\/www.neufmois.fr\/les-confessions\/wp-json\/wp\/v2\/comments?post=307"}],"version-history":[{"count":0,"href":"https:\/\/www.neufmois.fr\/les-confessions\/wp-json\/wp\/v2\/posts\/307\/revisions"}],"wp:attachment":[{"href":"https:\/\/www.neufmois.fr\/les-confessions\/wp-json\/wp\/v2\/media?parent=307"}],"wp:term":[{"taxonomy":"category","embeddable":true,"href":"https:\/\/www.neufmois.fr\/les-confessions\/wp-json\/wp\/v2\/categories?post=307"},{"taxonomy":"post_tag","embeddable":true,"href":"https:\/\/www.neufmois.fr\/les-confessions\/wp-json\/wp\/v2\/tags?post=307"}],"curies":[{"name":"wp","href":"https:\/\/api.w.org\/{rel}","templated":true}]}}