{"id":306,"date":"2011-08-03T14:37:00","date_gmt":"2011-08-03T14:37:00","guid":{"rendered":"https:\/\/www.neufmois.fr\/les-confessions\/?p=306"},"modified":"2011-08-03T14:37:00","modified_gmt":"2011-08-03T14:37:00","slug":"loin-de-mon-cheri","status":"publish","type":"post","link":"https:\/\/www.neufmois.fr\/les-confessions\/loin-de-mon-cheri","title":{"rendered":"Loin de mon ch\u00e9ri"},"content":{"rendered":"<p>Coucou, je suis enceinte de 6 mois et je me trouve \u00e0 800km de mon ch\u00e9ri car nous ne sommes pas de la meme r\u00e9gion et \u00e0 cause de son travail, du logement et faute de moyens nous ne pouvons nous retrouver pour le moment, j&rsquo;ai bien peur de me retrouver seule \u00e0 l accouchement d\u00e9j\u00e0 que je passe seule ma grossesse je suis en depression, je me sens coupable de cette impuissance face \u00e0 la situation, il me manque terriblement, je me demande combien de temps va encore durer le calvaire et si il n&rsquo;est pas l\u00e0 \u00e0 la naissance de notre fils j&rsquo;ai bien peur d&rsquo;etre toujours d\u00e9pressive et que ce petit bout le ressente et que je ne puisse donc pas en profiter pleinement et sereinement.<\/p>\n","protected":false},"excerpt":{"rendered":"<p>Coucou, je suis enceinte de 6 mois et je me trouve \u00e0 800km de mon ch\u00e9ri car nous ne sommes pas de la meme r\u00e9gion et \u00e0 cause de son travail, du logement et faute de moyens nous ne pouvons nous retrouver pour le moment, j&rsquo;ai bien peur de me retrouver seule \u00e0 l accouchement d\u00e9j\u00e0 que je passe seule ma grossesse je suis en depression, je me sens coupable de cette impuissance face \u00e0 la situation, il me manque terriblement, je me demande combien de temps va encore durer<\/p>\n","protected":false},"author":461446,"featured_media":0,"comment_status":"open","ping_status":"open","sticky":false,"template":"","format":"standard","meta":[],"categories":[1],"tags":[],"yoast_head":"<!-- This site is optimized with the Yoast SEO plugin v20.4 - https:\/\/yoast.com\/wordpress\/plugins\/seo\/ -->\n<title>Loin de mon ch\u00e9ri - Les confessions<\/title>\n<meta name=\"robots\" content=\"index, follow, max-snippet:-1, max-image-preview:large, max-video-preview:-1\" \/>\n<link rel=\"canonical\" href=\"https:\/\/www.neufmois.fr\/les-confessions\/loin-de-mon-cheri\" \/>\n<meta property=\"og:locale\" content=\"fr_FR\" \/>\n<meta property=\"og:type\" content=\"article\" \/>\n<meta property=\"og:title\" content=\"Loin de mon ch\u00e9ri - Les confessions\" \/>\n<meta property=\"og:description\" content=\"Coucou, je suis enceinte de 6 mois et je me trouve \u00e0 800km de mon ch\u00e9ri car nous ne sommes pas de la meme r\u00e9gion et \u00e0 cause de son travail, du logement et faute de moyens nous ne pouvons nous retrouver pour le moment, j&rsquo;ai bien peur de me retrouver seule \u00e0 l accouchement d\u00e9j\u00e0 que je passe seule ma grossesse je suis en depression, je me sens coupable de cette impuissance face \u00e0 la situation, il me manque terriblement, je me demande combien de temps va encore durer\" \/>\n<meta property=\"og:url\" content=\"https:\/\/www.neufmois.fr\/les-confessions\/loin-de-mon-cheri\" \/>\n<meta property=\"og:site_name\" content=\"Les confessions\" \/>\n<meta property=\"article:published_time\" content=\"2011-08-03T14:37:00+00:00\" \/>\n<meta name=\"author\" content=\"maman anonyme\" \/>\n<meta name=\"twitter:card\" content=\"summary_large_image\" \/>\n<meta name=\"twitter:label1\" content=\"\u00c9crit par\" \/>\n\t<meta name=\"twitter:data1\" content=\"maman anonyme\" \/>\n\t<meta name=\"twitter:label2\" content=\"Dur\u00e9e de lecture estim\u00e9e\" \/>\n\t<meta name=\"twitter:data2\" content=\"1 minute\" \/>\n<script type=\"application\/ld+json\" class=\"yoast-schema-graph\">{\"@context\":\"https:\/\/schema.org\",\"@graph\":[{\"@type\":\"WebPage\",\"@id\":\"https:\/\/www.neufmois.fr\/les-confessions\/loin-de-mon-cheri\",\"url\":\"https:\/\/www.neufmois.fr\/les-confessions\/loin-de-mon-cheri\",\"name\":\"Loin de mon ch\u00e9ri - Les confessions\",\"isPartOf\":{\"@id\":\"https:\/\/www.neufmois.fr\/les-confessions\/#website\"},\"datePublished\":\"2011-08-03T14:37:00+00:00\",\"dateModified\":\"2011-08-03T14:37:00+00:00\",\"author\":{\"@id\":\"https:\/\/www.neufmois.fr\/les-confessions\/#\/schema\/person\/893fe127c653ae6741f53a67962f8b5d\"},\"breadcrumb\":{\"@id\":\"https:\/\/www.neufmois.fr\/les-confessions\/loin-de-mon-cheri#breadcrumb\"},\"inLanguage\":\"fr-FR\",\"potentialAction\":[{\"@type\":\"ReadAction\",\"target\":[\"https:\/\/www.neufmois.fr\/les-confessions\/loin-de-mon-cheri\"]}]},{\"@type\":\"BreadcrumbList\",\"@id\":\"https:\/\/www.neufmois.fr\/les-confessions\/loin-de-mon-cheri#breadcrumb\",\"itemListElement\":[{\"@type\":\"ListItem\",\"position\":1,\"name\":\"Accueil\",\"item\":\"https:\/\/www.neufmois.fr\/les-confessions\/\"},{\"@type\":\"ListItem\",\"position\":2,\"name\":\"Loin de mon ch\u00e9ri\"}]},{\"@type\":\"WebSite\",\"@id\":\"https:\/\/www.neufmois.fr\/les-confessions\/#website\",\"url\":\"https:\/\/www.neufmois.fr\/les-confessions\/\",\"name\":\"Les confessions\",\"description\":\" Les confessions\",\"potentialAction\":[{\"@type\":\"SearchAction\",\"target\":{\"@type\":\"EntryPoint\",\"urlTemplate\":\"https:\/\/www.neufmois.fr\/les-confessions\/?s={search_term_string}\"},\"query-input\":\"required name=search_term_string\"}],\"inLanguage\":\"fr-FR\"},{\"@type\":\"Person\",\"@id\":\"https:\/\/www.neufmois.fr\/les-confessions\/#\/schema\/person\/893fe127c653ae6741f53a67962f8b5d\",\"name\":\"maman anonyme\",\"image\":{\"@type\":\"ImageObject\",\"inLanguage\":\"fr-FR\",\"@id\":\"https:\/\/www.neufmois.fr\/les-confessions\/#\/schema\/person\/image\/\",\"url\":\"https:\/\/secure.gravatar.com\/avatar\/e4b3abeefeb17983433f333a4c54f394?s=96&d=mm&r=g\",\"contentUrl\":\"https:\/\/secure.gravatar.com\/avatar\/e4b3abeefeb17983433f333a4c54f394?s=96&d=mm&r=g\",\"caption\":\"maman anonyme\"},\"url\":\"https:\/\/www.neufmois.fr\/les-confessions\/author\/anonyme\"}]}<\/script>\n<!-- \/ Yoast SEO plugin. -->","yoast_head_json":{"title":"Loin de mon ch\u00e9ri - Les confessions","robots":{"index":"index","follow":"follow","max-snippet":"max-snippet:-1","max-image-preview":"max-image-preview:large","max-video-preview":"max-video-preview:-1"},"canonical":"https:\/\/www.neufmois.fr\/les-confessions\/loin-de-mon-cheri","og_locale":"fr_FR","og_type":"article","og_title":"Loin de mon ch\u00e9ri - Les confessions","og_description":"Coucou, je suis enceinte de 6 mois et je me trouve \u00e0 800km de mon ch\u00e9ri car nous ne sommes pas de la meme r\u00e9gion et \u00e0 cause de son travail, du logement et faute de moyens nous ne pouvons nous retrouver pour le moment, j&rsquo;ai bien peur de me retrouver seule \u00e0 l accouchement d\u00e9j\u00e0 que je passe seule ma grossesse je suis en depression, je me sens coupable de cette impuissance face \u00e0 la situation, il me manque terriblement, je me demande combien de temps va encore durer","og_url":"https:\/\/www.neufmois.fr\/les-confessions\/loin-de-mon-cheri","og_site_name":"Les confessions","article_published_time":"2011-08-03T14:37:00+00:00","author":"maman anonyme","twitter_card":"summary_large_image","twitter_misc":{"\u00c9crit par":"maman anonyme","Dur\u00e9e de lecture estim\u00e9e":"1 minute"},"schema":{"@context":"https:\/\/schema.org","@graph":[{"@type":"WebPage","@id":"https:\/\/www.neufmois.fr\/les-confessions\/loin-de-mon-cheri","url":"https:\/\/www.neufmois.fr\/les-confessions\/loin-de-mon-cheri","name":"Loin de mon ch\u00e9ri - Les confessions","isPartOf":{"@id":"https:\/\/www.neufmois.fr\/les-confessions\/#website"},"datePublished":"2011-08-03T14:37:00+00:00","dateModified":"2011-08-03T14:37:00+00:00","author":{"@id":"https:\/\/www.neufmois.fr\/les-confessions\/#\/schema\/person\/893fe127c653ae6741f53a67962f8b5d"},"breadcrumb":{"@id":"https:\/\/www.neufmois.fr\/les-confessions\/loin-de-mon-cheri#breadcrumb"},"inLanguage":"fr-FR","potentialAction":[{"@type":"ReadAction","target":["https:\/\/www.neufmois.fr\/les-confessions\/loin-de-mon-cheri"]}]},{"@type":"BreadcrumbList","@id":"https:\/\/www.neufmois.fr\/les-confessions\/loin-de-mon-cheri#breadcrumb","itemListElement":[{"@type":"ListItem","position":1,"name":"Accueil","item":"https:\/\/www.neufmois.fr\/les-confessions\/"},{"@type":"ListItem","position":2,"name":"Loin de mon ch\u00e9ri"}]},{"@type":"WebSite","@id":"https:\/\/www.neufmois.fr\/les-confessions\/#website","url":"https:\/\/www.neufmois.fr\/les-confessions\/","name":"Les confessions","description":" Les confessions","potentialAction":[{"@type":"SearchAction","target":{"@type":"EntryPoint","urlTemplate":"https:\/\/www.neufmois.fr\/les-confessions\/?s={search_term_string}"},"query-input":"required name=search_term_string"}],"inLanguage":"fr-FR"},{"@type":"Person","@id":"https:\/\/www.neufmois.fr\/les-confessions\/#\/schema\/person\/893fe127c653ae6741f53a67962f8b5d","name":"maman anonyme","image":{"@type":"ImageObject","inLanguage":"fr-FR","@id":"https:\/\/www.neufmois.fr\/les-confessions\/#\/schema\/person\/image\/","url":"https:\/\/secure.gravatar.com\/avatar\/e4b3abeefeb17983433f333a4c54f394?s=96&d=mm&r=g","contentUrl":"https:\/\/secure.gravatar.com\/avatar\/e4b3abeefeb17983433f333a4c54f394?s=96&d=mm&r=g","caption":"maman anonyme"},"url":"https:\/\/www.neufmois.fr\/les-confessions\/author\/anonyme"}]}},"amp_enabled":true,"_links":{"self":[{"href":"https:\/\/www.neufmois.fr\/les-confessions\/wp-json\/wp\/v2\/posts\/306"}],"collection":[{"href":"https:\/\/www.neufmois.fr\/les-confessions\/wp-json\/wp\/v2\/posts"}],"about":[{"href":"https:\/\/www.neufmois.fr\/les-confessions\/wp-json\/wp\/v2\/types\/post"}],"author":[{"embeddable":true,"href":"https:\/\/www.neufmois.fr\/les-confessions\/wp-json\/wp\/v2\/users\/461446"}],"replies":[{"embeddable":true,"href":"https:\/\/www.neufmois.fr\/les-confessions\/wp-json\/wp\/v2\/comments?post=306"}],"version-history":[{"count":0,"href":"https:\/\/www.neufmois.fr\/les-confessions\/wp-json\/wp\/v2\/posts\/306\/revisions"}],"wp:attachment":[{"href":"https:\/\/www.neufmois.fr\/les-confessions\/wp-json\/wp\/v2\/media?parent=306"}],"wp:term":[{"taxonomy":"category","embeddable":true,"href":"https:\/\/www.neufmois.fr\/les-confessions\/wp-json\/wp\/v2\/categories?post=306"},{"taxonomy":"post_tag","embeddable":true,"href":"https:\/\/www.neufmois.fr\/les-confessions\/wp-json\/wp\/v2\/tags?post=306"}],"curies":[{"name":"wp","href":"https:\/\/api.w.org\/{rel}","templated":true}]}}