{"id":305,"date":"2011-08-05T11:55:00","date_gmt":"2011-08-05T11:55:00","guid":{"rendered":"https:\/\/www.neufmois.fr\/les-confessions\/?p=305"},"modified":"2011-08-05T11:55:00","modified_gmt":"2011-08-05T11:55:00","slug":"besoin-daide","status":"publish","type":"post","link":"https:\/\/www.neufmois.fr\/les-confessions\/besoin-daide","title":{"rendered":"Besoin d&rsquo;aide"},"content":{"rendered":"<p>Bonjour, je vis un calvaire depuis une semaine, en effet sous le coup de la col\u00e8re, j&rsquo;ai dit \u00e0 mon homme (c&rsquo;est fini entre nous), il l&rsquo;a pris au mot et nous sommes s\u00e9par\u00e9s depuis une semaine&#8230; Nous vivons sous le m\u00eame toit, avec notre fille de dix mois et mon fils de 15 ans. Mon homme m&rsquo;a confi\u00e9 que cela faisait 3 mois que son amour pour moi avait diminu\u00e9&#8230; je ne veux pas le perdre, il ne veut pas revenir sur sa d\u00e9cision  (d&rsquo;une nature extr\u00e8mement t\u00eatue) m\u00eame sa petite soeur n&rsquo;y arrive pas&#8230; il ne veut pas mettre ses parents au courant. Ai-je une chance? Je le harc\u00e8le tous les jours et \u00e7a le met dans tous ses \u00e9tats. Je suis \u00e0 jeun depuis 3 jours et me nourris de cachets, je vais faire une connerie.<\/p>\n","protected":false},"excerpt":{"rendered":"<p>Bonjour, je vis un calvaire depuis une semaine, en effet sous le coup de la col\u00e8re, j&rsquo;ai dit \u00e0 mon homme (c&rsquo;est fini entre nous), il l&rsquo;a pris au mot et nous sommes s\u00e9par\u00e9s depuis une semaine&#8230; Nous vivons sous le m\u00eame toit, avec notre fille de dix mois et mon fils de 15 ans. Mon homme m&rsquo;a confi\u00e9 que cela faisait 3 mois que son amour pour moi avait diminu\u00e9&#8230; je ne veux pas le perdre, il ne veut pas revenir sur sa d\u00e9cision (d&rsquo;une nature extr\u00e8mement t\u00eatue) m\u00eame<\/p>\n","protected":false},"author":461446,"featured_media":0,"comment_status":"open","ping_status":"open","sticky":false,"template":"","format":"standard","meta":[],"categories":[1],"tags":[],"yoast_head":"<!-- This site is optimized with the Yoast SEO plugin v20.4 - https:\/\/yoast.com\/wordpress\/plugins\/seo\/ -->\n<title>Besoin d&#039;aide - Les confessions<\/title>\n<meta name=\"robots\" content=\"index, follow, max-snippet:-1, max-image-preview:large, max-video-preview:-1\" \/>\n<link rel=\"canonical\" href=\"https:\/\/www.neufmois.fr\/les-confessions\/besoin-daide\" \/>\n<meta property=\"og:locale\" content=\"fr_FR\" \/>\n<meta property=\"og:type\" content=\"article\" \/>\n<meta property=\"og:title\" content=\"Besoin d&#039;aide - Les confessions\" \/>\n<meta property=\"og:description\" content=\"Bonjour, je vis un calvaire depuis une semaine, en effet sous le coup de la col\u00e8re, j&rsquo;ai dit \u00e0 mon homme (c&rsquo;est fini entre nous), il l&rsquo;a pris au mot et nous sommes s\u00e9par\u00e9s depuis une semaine&#8230; Nous vivons sous le m\u00eame toit, avec notre fille de dix mois et mon fils de 15 ans. Mon homme m&rsquo;a confi\u00e9 que cela faisait 3 mois que son amour pour moi avait diminu\u00e9&#8230; je ne veux pas le perdre, il ne veut pas revenir sur sa d\u00e9cision (d&rsquo;une nature extr\u00e8mement t\u00eatue) m\u00eame\" \/>\n<meta property=\"og:url\" content=\"https:\/\/www.neufmois.fr\/les-confessions\/besoin-daide\" \/>\n<meta property=\"og:site_name\" content=\"Les confessions\" \/>\n<meta property=\"article:published_time\" content=\"2011-08-05T11:55:00+00:00\" \/>\n<meta name=\"author\" content=\"maman anonyme\" \/>\n<meta name=\"twitter:card\" content=\"summary_large_image\" \/>\n<meta name=\"twitter:label1\" content=\"\u00c9crit par\" \/>\n\t<meta name=\"twitter:data1\" content=\"maman anonyme\" \/>\n\t<meta name=\"twitter:label2\" content=\"Dur\u00e9e de lecture estim\u00e9e\" \/>\n\t<meta name=\"twitter:data2\" content=\"1 minute\" \/>\n<script type=\"application\/ld+json\" class=\"yoast-schema-graph\">{\"@context\":\"https:\/\/schema.org\",\"@graph\":[{\"@type\":\"WebPage\",\"@id\":\"https:\/\/www.neufmois.fr\/les-confessions\/besoin-daide\",\"url\":\"https:\/\/www.neufmois.fr\/les-confessions\/besoin-daide\",\"name\":\"Besoin d'aide - Les confessions\",\"isPartOf\":{\"@id\":\"https:\/\/www.neufmois.fr\/les-confessions\/#website\"},\"datePublished\":\"2011-08-05T11:55:00+00:00\",\"dateModified\":\"2011-08-05T11:55:00+00:00\",\"author\":{\"@id\":\"https:\/\/www.neufmois.fr\/les-confessions\/#\/schema\/person\/893fe127c653ae6741f53a67962f8b5d\"},\"breadcrumb\":{\"@id\":\"https:\/\/www.neufmois.fr\/les-confessions\/besoin-daide#breadcrumb\"},\"inLanguage\":\"fr-FR\",\"potentialAction\":[{\"@type\":\"ReadAction\",\"target\":[\"https:\/\/www.neufmois.fr\/les-confessions\/besoin-daide\"]}]},{\"@type\":\"BreadcrumbList\",\"@id\":\"https:\/\/www.neufmois.fr\/les-confessions\/besoin-daide#breadcrumb\",\"itemListElement\":[{\"@type\":\"ListItem\",\"position\":1,\"name\":\"Accueil\",\"item\":\"https:\/\/www.neufmois.fr\/les-confessions\/\"},{\"@type\":\"ListItem\",\"position\":2,\"name\":\"Besoin d&rsquo;aide\"}]},{\"@type\":\"WebSite\",\"@id\":\"https:\/\/www.neufmois.fr\/les-confessions\/#website\",\"url\":\"https:\/\/www.neufmois.fr\/les-confessions\/\",\"name\":\"Les confessions\",\"description\":\" Les confessions\",\"potentialAction\":[{\"@type\":\"SearchAction\",\"target\":{\"@type\":\"EntryPoint\",\"urlTemplate\":\"https:\/\/www.neufmois.fr\/les-confessions\/?s={search_term_string}\"},\"query-input\":\"required name=search_term_string\"}],\"inLanguage\":\"fr-FR\"},{\"@type\":\"Person\",\"@id\":\"https:\/\/www.neufmois.fr\/les-confessions\/#\/schema\/person\/893fe127c653ae6741f53a67962f8b5d\",\"name\":\"maman anonyme\",\"image\":{\"@type\":\"ImageObject\",\"inLanguage\":\"fr-FR\",\"@id\":\"https:\/\/www.neufmois.fr\/les-confessions\/#\/schema\/person\/image\/\",\"url\":\"https:\/\/secure.gravatar.com\/avatar\/e4b3abeefeb17983433f333a4c54f394?s=96&d=mm&r=g\",\"contentUrl\":\"https:\/\/secure.gravatar.com\/avatar\/e4b3abeefeb17983433f333a4c54f394?s=96&d=mm&r=g\",\"caption\":\"maman anonyme\"},\"url\":\"https:\/\/www.neufmois.fr\/les-confessions\/author\/anonyme\"}]}<\/script>\n<!-- \/ Yoast SEO plugin. -->","yoast_head_json":{"title":"Besoin d'aide - Les confessions","robots":{"index":"index","follow":"follow","max-snippet":"max-snippet:-1","max-image-preview":"max-image-preview:large","max-video-preview":"max-video-preview:-1"},"canonical":"https:\/\/www.neufmois.fr\/les-confessions\/besoin-daide","og_locale":"fr_FR","og_type":"article","og_title":"Besoin d'aide - Les confessions","og_description":"Bonjour, je vis un calvaire depuis une semaine, en effet sous le coup de la col\u00e8re, j&rsquo;ai dit \u00e0 mon homme (c&rsquo;est fini entre nous), il l&rsquo;a pris au mot et nous sommes s\u00e9par\u00e9s depuis une semaine&#8230; Nous vivons sous le m\u00eame toit, avec notre fille de dix mois et mon fils de 15 ans. Mon homme m&rsquo;a confi\u00e9 que cela faisait 3 mois que son amour pour moi avait diminu\u00e9&#8230; je ne veux pas le perdre, il ne veut pas revenir sur sa d\u00e9cision (d&rsquo;une nature extr\u00e8mement t\u00eatue) m\u00eame","og_url":"https:\/\/www.neufmois.fr\/les-confessions\/besoin-daide","og_site_name":"Les confessions","article_published_time":"2011-08-05T11:55:00+00:00","author":"maman anonyme","twitter_card":"summary_large_image","twitter_misc":{"\u00c9crit par":"maman anonyme","Dur\u00e9e de lecture estim\u00e9e":"1 minute"},"schema":{"@context":"https:\/\/schema.org","@graph":[{"@type":"WebPage","@id":"https:\/\/www.neufmois.fr\/les-confessions\/besoin-daide","url":"https:\/\/www.neufmois.fr\/les-confessions\/besoin-daide","name":"Besoin d'aide - Les confessions","isPartOf":{"@id":"https:\/\/www.neufmois.fr\/les-confessions\/#website"},"datePublished":"2011-08-05T11:55:00+00:00","dateModified":"2011-08-05T11:55:00+00:00","author":{"@id":"https:\/\/www.neufmois.fr\/les-confessions\/#\/schema\/person\/893fe127c653ae6741f53a67962f8b5d"},"breadcrumb":{"@id":"https:\/\/www.neufmois.fr\/les-confessions\/besoin-daide#breadcrumb"},"inLanguage":"fr-FR","potentialAction":[{"@type":"ReadAction","target":["https:\/\/www.neufmois.fr\/les-confessions\/besoin-daide"]}]},{"@type":"BreadcrumbList","@id":"https:\/\/www.neufmois.fr\/les-confessions\/besoin-daide#breadcrumb","itemListElement":[{"@type":"ListItem","position":1,"name":"Accueil","item":"https:\/\/www.neufmois.fr\/les-confessions\/"},{"@type":"ListItem","position":2,"name":"Besoin d&rsquo;aide"}]},{"@type":"WebSite","@id":"https:\/\/www.neufmois.fr\/les-confessions\/#website","url":"https:\/\/www.neufmois.fr\/les-confessions\/","name":"Les confessions","description":" Les confessions","potentialAction":[{"@type":"SearchAction","target":{"@type":"EntryPoint","urlTemplate":"https:\/\/www.neufmois.fr\/les-confessions\/?s={search_term_string}"},"query-input":"required name=search_term_string"}],"inLanguage":"fr-FR"},{"@type":"Person","@id":"https:\/\/www.neufmois.fr\/les-confessions\/#\/schema\/person\/893fe127c653ae6741f53a67962f8b5d","name":"maman anonyme","image":{"@type":"ImageObject","inLanguage":"fr-FR","@id":"https:\/\/www.neufmois.fr\/les-confessions\/#\/schema\/person\/image\/","url":"https:\/\/secure.gravatar.com\/avatar\/e4b3abeefeb17983433f333a4c54f394?s=96&d=mm&r=g","contentUrl":"https:\/\/secure.gravatar.com\/avatar\/e4b3abeefeb17983433f333a4c54f394?s=96&d=mm&r=g","caption":"maman anonyme"},"url":"https:\/\/www.neufmois.fr\/les-confessions\/author\/anonyme"}]}},"amp_enabled":true,"_links":{"self":[{"href":"https:\/\/www.neufmois.fr\/les-confessions\/wp-json\/wp\/v2\/posts\/305"}],"collection":[{"href":"https:\/\/www.neufmois.fr\/les-confessions\/wp-json\/wp\/v2\/posts"}],"about":[{"href":"https:\/\/www.neufmois.fr\/les-confessions\/wp-json\/wp\/v2\/types\/post"}],"author":[{"embeddable":true,"href":"https:\/\/www.neufmois.fr\/les-confessions\/wp-json\/wp\/v2\/users\/461446"}],"replies":[{"embeddable":true,"href":"https:\/\/www.neufmois.fr\/les-confessions\/wp-json\/wp\/v2\/comments?post=305"}],"version-history":[{"count":0,"href":"https:\/\/www.neufmois.fr\/les-confessions\/wp-json\/wp\/v2\/posts\/305\/revisions"}],"wp:attachment":[{"href":"https:\/\/www.neufmois.fr\/les-confessions\/wp-json\/wp\/v2\/media?parent=305"}],"wp:term":[{"taxonomy":"category","embeddable":true,"href":"https:\/\/www.neufmois.fr\/les-confessions\/wp-json\/wp\/v2\/categories?post=305"},{"taxonomy":"post_tag","embeddable":true,"href":"https:\/\/www.neufmois.fr\/les-confessions\/wp-json\/wp\/v2\/tags?post=305"}],"curies":[{"name":"wp","href":"https:\/\/api.w.org\/{rel}","templated":true}]}}