{"id":302,"date":"2011-08-09T13:18:00","date_gmt":"2011-08-09T13:18:00","guid":{"rendered":"https:\/\/www.neufmois.fr\/les-confessions\/?p=302"},"modified":"2011-08-09T13:18:00","modified_gmt":"2011-08-09T13:18:00","slug":"maman-a-21-ans","status":"publish","type":"post","link":"https:\/\/www.neufmois.fr\/les-confessions\/maman-a-21-ans","title":{"rendered":"Maman a 21 ans !"},"content":{"rendered":"<p>Bonjour, aux mamans !!<\/p>\n<p>Je suis une jeune maman de deux enfants ag\u00e9s de 3 ans et a peine deux ans ! Avec mon mari nous avons pas pris nos precautions lors de nos rapport sexuelles . Je crains d&rsquo;\u00eatre enceinte. Je ne sais pas quelle reaction avoir car le regard des gens me g\u00eane \u00e9normement et aussi celui la famille.<\/p>\n<p>Mon mari me dit que nous allons le garder ! Il ne veut pas d&rsquo;avortement ni rien. Tout \u00e7a pour vous dire que j&rsquo;aurais besoin d&rsquo;un peu de r\u00e9confort et me sentir un peu rassur\u00e9e !<\/p>\n<p>Merci \u00e0 toutes les lectrice sur ma confession et en attente de vos r\u00e9ponses !<\/p>\n","protected":false},"excerpt":{"rendered":"<p>Bonjour, aux mamans !! Je suis une jeune maman de deux enfants ag\u00e9s de 3 ans et a peine deux ans ! Avec mon mari nous avons pas pris nos precautions lors de nos rapport sexuelles . Je crains d&rsquo;\u00eatre enceinte. Je ne sais pas quelle reaction avoir car le regard des gens me g\u00eane \u00e9normement et aussi celui la famille. Mon mari me dit que nous allons le garder ! Il ne veut pas d&rsquo;avortement ni rien. Tout \u00e7a pour vous dire que j&rsquo;aurais besoin d&rsquo;un peu de r\u00e9confort<\/p>\n","protected":false},"author":461446,"featured_media":0,"comment_status":"open","ping_status":"open","sticky":false,"template":"","format":"standard","meta":[],"categories":[1],"tags":[],"yoast_head":"<!-- This site is optimized with the Yoast SEO plugin v20.4 - https:\/\/yoast.com\/wordpress\/plugins\/seo\/ -->\n<title>Maman a 21 ans ! - Les confessions<\/title>\n<meta name=\"robots\" content=\"index, follow, max-snippet:-1, max-image-preview:large, max-video-preview:-1\" \/>\n<link rel=\"canonical\" href=\"https:\/\/www.neufmois.fr\/les-confessions\/maman-a-21-ans\" \/>\n<meta property=\"og:locale\" content=\"fr_FR\" \/>\n<meta property=\"og:type\" content=\"article\" \/>\n<meta property=\"og:title\" content=\"Maman a 21 ans ! - Les confessions\" \/>\n<meta property=\"og:description\" content=\"Bonjour, aux mamans !! Je suis une jeune maman de deux enfants ag\u00e9s de 3 ans et a peine deux ans ! Avec mon mari nous avons pas pris nos precautions lors de nos rapport sexuelles . Je crains d&rsquo;\u00eatre enceinte. Je ne sais pas quelle reaction avoir car le regard des gens me g\u00eane \u00e9normement et aussi celui la famille. Mon mari me dit que nous allons le garder ! Il ne veut pas d&rsquo;avortement ni rien. Tout \u00e7a pour vous dire que j&rsquo;aurais besoin d&rsquo;un peu de r\u00e9confort\" \/>\n<meta property=\"og:url\" content=\"https:\/\/www.neufmois.fr\/les-confessions\/maman-a-21-ans\" \/>\n<meta property=\"og:site_name\" content=\"Les confessions\" \/>\n<meta property=\"article:published_time\" content=\"2011-08-09T13:18:00+00:00\" \/>\n<meta name=\"author\" content=\"maman anonyme\" \/>\n<meta name=\"twitter:card\" content=\"summary_large_image\" \/>\n<meta name=\"twitter:label1\" content=\"\u00c9crit par\" \/>\n\t<meta name=\"twitter:data1\" content=\"maman anonyme\" \/>\n\t<meta name=\"twitter:label2\" content=\"Dur\u00e9e de lecture estim\u00e9e\" \/>\n\t<meta name=\"twitter:data2\" content=\"1 minute\" \/>\n<script type=\"application\/ld+json\" class=\"yoast-schema-graph\">{\"@context\":\"https:\/\/schema.org\",\"@graph\":[{\"@type\":\"WebPage\",\"@id\":\"https:\/\/www.neufmois.fr\/les-confessions\/maman-a-21-ans\",\"url\":\"https:\/\/www.neufmois.fr\/les-confessions\/maman-a-21-ans\",\"name\":\"Maman a 21 ans ! - Les confessions\",\"isPartOf\":{\"@id\":\"https:\/\/www.neufmois.fr\/les-confessions\/#website\"},\"datePublished\":\"2011-08-09T13:18:00+00:00\",\"dateModified\":\"2011-08-09T13:18:00+00:00\",\"author\":{\"@id\":\"https:\/\/www.neufmois.fr\/les-confessions\/#\/schema\/person\/893fe127c653ae6741f53a67962f8b5d\"},\"breadcrumb\":{\"@id\":\"https:\/\/www.neufmois.fr\/les-confessions\/maman-a-21-ans#breadcrumb\"},\"inLanguage\":\"fr-FR\",\"potentialAction\":[{\"@type\":\"ReadAction\",\"target\":[\"https:\/\/www.neufmois.fr\/les-confessions\/maman-a-21-ans\"]}]},{\"@type\":\"BreadcrumbList\",\"@id\":\"https:\/\/www.neufmois.fr\/les-confessions\/maman-a-21-ans#breadcrumb\",\"itemListElement\":[{\"@type\":\"ListItem\",\"position\":1,\"name\":\"Accueil\",\"item\":\"https:\/\/www.neufmois.fr\/les-confessions\/\"},{\"@type\":\"ListItem\",\"position\":2,\"name\":\"Maman a 21 ans !\"}]},{\"@type\":\"WebSite\",\"@id\":\"https:\/\/www.neufmois.fr\/les-confessions\/#website\",\"url\":\"https:\/\/www.neufmois.fr\/les-confessions\/\",\"name\":\"Les confessions\",\"description\":\" Les confessions\",\"potentialAction\":[{\"@type\":\"SearchAction\",\"target\":{\"@type\":\"EntryPoint\",\"urlTemplate\":\"https:\/\/www.neufmois.fr\/les-confessions\/?s={search_term_string}\"},\"query-input\":\"required name=search_term_string\"}],\"inLanguage\":\"fr-FR\"},{\"@type\":\"Person\",\"@id\":\"https:\/\/www.neufmois.fr\/les-confessions\/#\/schema\/person\/893fe127c653ae6741f53a67962f8b5d\",\"name\":\"maman anonyme\",\"image\":{\"@type\":\"ImageObject\",\"inLanguage\":\"fr-FR\",\"@id\":\"https:\/\/www.neufmois.fr\/les-confessions\/#\/schema\/person\/image\/\",\"url\":\"https:\/\/secure.gravatar.com\/avatar\/e4b3abeefeb17983433f333a4c54f394?s=96&d=mm&r=g\",\"contentUrl\":\"https:\/\/secure.gravatar.com\/avatar\/e4b3abeefeb17983433f333a4c54f394?s=96&d=mm&r=g\",\"caption\":\"maman anonyme\"},\"url\":\"https:\/\/www.neufmois.fr\/les-confessions\/author\/anonyme\"}]}<\/script>\n<!-- \/ Yoast SEO plugin. -->","yoast_head_json":{"title":"Maman a 21 ans ! - Les confessions","robots":{"index":"index","follow":"follow","max-snippet":"max-snippet:-1","max-image-preview":"max-image-preview:large","max-video-preview":"max-video-preview:-1"},"canonical":"https:\/\/www.neufmois.fr\/les-confessions\/maman-a-21-ans","og_locale":"fr_FR","og_type":"article","og_title":"Maman a 21 ans ! - Les confessions","og_description":"Bonjour, aux mamans !! Je suis une jeune maman de deux enfants ag\u00e9s de 3 ans et a peine deux ans ! Avec mon mari nous avons pas pris nos precautions lors de nos rapport sexuelles . Je crains d&rsquo;\u00eatre enceinte. Je ne sais pas quelle reaction avoir car le regard des gens me g\u00eane \u00e9normement et aussi celui la famille. Mon mari me dit que nous allons le garder ! Il ne veut pas d&rsquo;avortement ni rien. Tout \u00e7a pour vous dire que j&rsquo;aurais besoin d&rsquo;un peu de r\u00e9confort","og_url":"https:\/\/www.neufmois.fr\/les-confessions\/maman-a-21-ans","og_site_name":"Les confessions","article_published_time":"2011-08-09T13:18:00+00:00","author":"maman anonyme","twitter_card":"summary_large_image","twitter_misc":{"\u00c9crit par":"maman anonyme","Dur\u00e9e de lecture estim\u00e9e":"1 minute"},"schema":{"@context":"https:\/\/schema.org","@graph":[{"@type":"WebPage","@id":"https:\/\/www.neufmois.fr\/les-confessions\/maman-a-21-ans","url":"https:\/\/www.neufmois.fr\/les-confessions\/maman-a-21-ans","name":"Maman a 21 ans ! - Les confessions","isPartOf":{"@id":"https:\/\/www.neufmois.fr\/les-confessions\/#website"},"datePublished":"2011-08-09T13:18:00+00:00","dateModified":"2011-08-09T13:18:00+00:00","author":{"@id":"https:\/\/www.neufmois.fr\/les-confessions\/#\/schema\/person\/893fe127c653ae6741f53a67962f8b5d"},"breadcrumb":{"@id":"https:\/\/www.neufmois.fr\/les-confessions\/maman-a-21-ans#breadcrumb"},"inLanguage":"fr-FR","potentialAction":[{"@type":"ReadAction","target":["https:\/\/www.neufmois.fr\/les-confessions\/maman-a-21-ans"]}]},{"@type":"BreadcrumbList","@id":"https:\/\/www.neufmois.fr\/les-confessions\/maman-a-21-ans#breadcrumb","itemListElement":[{"@type":"ListItem","position":1,"name":"Accueil","item":"https:\/\/www.neufmois.fr\/les-confessions\/"},{"@type":"ListItem","position":2,"name":"Maman a 21 ans !"}]},{"@type":"WebSite","@id":"https:\/\/www.neufmois.fr\/les-confessions\/#website","url":"https:\/\/www.neufmois.fr\/les-confessions\/","name":"Les confessions","description":" Les confessions","potentialAction":[{"@type":"SearchAction","target":{"@type":"EntryPoint","urlTemplate":"https:\/\/www.neufmois.fr\/les-confessions\/?s={search_term_string}"},"query-input":"required name=search_term_string"}],"inLanguage":"fr-FR"},{"@type":"Person","@id":"https:\/\/www.neufmois.fr\/les-confessions\/#\/schema\/person\/893fe127c653ae6741f53a67962f8b5d","name":"maman anonyme","image":{"@type":"ImageObject","inLanguage":"fr-FR","@id":"https:\/\/www.neufmois.fr\/les-confessions\/#\/schema\/person\/image\/","url":"https:\/\/secure.gravatar.com\/avatar\/e4b3abeefeb17983433f333a4c54f394?s=96&d=mm&r=g","contentUrl":"https:\/\/secure.gravatar.com\/avatar\/e4b3abeefeb17983433f333a4c54f394?s=96&d=mm&r=g","caption":"maman anonyme"},"url":"https:\/\/www.neufmois.fr\/les-confessions\/author\/anonyme"}]}},"amp_enabled":true,"_links":{"self":[{"href":"https:\/\/www.neufmois.fr\/les-confessions\/wp-json\/wp\/v2\/posts\/302"}],"collection":[{"href":"https:\/\/www.neufmois.fr\/les-confessions\/wp-json\/wp\/v2\/posts"}],"about":[{"href":"https:\/\/www.neufmois.fr\/les-confessions\/wp-json\/wp\/v2\/types\/post"}],"author":[{"embeddable":true,"href":"https:\/\/www.neufmois.fr\/les-confessions\/wp-json\/wp\/v2\/users\/461446"}],"replies":[{"embeddable":true,"href":"https:\/\/www.neufmois.fr\/les-confessions\/wp-json\/wp\/v2\/comments?post=302"}],"version-history":[{"count":0,"href":"https:\/\/www.neufmois.fr\/les-confessions\/wp-json\/wp\/v2\/posts\/302\/revisions"}],"wp:attachment":[{"href":"https:\/\/www.neufmois.fr\/les-confessions\/wp-json\/wp\/v2\/media?parent=302"}],"wp:term":[{"taxonomy":"category","embeddable":true,"href":"https:\/\/www.neufmois.fr\/les-confessions\/wp-json\/wp\/v2\/categories?post=302"},{"taxonomy":"post_tag","embeddable":true,"href":"https:\/\/www.neufmois.fr\/les-confessions\/wp-json\/wp\/v2\/tags?post=302"}],"curies":[{"name":"wp","href":"https:\/\/api.w.org\/{rel}","templated":true}]}}