{"id":294,"date":"2011-09-03T14:15:00","date_gmt":"2011-09-03T14:15:00","guid":{"rendered":"https:\/\/www.neufmois.fr\/les-confessions\/?p=294"},"modified":"2011-09-03T14:15:00","modified_gmt":"2011-09-03T14:15:00","slug":"periode-post-natale-tres-compliquee","status":"publish","type":"post","link":"https:\/\/www.neufmois.fr\/les-confessions\/periode-post-natale-tres-compliquee","title":{"rendered":"P\u00e9riode post-natale tr\u00e8s compliqu\u00e9e"},"content":{"rendered":"<p>Bonjour,<\/p>\n<p>J&rsquo;ai accouch\u00e9 d&rsquo;une merveilleuse petite fille le 14 juillet dernier par c\u00e9sarienne programm\u00e9e, l&rsquo;op\u00e9ration s&rsquo;est tr\u00e8s bien d\u00e9roul\u00e9e, sauf que:<\/p>\n<p>Le lendemain, de gros maux de t\u00eate, plus moyen de me lever du lit de maternit\u00e9, ni de m&rsquo;occuper de ma fille, la cause : la rachi-anesth\u00e9sie. En effet une br\u00e8che s&rsquo;est form\u00e9e lors de la piq\u00fbre, dont rebelote trois jours apr\u00e8s une nouvelle rachi (blood pacth) pour combler la br\u00e8che et miracle cela fonctionne plus de maux de t\u00eate, sauf que aujourd&rsquo;hui, deux mois apr\u00e8s, les effets secondaires sont de retours (vertiges, douleur cervicales et j&rsquo;en passe). Je ne sais plus quoi faire, les m\u00e9dicaments ne fonctionnent pas, cela me pourrie la vie !<br \/>\nA celles qui ont v\u00e9cu la m\u00eame chose que moi faites moi signe.<\/p>\n","protected":false},"excerpt":{"rendered":"<p>Bonjour, J&rsquo;ai accouch\u00e9 d&rsquo;une merveilleuse petite fille le 14 juillet dernier par c\u00e9sarienne programm\u00e9e, l&rsquo;op\u00e9ration s&rsquo;est tr\u00e8s bien d\u00e9roul\u00e9e, sauf que: Le lendemain, de gros maux de t\u00eate, plus moyen de me lever du lit de maternit\u00e9, ni de m&rsquo;occuper de ma fille, la cause : la rachi-anesth\u00e9sie. En effet une br\u00e8che s&rsquo;est form\u00e9e lors de la piq\u00fbre, dont rebelote trois jours apr\u00e8s une nouvelle rachi (blood pacth) pour combler la br\u00e8che et miracle cela fonctionne plus de maux de t\u00eate, sauf que aujourd&rsquo;hui, deux mois apr\u00e8s, les effets secondaires<\/p>\n","protected":false},"author":461446,"featured_media":0,"comment_status":"open","ping_status":"open","sticky":false,"template":"","format":"standard","meta":[],"categories":[1],"tags":[],"yoast_head":"<!-- This site is optimized with the Yoast SEO plugin v20.4 - https:\/\/yoast.com\/wordpress\/plugins\/seo\/ -->\n<title>P\u00e9riode post-natale tr\u00e8s compliqu\u00e9e - Les confessions<\/title>\n<meta name=\"robots\" content=\"index, follow, max-snippet:-1, max-image-preview:large, max-video-preview:-1\" \/>\n<link rel=\"canonical\" href=\"https:\/\/www.neufmois.fr\/les-confessions\/periode-post-natale-tres-compliquee\" \/>\n<meta property=\"og:locale\" content=\"fr_FR\" \/>\n<meta property=\"og:type\" content=\"article\" \/>\n<meta property=\"og:title\" content=\"P\u00e9riode post-natale tr\u00e8s compliqu\u00e9e - Les confessions\" \/>\n<meta property=\"og:description\" content=\"Bonjour, J&rsquo;ai accouch\u00e9 d&rsquo;une merveilleuse petite fille le 14 juillet dernier par c\u00e9sarienne programm\u00e9e, l&rsquo;op\u00e9ration s&rsquo;est tr\u00e8s bien d\u00e9roul\u00e9e, sauf que: Le lendemain, de gros maux de t\u00eate, plus moyen de me lever du lit de maternit\u00e9, ni de m&rsquo;occuper de ma fille, la cause : la rachi-anesth\u00e9sie. En effet une br\u00e8che s&rsquo;est form\u00e9e lors de la piq\u00fbre, dont rebelote trois jours apr\u00e8s une nouvelle rachi (blood pacth) pour combler la br\u00e8che et miracle cela fonctionne plus de maux de t\u00eate, sauf que aujourd&rsquo;hui, deux mois apr\u00e8s, les effets secondaires\" \/>\n<meta property=\"og:url\" content=\"https:\/\/www.neufmois.fr\/les-confessions\/periode-post-natale-tres-compliquee\" \/>\n<meta property=\"og:site_name\" content=\"Les confessions\" \/>\n<meta property=\"article:published_time\" content=\"2011-09-03T14:15:00+00:00\" \/>\n<meta name=\"author\" content=\"maman anonyme\" \/>\n<meta name=\"twitter:card\" content=\"summary_large_image\" \/>\n<meta name=\"twitter:label1\" content=\"\u00c9crit par\" \/>\n\t<meta name=\"twitter:data1\" content=\"maman anonyme\" \/>\n\t<meta name=\"twitter:label2\" content=\"Dur\u00e9e de lecture estim\u00e9e\" \/>\n\t<meta name=\"twitter:data2\" content=\"1 minute\" \/>\n<script type=\"application\/ld+json\" class=\"yoast-schema-graph\">{\"@context\":\"https:\/\/schema.org\",\"@graph\":[{\"@type\":\"WebPage\",\"@id\":\"https:\/\/www.neufmois.fr\/les-confessions\/periode-post-natale-tres-compliquee\",\"url\":\"https:\/\/www.neufmois.fr\/les-confessions\/periode-post-natale-tres-compliquee\",\"name\":\"P\u00e9riode post-natale tr\u00e8s compliqu\u00e9e - Les confessions\",\"isPartOf\":{\"@id\":\"https:\/\/www.neufmois.fr\/les-confessions\/#website\"},\"datePublished\":\"2011-09-03T14:15:00+00:00\",\"dateModified\":\"2011-09-03T14:15:00+00:00\",\"author\":{\"@id\":\"https:\/\/www.neufmois.fr\/les-confessions\/#\/schema\/person\/893fe127c653ae6741f53a67962f8b5d\"},\"breadcrumb\":{\"@id\":\"https:\/\/www.neufmois.fr\/les-confessions\/periode-post-natale-tres-compliquee#breadcrumb\"},\"inLanguage\":\"fr-FR\",\"potentialAction\":[{\"@type\":\"ReadAction\",\"target\":[\"https:\/\/www.neufmois.fr\/les-confessions\/periode-post-natale-tres-compliquee\"]}]},{\"@type\":\"BreadcrumbList\",\"@id\":\"https:\/\/www.neufmois.fr\/les-confessions\/periode-post-natale-tres-compliquee#breadcrumb\",\"itemListElement\":[{\"@type\":\"ListItem\",\"position\":1,\"name\":\"Accueil\",\"item\":\"https:\/\/www.neufmois.fr\/les-confessions\/\"},{\"@type\":\"ListItem\",\"position\":2,\"name\":\"P\u00e9riode post-natale tr\u00e8s compliqu\u00e9e\"}]},{\"@type\":\"WebSite\",\"@id\":\"https:\/\/www.neufmois.fr\/les-confessions\/#website\",\"url\":\"https:\/\/www.neufmois.fr\/les-confessions\/\",\"name\":\"Les confessions\",\"description\":\" Les confessions\",\"potentialAction\":[{\"@type\":\"SearchAction\",\"target\":{\"@type\":\"EntryPoint\",\"urlTemplate\":\"https:\/\/www.neufmois.fr\/les-confessions\/?s={search_term_string}\"},\"query-input\":\"required name=search_term_string\"}],\"inLanguage\":\"fr-FR\"},{\"@type\":\"Person\",\"@id\":\"https:\/\/www.neufmois.fr\/les-confessions\/#\/schema\/person\/893fe127c653ae6741f53a67962f8b5d\",\"name\":\"maman anonyme\",\"image\":{\"@type\":\"ImageObject\",\"inLanguage\":\"fr-FR\",\"@id\":\"https:\/\/www.neufmois.fr\/les-confessions\/#\/schema\/person\/image\/\",\"url\":\"https:\/\/secure.gravatar.com\/avatar\/e4b3abeefeb17983433f333a4c54f394?s=96&d=mm&r=g\",\"contentUrl\":\"https:\/\/secure.gravatar.com\/avatar\/e4b3abeefeb17983433f333a4c54f394?s=96&d=mm&r=g\",\"caption\":\"maman anonyme\"},\"url\":\"https:\/\/www.neufmois.fr\/les-confessions\/author\/anonyme\"}]}<\/script>\n<!-- \/ Yoast SEO plugin. -->","yoast_head_json":{"title":"P\u00e9riode post-natale tr\u00e8s compliqu\u00e9e - Les confessions","robots":{"index":"index","follow":"follow","max-snippet":"max-snippet:-1","max-image-preview":"max-image-preview:large","max-video-preview":"max-video-preview:-1"},"canonical":"https:\/\/www.neufmois.fr\/les-confessions\/periode-post-natale-tres-compliquee","og_locale":"fr_FR","og_type":"article","og_title":"P\u00e9riode post-natale tr\u00e8s compliqu\u00e9e - Les confessions","og_description":"Bonjour, J&rsquo;ai accouch\u00e9 d&rsquo;une merveilleuse petite fille le 14 juillet dernier par c\u00e9sarienne programm\u00e9e, l&rsquo;op\u00e9ration s&rsquo;est tr\u00e8s bien d\u00e9roul\u00e9e, sauf que: Le lendemain, de gros maux de t\u00eate, plus moyen de me lever du lit de maternit\u00e9, ni de m&rsquo;occuper de ma fille, la cause : la rachi-anesth\u00e9sie. En effet une br\u00e8che s&rsquo;est form\u00e9e lors de la piq\u00fbre, dont rebelote trois jours apr\u00e8s une nouvelle rachi (blood pacth) pour combler la br\u00e8che et miracle cela fonctionne plus de maux de t\u00eate, sauf que aujourd&rsquo;hui, deux mois apr\u00e8s, les effets secondaires","og_url":"https:\/\/www.neufmois.fr\/les-confessions\/periode-post-natale-tres-compliquee","og_site_name":"Les confessions","article_published_time":"2011-09-03T14:15:00+00:00","author":"maman anonyme","twitter_card":"summary_large_image","twitter_misc":{"\u00c9crit par":"maman anonyme","Dur\u00e9e de lecture estim\u00e9e":"1 minute"},"schema":{"@context":"https:\/\/schema.org","@graph":[{"@type":"WebPage","@id":"https:\/\/www.neufmois.fr\/les-confessions\/periode-post-natale-tres-compliquee","url":"https:\/\/www.neufmois.fr\/les-confessions\/periode-post-natale-tres-compliquee","name":"P\u00e9riode post-natale tr\u00e8s compliqu\u00e9e - Les confessions","isPartOf":{"@id":"https:\/\/www.neufmois.fr\/les-confessions\/#website"},"datePublished":"2011-09-03T14:15:00+00:00","dateModified":"2011-09-03T14:15:00+00:00","author":{"@id":"https:\/\/www.neufmois.fr\/les-confessions\/#\/schema\/person\/893fe127c653ae6741f53a67962f8b5d"},"breadcrumb":{"@id":"https:\/\/www.neufmois.fr\/les-confessions\/periode-post-natale-tres-compliquee#breadcrumb"},"inLanguage":"fr-FR","potentialAction":[{"@type":"ReadAction","target":["https:\/\/www.neufmois.fr\/les-confessions\/periode-post-natale-tres-compliquee"]}]},{"@type":"BreadcrumbList","@id":"https:\/\/www.neufmois.fr\/les-confessions\/periode-post-natale-tres-compliquee#breadcrumb","itemListElement":[{"@type":"ListItem","position":1,"name":"Accueil","item":"https:\/\/www.neufmois.fr\/les-confessions\/"},{"@type":"ListItem","position":2,"name":"P\u00e9riode post-natale tr\u00e8s compliqu\u00e9e"}]},{"@type":"WebSite","@id":"https:\/\/www.neufmois.fr\/les-confessions\/#website","url":"https:\/\/www.neufmois.fr\/les-confessions\/","name":"Les confessions","description":" Les confessions","potentialAction":[{"@type":"SearchAction","target":{"@type":"EntryPoint","urlTemplate":"https:\/\/www.neufmois.fr\/les-confessions\/?s={search_term_string}"},"query-input":"required name=search_term_string"}],"inLanguage":"fr-FR"},{"@type":"Person","@id":"https:\/\/www.neufmois.fr\/les-confessions\/#\/schema\/person\/893fe127c653ae6741f53a67962f8b5d","name":"maman anonyme","image":{"@type":"ImageObject","inLanguage":"fr-FR","@id":"https:\/\/www.neufmois.fr\/les-confessions\/#\/schema\/person\/image\/","url":"https:\/\/secure.gravatar.com\/avatar\/e4b3abeefeb17983433f333a4c54f394?s=96&d=mm&r=g","contentUrl":"https:\/\/secure.gravatar.com\/avatar\/e4b3abeefeb17983433f333a4c54f394?s=96&d=mm&r=g","caption":"maman anonyme"},"url":"https:\/\/www.neufmois.fr\/les-confessions\/author\/anonyme"}]}},"amp_enabled":true,"_links":{"self":[{"href":"https:\/\/www.neufmois.fr\/les-confessions\/wp-json\/wp\/v2\/posts\/294"}],"collection":[{"href":"https:\/\/www.neufmois.fr\/les-confessions\/wp-json\/wp\/v2\/posts"}],"about":[{"href":"https:\/\/www.neufmois.fr\/les-confessions\/wp-json\/wp\/v2\/types\/post"}],"author":[{"embeddable":true,"href":"https:\/\/www.neufmois.fr\/les-confessions\/wp-json\/wp\/v2\/users\/461446"}],"replies":[{"embeddable":true,"href":"https:\/\/www.neufmois.fr\/les-confessions\/wp-json\/wp\/v2\/comments?post=294"}],"version-history":[{"count":0,"href":"https:\/\/www.neufmois.fr\/les-confessions\/wp-json\/wp\/v2\/posts\/294\/revisions"}],"wp:attachment":[{"href":"https:\/\/www.neufmois.fr\/les-confessions\/wp-json\/wp\/v2\/media?parent=294"}],"wp:term":[{"taxonomy":"category","embeddable":true,"href":"https:\/\/www.neufmois.fr\/les-confessions\/wp-json\/wp\/v2\/categories?post=294"},{"taxonomy":"post_tag","embeddable":true,"href":"https:\/\/www.neufmois.fr\/les-confessions\/wp-json\/wp\/v2\/tags?post=294"}],"curies":[{"name":"wp","href":"https:\/\/api.w.org\/{rel}","templated":true}]}}