{"id":293,"date":"2011-09-03T21:33:00","date_gmt":"2011-09-03T21:33:00","guid":{"rendered":"https:\/\/www.neufmois.fr\/les-confessions\/?p=293"},"modified":"2011-09-03T21:33:00","modified_gmt":"2011-09-03T21:33:00","slug":"changer-de-region","status":"publish","type":"post","link":"https:\/\/www.neufmois.fr\/les-confessions\/changer-de-region","title":{"rendered":"Changer de r\u00e9gion"},"content":{"rendered":"<p>Bonjour,<\/p>\n<p>J&rsquo;ai 28 ans et partage ma vie avec mon homme et un petit bout de 10 mois en r\u00e9gion parisienne. Je suis au ch\u00f4mage depuis 2 mois et souhaite tr\u00e8s fortement quitter la r\u00e9gion parisienne depui plusieurs ann\u00e9es pour la province. Mon compagnon ne partage pas du tout cette envie. De mon c\u00f4t\u00e9, je pense que ma p\u00e9riode de ch\u00f4mage est le moment id\u00e9al pour b\u00e2tir une nouvelle vie ailleurs. J&rsquo;ai envie de partir m\u00eame sans son soutien mais j&rsquo;ai peur de tout g\u00e2cher entre nous.<\/p>\n","protected":false},"excerpt":{"rendered":"<p>Bonjour, J&rsquo;ai 28 ans et partage ma vie avec mon homme et un petit bout de 10 mois en r\u00e9gion parisienne. Je suis au ch\u00f4mage depuis 2 mois et souhaite tr\u00e8s fortement quitter la r\u00e9gion parisienne depui plusieurs ann\u00e9es pour la province. Mon compagnon ne partage pas du tout cette envie. De mon c\u00f4t\u00e9, je pense que ma p\u00e9riode de ch\u00f4mage est le moment id\u00e9al pour b\u00e2tir une nouvelle vie ailleurs. J&rsquo;ai envie de partir m\u00eame sans son soutien mais j&rsquo;ai peur de tout g\u00e2cher entre nous.<\/p>\n","protected":false},"author":461446,"featured_media":0,"comment_status":"open","ping_status":"open","sticky":false,"template":"","format":"standard","meta":[],"categories":[1],"tags":[],"yoast_head":"<!-- This site is optimized with the Yoast SEO plugin v20.4 - https:\/\/yoast.com\/wordpress\/plugins\/seo\/ -->\n<title>Changer de r\u00e9gion - Les confessions<\/title>\n<meta name=\"robots\" content=\"index, follow, max-snippet:-1, max-image-preview:large, max-video-preview:-1\" \/>\n<link rel=\"canonical\" href=\"https:\/\/www.neufmois.fr\/les-confessions\/changer-de-region\" \/>\n<meta property=\"og:locale\" content=\"fr_FR\" \/>\n<meta property=\"og:type\" content=\"article\" \/>\n<meta property=\"og:title\" content=\"Changer de r\u00e9gion - Les confessions\" \/>\n<meta property=\"og:description\" content=\"Bonjour, J&rsquo;ai 28 ans et partage ma vie avec mon homme et un petit bout de 10 mois en r\u00e9gion parisienne. Je suis au ch\u00f4mage depuis 2 mois et souhaite tr\u00e8s fortement quitter la r\u00e9gion parisienne depui plusieurs ann\u00e9es pour la province. Mon compagnon ne partage pas du tout cette envie. De mon c\u00f4t\u00e9, je pense que ma p\u00e9riode de ch\u00f4mage est le moment id\u00e9al pour b\u00e2tir une nouvelle vie ailleurs. J&rsquo;ai envie de partir m\u00eame sans son soutien mais j&rsquo;ai peur de tout g\u00e2cher entre nous.\" \/>\n<meta property=\"og:url\" content=\"https:\/\/www.neufmois.fr\/les-confessions\/changer-de-region\" \/>\n<meta property=\"og:site_name\" content=\"Les confessions\" \/>\n<meta property=\"article:published_time\" content=\"2011-09-03T21:33:00+00:00\" \/>\n<meta name=\"author\" content=\"maman anonyme\" \/>\n<meta name=\"twitter:card\" content=\"summary_large_image\" \/>\n<meta name=\"twitter:label1\" content=\"\u00c9crit par\" \/>\n\t<meta name=\"twitter:data1\" content=\"maman anonyme\" \/>\n<script type=\"application\/ld+json\" class=\"yoast-schema-graph\">{\"@context\":\"https:\/\/schema.org\",\"@graph\":[{\"@type\":\"WebPage\",\"@id\":\"https:\/\/www.neufmois.fr\/les-confessions\/changer-de-region\",\"url\":\"https:\/\/www.neufmois.fr\/les-confessions\/changer-de-region\",\"name\":\"Changer de r\u00e9gion - Les confessions\",\"isPartOf\":{\"@id\":\"https:\/\/www.neufmois.fr\/les-confessions\/#website\"},\"datePublished\":\"2011-09-03T21:33:00+00:00\",\"dateModified\":\"2011-09-03T21:33:00+00:00\",\"author\":{\"@id\":\"https:\/\/www.neufmois.fr\/les-confessions\/#\/schema\/person\/893fe127c653ae6741f53a67962f8b5d\"},\"breadcrumb\":{\"@id\":\"https:\/\/www.neufmois.fr\/les-confessions\/changer-de-region#breadcrumb\"},\"inLanguage\":\"fr-FR\",\"potentialAction\":[{\"@type\":\"ReadAction\",\"target\":[\"https:\/\/www.neufmois.fr\/les-confessions\/changer-de-region\"]}]},{\"@type\":\"BreadcrumbList\",\"@id\":\"https:\/\/www.neufmois.fr\/les-confessions\/changer-de-region#breadcrumb\",\"itemListElement\":[{\"@type\":\"ListItem\",\"position\":1,\"name\":\"Accueil\",\"item\":\"https:\/\/www.neufmois.fr\/les-confessions\/\"},{\"@type\":\"ListItem\",\"position\":2,\"name\":\"Changer de r\u00e9gion\"}]},{\"@type\":\"WebSite\",\"@id\":\"https:\/\/www.neufmois.fr\/les-confessions\/#website\",\"url\":\"https:\/\/www.neufmois.fr\/les-confessions\/\",\"name\":\"Les confessions\",\"description\":\" Les confessions\",\"potentialAction\":[{\"@type\":\"SearchAction\",\"target\":{\"@type\":\"EntryPoint\",\"urlTemplate\":\"https:\/\/www.neufmois.fr\/les-confessions\/?s={search_term_string}\"},\"query-input\":\"required name=search_term_string\"}],\"inLanguage\":\"fr-FR\"},{\"@type\":\"Person\",\"@id\":\"https:\/\/www.neufmois.fr\/les-confessions\/#\/schema\/person\/893fe127c653ae6741f53a67962f8b5d\",\"name\":\"maman anonyme\",\"image\":{\"@type\":\"ImageObject\",\"inLanguage\":\"fr-FR\",\"@id\":\"https:\/\/www.neufmois.fr\/les-confessions\/#\/schema\/person\/image\/\",\"url\":\"https:\/\/secure.gravatar.com\/avatar\/e4b3abeefeb17983433f333a4c54f394?s=96&d=mm&r=g\",\"contentUrl\":\"https:\/\/secure.gravatar.com\/avatar\/e4b3abeefeb17983433f333a4c54f394?s=96&d=mm&r=g\",\"caption\":\"maman anonyme\"},\"url\":\"https:\/\/www.neufmois.fr\/les-confessions\/author\/anonyme\"}]}<\/script>\n<!-- \/ Yoast SEO plugin. -->","yoast_head_json":{"title":"Changer de r\u00e9gion - Les confessions","robots":{"index":"index","follow":"follow","max-snippet":"max-snippet:-1","max-image-preview":"max-image-preview:large","max-video-preview":"max-video-preview:-1"},"canonical":"https:\/\/www.neufmois.fr\/les-confessions\/changer-de-region","og_locale":"fr_FR","og_type":"article","og_title":"Changer de r\u00e9gion - Les confessions","og_description":"Bonjour, J&rsquo;ai 28 ans et partage ma vie avec mon homme et un petit bout de 10 mois en r\u00e9gion parisienne. Je suis au ch\u00f4mage depuis 2 mois et souhaite tr\u00e8s fortement quitter la r\u00e9gion parisienne depui plusieurs ann\u00e9es pour la province. Mon compagnon ne partage pas du tout cette envie. De mon c\u00f4t\u00e9, je pense que ma p\u00e9riode de ch\u00f4mage est le moment id\u00e9al pour b\u00e2tir une nouvelle vie ailleurs. J&rsquo;ai envie de partir m\u00eame sans son soutien mais j&rsquo;ai peur de tout g\u00e2cher entre nous.","og_url":"https:\/\/www.neufmois.fr\/les-confessions\/changer-de-region","og_site_name":"Les confessions","article_published_time":"2011-09-03T21:33:00+00:00","author":"maman anonyme","twitter_card":"summary_large_image","twitter_misc":{"\u00c9crit par":"maman anonyme"},"schema":{"@context":"https:\/\/schema.org","@graph":[{"@type":"WebPage","@id":"https:\/\/www.neufmois.fr\/les-confessions\/changer-de-region","url":"https:\/\/www.neufmois.fr\/les-confessions\/changer-de-region","name":"Changer de r\u00e9gion - Les confessions","isPartOf":{"@id":"https:\/\/www.neufmois.fr\/les-confessions\/#website"},"datePublished":"2011-09-03T21:33:00+00:00","dateModified":"2011-09-03T21:33:00+00:00","author":{"@id":"https:\/\/www.neufmois.fr\/les-confessions\/#\/schema\/person\/893fe127c653ae6741f53a67962f8b5d"},"breadcrumb":{"@id":"https:\/\/www.neufmois.fr\/les-confessions\/changer-de-region#breadcrumb"},"inLanguage":"fr-FR","potentialAction":[{"@type":"ReadAction","target":["https:\/\/www.neufmois.fr\/les-confessions\/changer-de-region"]}]},{"@type":"BreadcrumbList","@id":"https:\/\/www.neufmois.fr\/les-confessions\/changer-de-region#breadcrumb","itemListElement":[{"@type":"ListItem","position":1,"name":"Accueil","item":"https:\/\/www.neufmois.fr\/les-confessions\/"},{"@type":"ListItem","position":2,"name":"Changer de r\u00e9gion"}]},{"@type":"WebSite","@id":"https:\/\/www.neufmois.fr\/les-confessions\/#website","url":"https:\/\/www.neufmois.fr\/les-confessions\/","name":"Les confessions","description":" Les confessions","potentialAction":[{"@type":"SearchAction","target":{"@type":"EntryPoint","urlTemplate":"https:\/\/www.neufmois.fr\/les-confessions\/?s={search_term_string}"},"query-input":"required name=search_term_string"}],"inLanguage":"fr-FR"},{"@type":"Person","@id":"https:\/\/www.neufmois.fr\/les-confessions\/#\/schema\/person\/893fe127c653ae6741f53a67962f8b5d","name":"maman anonyme","image":{"@type":"ImageObject","inLanguage":"fr-FR","@id":"https:\/\/www.neufmois.fr\/les-confessions\/#\/schema\/person\/image\/","url":"https:\/\/secure.gravatar.com\/avatar\/e4b3abeefeb17983433f333a4c54f394?s=96&d=mm&r=g","contentUrl":"https:\/\/secure.gravatar.com\/avatar\/e4b3abeefeb17983433f333a4c54f394?s=96&d=mm&r=g","caption":"maman anonyme"},"url":"https:\/\/www.neufmois.fr\/les-confessions\/author\/anonyme"}]}},"amp_enabled":true,"_links":{"self":[{"href":"https:\/\/www.neufmois.fr\/les-confessions\/wp-json\/wp\/v2\/posts\/293"}],"collection":[{"href":"https:\/\/www.neufmois.fr\/les-confessions\/wp-json\/wp\/v2\/posts"}],"about":[{"href":"https:\/\/www.neufmois.fr\/les-confessions\/wp-json\/wp\/v2\/types\/post"}],"author":[{"embeddable":true,"href":"https:\/\/www.neufmois.fr\/les-confessions\/wp-json\/wp\/v2\/users\/461446"}],"replies":[{"embeddable":true,"href":"https:\/\/www.neufmois.fr\/les-confessions\/wp-json\/wp\/v2\/comments?post=293"}],"version-history":[{"count":0,"href":"https:\/\/www.neufmois.fr\/les-confessions\/wp-json\/wp\/v2\/posts\/293\/revisions"}],"wp:attachment":[{"href":"https:\/\/www.neufmois.fr\/les-confessions\/wp-json\/wp\/v2\/media?parent=293"}],"wp:term":[{"taxonomy":"category","embeddable":true,"href":"https:\/\/www.neufmois.fr\/les-confessions\/wp-json\/wp\/v2\/categories?post=293"},{"taxonomy":"post_tag","embeddable":true,"href":"https:\/\/www.neufmois.fr\/les-confessions\/wp-json\/wp\/v2\/tags?post=293"}],"curies":[{"name":"wp","href":"https:\/\/api.w.org\/{rel}","templated":true}]}}