{"id":291,"date":"2011-09-07T15:43:00","date_gmt":"2011-09-07T15:43:00","guid":{"rendered":"https:\/\/www.neufmois.fr\/les-confessions\/?p=291"},"modified":"2011-09-07T15:43:00","modified_gmt":"2011-09-07T15:43:00","slug":"seule-au-monde","status":"publish","type":"post","link":"https:\/\/www.neufmois.fr\/les-confessions\/seule-au-monde","title":{"rendered":"SEULE AU MONDE"},"content":{"rendered":"<p>Bonjour je suis une maman de deux gar\u00e7ons l \u00e2g\u00e9 de 12 ans bient\u00f4t et le deuxi\u00e8me n\u00e9 il y a 8 mois maintenant (n\u00e9 de ma nouvelle relation avec mon compagnon depuis deux ans et demi) compagnon qui je dois le pr\u00e9ciser a douze ans de moins que moi (j&rsquo;ai 37 ans , il en a 25 \u00e0 la fin de cette ann\u00e9e) de cette rencontre inatendue est n\u00e9 beaucoup d amour, de soutien de complicit\u00e9 et bien sur notre petit bout de chou.. la relation est tellement belle \u00e0 ses yeux quil souhaite justement un deuxi\u00e8me enfant d ici un \u00e0 deux ans Or voici mon souci : bien que je r\u00eave \u00e9galement d avoir un troisi\u00e8me enfant (deux pour lui -) jai peur par rapport \u00e0 l \u00e2ge (cela me ferait \u00eatre maman \u00e0 38 ou 39 ans !), les risques pour la sant\u00e9 (jai eu une c\u00e9sarienne pour le deuxi\u00e8me et jai failli le perdre au d\u00e9but de la grossesse : pertes de sang il avait du mal \u00e0 s accrocher au deuxi\u00e8me mois), et de para\u00eetre plus sa mamie que sa maman dans quelques ann\u00e9es par rapport \u00e0 mon conjoint (quand notre troisi\u00e8me aura dix ans jen aurais 49 on va arrondir \u00e0 50 et mon compagnon QUE 36!! ) au secours les filles !! je commence \u00e0 \u00eatre complex\u00e9e par mon \u00e2ge et plus j approche des 40 ans plus le probl\u00e8me grandit dans ma t\u00eate deplus, quand je suis en ville avec toute ma petite \u00ab\u00a0bande\u00a0\u00bb je suis \u00e0 l affut des regards qui me jugent   et jen arrive \u00e0 ne plus avoir envie de faire l amour du tout (lui a envie tout le temps) cela devient un probl\u00e8me tant au niveau relationnel que pour notre projet dun autre enfant j aimerai des paroles de mamans qui me rassurent car je suis compl\u00e8tement perdue actuellement jai m\u00eame song\u00e9 le quitter \u00e0 plusieurs reprises merci \u00e0 toutes et d\u00e9sol\u00e9e pour cette LONGUE confession mais j&rsquo;en avais besoin et personne \u00e0 qui en parler.<\/p>\n","protected":false},"excerpt":{"rendered":"<p>Bonjour je suis une maman de deux gar\u00e7ons l \u00e2g\u00e9 de 12 ans bient\u00f4t et le deuxi\u00e8me n\u00e9 il y a 8 mois maintenant (n\u00e9 de ma nouvelle relation avec mon compagnon depuis deux ans et demi) compagnon qui je dois le pr\u00e9ciser a douze ans de moins que moi (j&rsquo;ai 37 ans , il en a 25 \u00e0 la fin de cette ann\u00e9e) de cette rencontre inatendue est n\u00e9 beaucoup d amour, de soutien de complicit\u00e9 et bien sur notre petit bout de chou.. la relation est tellement belle<\/p>\n","protected":false},"author":461446,"featured_media":0,"comment_status":"open","ping_status":"open","sticky":false,"template":"","format":"standard","meta":[],"categories":[1],"tags":[],"yoast_head":"<!-- This site is optimized with the Yoast SEO plugin v20.4 - https:\/\/yoast.com\/wordpress\/plugins\/seo\/ -->\n<title>SEULE AU MONDE  - Les confessions<\/title>\n<meta name=\"robots\" content=\"index, follow, max-snippet:-1, max-image-preview:large, max-video-preview:-1\" \/>\n<link rel=\"canonical\" href=\"https:\/\/www.neufmois.fr\/les-confessions\/seule-au-monde\" \/>\n<meta property=\"og:locale\" content=\"fr_FR\" \/>\n<meta property=\"og:type\" content=\"article\" \/>\n<meta property=\"og:title\" content=\"SEULE AU MONDE  - Les confessions\" \/>\n<meta property=\"og:description\" content=\"Bonjour je suis une maman de deux gar\u00e7ons l \u00e2g\u00e9 de 12 ans bient\u00f4t et le deuxi\u00e8me n\u00e9 il y a 8 mois maintenant (n\u00e9 de ma nouvelle relation avec mon compagnon depuis deux ans et demi) compagnon qui je dois le pr\u00e9ciser a douze ans de moins que moi (j&rsquo;ai 37 ans , il en a 25 \u00e0 la fin de cette ann\u00e9e) de cette rencontre inatendue est n\u00e9 beaucoup d amour, de soutien de complicit\u00e9 et bien sur notre petit bout de chou.. la relation est tellement belle\" \/>\n<meta property=\"og:url\" content=\"https:\/\/www.neufmois.fr\/les-confessions\/seule-au-monde\" \/>\n<meta property=\"og:site_name\" content=\"Les confessions\" \/>\n<meta property=\"article:published_time\" content=\"2011-09-07T15:43:00+00:00\" \/>\n<meta name=\"author\" content=\"maman anonyme\" \/>\n<meta name=\"twitter:card\" content=\"summary_large_image\" \/>\n<meta name=\"twitter:label1\" content=\"\u00c9crit par\" \/>\n\t<meta name=\"twitter:data1\" content=\"maman anonyme\" \/>\n\t<meta name=\"twitter:label2\" content=\"Dur\u00e9e de lecture estim\u00e9e\" \/>\n\t<meta name=\"twitter:data2\" content=\"2 minutes\" \/>\n<script type=\"application\/ld+json\" class=\"yoast-schema-graph\">{\"@context\":\"https:\/\/schema.org\",\"@graph\":[{\"@type\":\"WebPage\",\"@id\":\"https:\/\/www.neufmois.fr\/les-confessions\/seule-au-monde\",\"url\":\"https:\/\/www.neufmois.fr\/les-confessions\/seule-au-monde\",\"name\":\"SEULE AU MONDE - Les confessions\",\"isPartOf\":{\"@id\":\"https:\/\/www.neufmois.fr\/les-confessions\/#website\"},\"datePublished\":\"2011-09-07T15:43:00+00:00\",\"dateModified\":\"2011-09-07T15:43:00+00:00\",\"author\":{\"@id\":\"https:\/\/www.neufmois.fr\/les-confessions\/#\/schema\/person\/893fe127c653ae6741f53a67962f8b5d\"},\"breadcrumb\":{\"@id\":\"https:\/\/www.neufmois.fr\/les-confessions\/seule-au-monde#breadcrumb\"},\"inLanguage\":\"fr-FR\",\"potentialAction\":[{\"@type\":\"ReadAction\",\"target\":[\"https:\/\/www.neufmois.fr\/les-confessions\/seule-au-monde\"]}]},{\"@type\":\"BreadcrumbList\",\"@id\":\"https:\/\/www.neufmois.fr\/les-confessions\/seule-au-monde#breadcrumb\",\"itemListElement\":[{\"@type\":\"ListItem\",\"position\":1,\"name\":\"Accueil\",\"item\":\"https:\/\/www.neufmois.fr\/les-confessions\/\"},{\"@type\":\"ListItem\",\"position\":2,\"name\":\"SEULE AU MONDE\"}]},{\"@type\":\"WebSite\",\"@id\":\"https:\/\/www.neufmois.fr\/les-confessions\/#website\",\"url\":\"https:\/\/www.neufmois.fr\/les-confessions\/\",\"name\":\"Les confessions\",\"description\":\" Les confessions\",\"potentialAction\":[{\"@type\":\"SearchAction\",\"target\":{\"@type\":\"EntryPoint\",\"urlTemplate\":\"https:\/\/www.neufmois.fr\/les-confessions\/?s={search_term_string}\"},\"query-input\":\"required name=search_term_string\"}],\"inLanguage\":\"fr-FR\"},{\"@type\":\"Person\",\"@id\":\"https:\/\/www.neufmois.fr\/les-confessions\/#\/schema\/person\/893fe127c653ae6741f53a67962f8b5d\",\"name\":\"maman anonyme\",\"image\":{\"@type\":\"ImageObject\",\"inLanguage\":\"fr-FR\",\"@id\":\"https:\/\/www.neufmois.fr\/les-confessions\/#\/schema\/person\/image\/\",\"url\":\"https:\/\/secure.gravatar.com\/avatar\/e4b3abeefeb17983433f333a4c54f394?s=96&d=mm&r=g\",\"contentUrl\":\"https:\/\/secure.gravatar.com\/avatar\/e4b3abeefeb17983433f333a4c54f394?s=96&d=mm&r=g\",\"caption\":\"maman anonyme\"},\"url\":\"https:\/\/www.neufmois.fr\/les-confessions\/author\/anonyme\"}]}<\/script>\n<!-- \/ Yoast SEO plugin. -->","yoast_head_json":{"title":"SEULE AU MONDE  - Les confessions","robots":{"index":"index","follow":"follow","max-snippet":"max-snippet:-1","max-image-preview":"max-image-preview:large","max-video-preview":"max-video-preview:-1"},"canonical":"https:\/\/www.neufmois.fr\/les-confessions\/seule-au-monde","og_locale":"fr_FR","og_type":"article","og_title":"SEULE AU MONDE  - Les confessions","og_description":"Bonjour je suis une maman de deux gar\u00e7ons l \u00e2g\u00e9 de 12 ans bient\u00f4t et le deuxi\u00e8me n\u00e9 il y a 8 mois maintenant (n\u00e9 de ma nouvelle relation avec mon compagnon depuis deux ans et demi) compagnon qui je dois le pr\u00e9ciser a douze ans de moins que moi (j&rsquo;ai 37 ans , il en a 25 \u00e0 la fin de cette ann\u00e9e) de cette rencontre inatendue est n\u00e9 beaucoup d amour, de soutien de complicit\u00e9 et bien sur notre petit bout de chou.. la relation est tellement belle","og_url":"https:\/\/www.neufmois.fr\/les-confessions\/seule-au-monde","og_site_name":"Les confessions","article_published_time":"2011-09-07T15:43:00+00:00","author":"maman anonyme","twitter_card":"summary_large_image","twitter_misc":{"\u00c9crit par":"maman anonyme","Dur\u00e9e de lecture estim\u00e9e":"2 minutes"},"schema":{"@context":"https:\/\/schema.org","@graph":[{"@type":"WebPage","@id":"https:\/\/www.neufmois.fr\/les-confessions\/seule-au-monde","url":"https:\/\/www.neufmois.fr\/les-confessions\/seule-au-monde","name":"SEULE AU MONDE - Les confessions","isPartOf":{"@id":"https:\/\/www.neufmois.fr\/les-confessions\/#website"},"datePublished":"2011-09-07T15:43:00+00:00","dateModified":"2011-09-07T15:43:00+00:00","author":{"@id":"https:\/\/www.neufmois.fr\/les-confessions\/#\/schema\/person\/893fe127c653ae6741f53a67962f8b5d"},"breadcrumb":{"@id":"https:\/\/www.neufmois.fr\/les-confessions\/seule-au-monde#breadcrumb"},"inLanguage":"fr-FR","potentialAction":[{"@type":"ReadAction","target":["https:\/\/www.neufmois.fr\/les-confessions\/seule-au-monde"]}]},{"@type":"BreadcrumbList","@id":"https:\/\/www.neufmois.fr\/les-confessions\/seule-au-monde#breadcrumb","itemListElement":[{"@type":"ListItem","position":1,"name":"Accueil","item":"https:\/\/www.neufmois.fr\/les-confessions\/"},{"@type":"ListItem","position":2,"name":"SEULE AU MONDE"}]},{"@type":"WebSite","@id":"https:\/\/www.neufmois.fr\/les-confessions\/#website","url":"https:\/\/www.neufmois.fr\/les-confessions\/","name":"Les confessions","description":" Les confessions","potentialAction":[{"@type":"SearchAction","target":{"@type":"EntryPoint","urlTemplate":"https:\/\/www.neufmois.fr\/les-confessions\/?s={search_term_string}"},"query-input":"required name=search_term_string"}],"inLanguage":"fr-FR"},{"@type":"Person","@id":"https:\/\/www.neufmois.fr\/les-confessions\/#\/schema\/person\/893fe127c653ae6741f53a67962f8b5d","name":"maman anonyme","image":{"@type":"ImageObject","inLanguage":"fr-FR","@id":"https:\/\/www.neufmois.fr\/les-confessions\/#\/schema\/person\/image\/","url":"https:\/\/secure.gravatar.com\/avatar\/e4b3abeefeb17983433f333a4c54f394?s=96&d=mm&r=g","contentUrl":"https:\/\/secure.gravatar.com\/avatar\/e4b3abeefeb17983433f333a4c54f394?s=96&d=mm&r=g","caption":"maman anonyme"},"url":"https:\/\/www.neufmois.fr\/les-confessions\/author\/anonyme"}]}},"amp_enabled":true,"_links":{"self":[{"href":"https:\/\/www.neufmois.fr\/les-confessions\/wp-json\/wp\/v2\/posts\/291"}],"collection":[{"href":"https:\/\/www.neufmois.fr\/les-confessions\/wp-json\/wp\/v2\/posts"}],"about":[{"href":"https:\/\/www.neufmois.fr\/les-confessions\/wp-json\/wp\/v2\/types\/post"}],"author":[{"embeddable":true,"href":"https:\/\/www.neufmois.fr\/les-confessions\/wp-json\/wp\/v2\/users\/461446"}],"replies":[{"embeddable":true,"href":"https:\/\/www.neufmois.fr\/les-confessions\/wp-json\/wp\/v2\/comments?post=291"}],"version-history":[{"count":0,"href":"https:\/\/www.neufmois.fr\/les-confessions\/wp-json\/wp\/v2\/posts\/291\/revisions"}],"wp:attachment":[{"href":"https:\/\/www.neufmois.fr\/les-confessions\/wp-json\/wp\/v2\/media?parent=291"}],"wp:term":[{"taxonomy":"category","embeddable":true,"href":"https:\/\/www.neufmois.fr\/les-confessions\/wp-json\/wp\/v2\/categories?post=291"},{"taxonomy":"post_tag","embeddable":true,"href":"https:\/\/www.neufmois.fr\/les-confessions\/wp-json\/wp\/v2\/tags?post=291"}],"curies":[{"name":"wp","href":"https:\/\/api.w.org\/{rel}","templated":true}]}}