{"id":275,"date":"2011-10-11T16:38:00","date_gmt":"2011-10-11T16:38:00","guid":{"rendered":"https:\/\/www.neufmois.fr\/les-confessions\/?p=275"},"modified":"2011-10-11T16:38:00","modified_gmt":"2011-10-11T16:38:00","slug":"je-suis-deboussolee-que-faire","status":"publish","type":"post","link":"https:\/\/www.neufmois.fr\/les-confessions\/je-suis-deboussolee-que-faire","title":{"rendered":"Je suis d\u00e9boussol\u00e9e que faire?"},"content":{"rendered":"<p>Salut je me nomme ANM, je suis m\u00e8re de deux charmantes filles et j&rsquo;ai un gros souci. Mon mari est le premier homme de ma vie et c&rsquo;est aussi le p\u00e8re de mes deux filles. Le probl\u00e8me que j&rsquo;ai c&rsquo;est que mon mari m&rsquo;a confi\u00e9 qu&rsquo;il ne me sentait plus vraiment lors de nos \u00e9bats parce qu&rsquo;il a le sentiment que je suis devenue large ce qui me d\u00e9range beaucoup m\u00eame si je sais qu&rsquo;il m&rsquo;a parl\u00e9 en toute franchise car j&rsquo;ai peur qu&rsquo;il aille voir ailleurs. En effet lors de mon premier accouchement j&rsquo;ai subis une \u00e9pisiotomie qui compte t\u00e9nue des diff\u00e9rentes positions adopt\u00e9es lors de nos \u00e9bats n&rsquo;a pas vraiment t\u00e9nue et aussi lors de mon deuxi\u00e8me accouchement le b\u00e9b\u00e9 pour sortir m&rsquo;a d\u00e9chir\u00e9 un peu mais la sage femme a dit que ce n&rsquo;\u00e9tait qu&rsquo;une \u00e9raflure vulvaire et que ce n&rsquo;\u00e9tait rien de bien grave donc franchement je ne sais que faire pour que mon mari retrouve cette fermet\u00e9 d&rsquo;autrefois et cela m&rsquo;attriste beaucoup et fait que chaque fois que nous devons avoir des rapports j&rsquo;h\u00e9site un peu parce que j&rsquo;ai peur que cela ne le d\u00e9plaise \u00e0 nouveau merci de me conseiller.<\/p>\n","protected":false},"excerpt":{"rendered":"<p>Salut je me nomme ANM, je suis m\u00e8re de deux charmantes filles et j&rsquo;ai un gros souci. Mon mari est le premier homme de ma vie et c&rsquo;est aussi le p\u00e8re de mes deux filles. Le probl\u00e8me que j&rsquo;ai c&rsquo;est que mon mari m&rsquo;a confi\u00e9 qu&rsquo;il ne me sentait plus vraiment lors de nos \u00e9bats parce qu&rsquo;il a le sentiment que je suis devenue large ce qui me d\u00e9range beaucoup m\u00eame si je sais qu&rsquo;il m&rsquo;a parl\u00e9 en toute franchise car j&rsquo;ai peur qu&rsquo;il aille voir ailleurs. En effet lors<\/p>\n","protected":false},"author":461446,"featured_media":0,"comment_status":"open","ping_status":"open","sticky":false,"template":"","format":"standard","meta":[],"categories":[1],"tags":[],"yoast_head":"<!-- This site is optimized with the Yoast SEO plugin v20.4 - https:\/\/yoast.com\/wordpress\/plugins\/seo\/ -->\n<title>Je suis d\u00e9boussol\u00e9e que faire? - Les confessions<\/title>\n<meta name=\"robots\" content=\"index, follow, max-snippet:-1, max-image-preview:large, max-video-preview:-1\" \/>\n<link rel=\"canonical\" href=\"https:\/\/www.neufmois.fr\/les-confessions\/je-suis-deboussolee-que-faire\" \/>\n<meta property=\"og:locale\" content=\"fr_FR\" \/>\n<meta property=\"og:type\" content=\"article\" \/>\n<meta property=\"og:title\" content=\"Je suis d\u00e9boussol\u00e9e que faire? - Les confessions\" \/>\n<meta property=\"og:description\" content=\"Salut je me nomme ANM, je suis m\u00e8re de deux charmantes filles et j&rsquo;ai un gros souci. Mon mari est le premier homme de ma vie et c&rsquo;est aussi le p\u00e8re de mes deux filles. Le probl\u00e8me que j&rsquo;ai c&rsquo;est que mon mari m&rsquo;a confi\u00e9 qu&rsquo;il ne me sentait plus vraiment lors de nos \u00e9bats parce qu&rsquo;il a le sentiment que je suis devenue large ce qui me d\u00e9range beaucoup m\u00eame si je sais qu&rsquo;il m&rsquo;a parl\u00e9 en toute franchise car j&rsquo;ai peur qu&rsquo;il aille voir ailleurs. En effet lors\" \/>\n<meta property=\"og:url\" content=\"https:\/\/www.neufmois.fr\/les-confessions\/je-suis-deboussolee-que-faire\" \/>\n<meta property=\"og:site_name\" content=\"Les confessions\" \/>\n<meta property=\"article:published_time\" content=\"2011-10-11T16:38:00+00:00\" \/>\n<meta name=\"author\" content=\"maman anonyme\" \/>\n<meta name=\"twitter:card\" content=\"summary_large_image\" \/>\n<meta name=\"twitter:label1\" content=\"\u00c9crit par\" \/>\n\t<meta name=\"twitter:data1\" content=\"maman anonyme\" \/>\n\t<meta name=\"twitter:label2\" content=\"Dur\u00e9e de lecture estim\u00e9e\" \/>\n\t<meta name=\"twitter:data2\" content=\"1 minute\" \/>\n<script type=\"application\/ld+json\" class=\"yoast-schema-graph\">{\"@context\":\"https:\/\/schema.org\",\"@graph\":[{\"@type\":\"WebPage\",\"@id\":\"https:\/\/www.neufmois.fr\/les-confessions\/je-suis-deboussolee-que-faire\",\"url\":\"https:\/\/www.neufmois.fr\/les-confessions\/je-suis-deboussolee-que-faire\",\"name\":\"Je suis d\u00e9boussol\u00e9e que faire? - Les confessions\",\"isPartOf\":{\"@id\":\"https:\/\/www.neufmois.fr\/les-confessions\/#website\"},\"datePublished\":\"2011-10-11T16:38:00+00:00\",\"dateModified\":\"2011-10-11T16:38:00+00:00\",\"author\":{\"@id\":\"https:\/\/www.neufmois.fr\/les-confessions\/#\/schema\/person\/893fe127c653ae6741f53a67962f8b5d\"},\"breadcrumb\":{\"@id\":\"https:\/\/www.neufmois.fr\/les-confessions\/je-suis-deboussolee-que-faire#breadcrumb\"},\"inLanguage\":\"fr-FR\",\"potentialAction\":[{\"@type\":\"ReadAction\",\"target\":[\"https:\/\/www.neufmois.fr\/les-confessions\/je-suis-deboussolee-que-faire\"]}]},{\"@type\":\"BreadcrumbList\",\"@id\":\"https:\/\/www.neufmois.fr\/les-confessions\/je-suis-deboussolee-que-faire#breadcrumb\",\"itemListElement\":[{\"@type\":\"ListItem\",\"position\":1,\"name\":\"Accueil\",\"item\":\"https:\/\/www.neufmois.fr\/les-confessions\/\"},{\"@type\":\"ListItem\",\"position\":2,\"name\":\"Je suis d\u00e9boussol\u00e9e que faire?\"}]},{\"@type\":\"WebSite\",\"@id\":\"https:\/\/www.neufmois.fr\/les-confessions\/#website\",\"url\":\"https:\/\/www.neufmois.fr\/les-confessions\/\",\"name\":\"Les confessions\",\"description\":\" Les confessions\",\"potentialAction\":[{\"@type\":\"SearchAction\",\"target\":{\"@type\":\"EntryPoint\",\"urlTemplate\":\"https:\/\/www.neufmois.fr\/les-confessions\/?s={search_term_string}\"},\"query-input\":\"required name=search_term_string\"}],\"inLanguage\":\"fr-FR\"},{\"@type\":\"Person\",\"@id\":\"https:\/\/www.neufmois.fr\/les-confessions\/#\/schema\/person\/893fe127c653ae6741f53a67962f8b5d\",\"name\":\"maman anonyme\",\"image\":{\"@type\":\"ImageObject\",\"inLanguage\":\"fr-FR\",\"@id\":\"https:\/\/www.neufmois.fr\/les-confessions\/#\/schema\/person\/image\/\",\"url\":\"https:\/\/secure.gravatar.com\/avatar\/e4b3abeefeb17983433f333a4c54f394?s=96&d=mm&r=g\",\"contentUrl\":\"https:\/\/secure.gravatar.com\/avatar\/e4b3abeefeb17983433f333a4c54f394?s=96&d=mm&r=g\",\"caption\":\"maman anonyme\"},\"url\":\"https:\/\/www.neufmois.fr\/les-confessions\/author\/anonyme\"}]}<\/script>\n<!-- \/ Yoast SEO plugin. -->","yoast_head_json":{"title":"Je suis d\u00e9boussol\u00e9e que faire? - Les confessions","robots":{"index":"index","follow":"follow","max-snippet":"max-snippet:-1","max-image-preview":"max-image-preview:large","max-video-preview":"max-video-preview:-1"},"canonical":"https:\/\/www.neufmois.fr\/les-confessions\/je-suis-deboussolee-que-faire","og_locale":"fr_FR","og_type":"article","og_title":"Je suis d\u00e9boussol\u00e9e que faire? - Les confessions","og_description":"Salut je me nomme ANM, je suis m\u00e8re de deux charmantes filles et j&rsquo;ai un gros souci. Mon mari est le premier homme de ma vie et c&rsquo;est aussi le p\u00e8re de mes deux filles. Le probl\u00e8me que j&rsquo;ai c&rsquo;est que mon mari m&rsquo;a confi\u00e9 qu&rsquo;il ne me sentait plus vraiment lors de nos \u00e9bats parce qu&rsquo;il a le sentiment que je suis devenue large ce qui me d\u00e9range beaucoup m\u00eame si je sais qu&rsquo;il m&rsquo;a parl\u00e9 en toute franchise car j&rsquo;ai peur qu&rsquo;il aille voir ailleurs. En effet lors","og_url":"https:\/\/www.neufmois.fr\/les-confessions\/je-suis-deboussolee-que-faire","og_site_name":"Les confessions","article_published_time":"2011-10-11T16:38:00+00:00","author":"maman anonyme","twitter_card":"summary_large_image","twitter_misc":{"\u00c9crit par":"maman anonyme","Dur\u00e9e de lecture estim\u00e9e":"1 minute"},"schema":{"@context":"https:\/\/schema.org","@graph":[{"@type":"WebPage","@id":"https:\/\/www.neufmois.fr\/les-confessions\/je-suis-deboussolee-que-faire","url":"https:\/\/www.neufmois.fr\/les-confessions\/je-suis-deboussolee-que-faire","name":"Je suis d\u00e9boussol\u00e9e que faire? - Les confessions","isPartOf":{"@id":"https:\/\/www.neufmois.fr\/les-confessions\/#website"},"datePublished":"2011-10-11T16:38:00+00:00","dateModified":"2011-10-11T16:38:00+00:00","author":{"@id":"https:\/\/www.neufmois.fr\/les-confessions\/#\/schema\/person\/893fe127c653ae6741f53a67962f8b5d"},"breadcrumb":{"@id":"https:\/\/www.neufmois.fr\/les-confessions\/je-suis-deboussolee-que-faire#breadcrumb"},"inLanguage":"fr-FR","potentialAction":[{"@type":"ReadAction","target":["https:\/\/www.neufmois.fr\/les-confessions\/je-suis-deboussolee-que-faire"]}]},{"@type":"BreadcrumbList","@id":"https:\/\/www.neufmois.fr\/les-confessions\/je-suis-deboussolee-que-faire#breadcrumb","itemListElement":[{"@type":"ListItem","position":1,"name":"Accueil","item":"https:\/\/www.neufmois.fr\/les-confessions\/"},{"@type":"ListItem","position":2,"name":"Je suis d\u00e9boussol\u00e9e que faire?"}]},{"@type":"WebSite","@id":"https:\/\/www.neufmois.fr\/les-confessions\/#website","url":"https:\/\/www.neufmois.fr\/les-confessions\/","name":"Les confessions","description":" Les confessions","potentialAction":[{"@type":"SearchAction","target":{"@type":"EntryPoint","urlTemplate":"https:\/\/www.neufmois.fr\/les-confessions\/?s={search_term_string}"},"query-input":"required name=search_term_string"}],"inLanguage":"fr-FR"},{"@type":"Person","@id":"https:\/\/www.neufmois.fr\/les-confessions\/#\/schema\/person\/893fe127c653ae6741f53a67962f8b5d","name":"maman anonyme","image":{"@type":"ImageObject","inLanguage":"fr-FR","@id":"https:\/\/www.neufmois.fr\/les-confessions\/#\/schema\/person\/image\/","url":"https:\/\/secure.gravatar.com\/avatar\/e4b3abeefeb17983433f333a4c54f394?s=96&d=mm&r=g","contentUrl":"https:\/\/secure.gravatar.com\/avatar\/e4b3abeefeb17983433f333a4c54f394?s=96&d=mm&r=g","caption":"maman anonyme"},"url":"https:\/\/www.neufmois.fr\/les-confessions\/author\/anonyme"}]}},"amp_enabled":true,"_links":{"self":[{"href":"https:\/\/www.neufmois.fr\/les-confessions\/wp-json\/wp\/v2\/posts\/275"}],"collection":[{"href":"https:\/\/www.neufmois.fr\/les-confessions\/wp-json\/wp\/v2\/posts"}],"about":[{"href":"https:\/\/www.neufmois.fr\/les-confessions\/wp-json\/wp\/v2\/types\/post"}],"author":[{"embeddable":true,"href":"https:\/\/www.neufmois.fr\/les-confessions\/wp-json\/wp\/v2\/users\/461446"}],"replies":[{"embeddable":true,"href":"https:\/\/www.neufmois.fr\/les-confessions\/wp-json\/wp\/v2\/comments?post=275"}],"version-history":[{"count":0,"href":"https:\/\/www.neufmois.fr\/les-confessions\/wp-json\/wp\/v2\/posts\/275\/revisions"}],"wp:attachment":[{"href":"https:\/\/www.neufmois.fr\/les-confessions\/wp-json\/wp\/v2\/media?parent=275"}],"wp:term":[{"taxonomy":"category","embeddable":true,"href":"https:\/\/www.neufmois.fr\/les-confessions\/wp-json\/wp\/v2\/categories?post=275"},{"taxonomy":"post_tag","embeddable":true,"href":"https:\/\/www.neufmois.fr\/les-confessions\/wp-json\/wp\/v2\/tags?post=275"}],"curies":[{"name":"wp","href":"https:\/\/api.w.org\/{rel}","templated":true}]}}