{"id":265,"date":"2011-11-11T23:23:00","date_gmt":"2011-11-11T23:23:00","guid":{"rendered":"https:\/\/www.neufmois.fr\/les-confessions\/?p=265"},"modified":"2011-11-11T23:23:00","modified_gmt":"2011-11-11T23:23:00","slug":"mon-bebe-est-atteint-dun-cancer","status":"publish","type":"post","link":"https:\/\/www.neufmois.fr\/les-confessions\/mon-bebe-est-atteint-dun-cancer","title":{"rendered":"Mon b\u00e9b\u00e9 est atteint d&rsquo;un cancer"},"content":{"rendered":"<p>Bonjour \u00e0 toutes,<\/p>\n<p>Je ne me suis pas connect\u00e9e sur le forum depuis le mois de juillet, je compte d&rsquo;ailleurs me d\u00e9sinscrire. Je vous \u00e9cris cette confession pour t\u00e9moigner et pour peut-\u00eatre aider d&rsquo;autres enfants qui sont dans le m\u00eame cas que nous. Je vous \u00e9cris aussi car nous avons mon mari et moi \u00e9t\u00e9 pris pour des nouveaux parents trop inquiets et angoiss\u00e9s par le \u00ab\u00a0syst\u00e8me m\u00e9dical\u00a0\u00bb. enfin je ne vous \u00e9cris pas pour avoir un quelconque soutien (ne vous sentez pas oblig\u00e9 de me r\u00e9pondre) car malheureusement personne \u00e0 l&rsquo;heure actuelle ne peut m&rsquo;aider ou me comprendre, \u00e0 part bien-s\u00fbr les parents qui vivent une chose aussi horrible que nous. Mon fils de huit mois est atteint d&rsquo;un r\u00e9tinoblastome, c&rsquo;est une maladie orpheline, un cancer de la r\u00e9tine. Il a subi il y a un mois une ablation de l&rsquo;oeil car la tumeur \u00e9tait trop importante pour \u00eatre soign\u00e9e. Nous sommes suivi \u00e0 l&rsquo;institut curie pendant au moins cinq jours tous les mois. Avant de d\u00e9couvrir la maladie mon mari et moi-m\u00eame avions remarqu\u00e9 qu&rsquo;il y avait un pb, mais aucun m\u00e9decin ne nous prenait au s\u00e9rieux, jusqu&rsquo;a ce que je fasse du forcing aupr\u00e8s d&rsquo;un nouveau m\u00e9decin. Cette maladie est sp\u00e9cifique aux enfants, les signes pr\u00e9cursseurs sont un l\u00e9ger strabisme et une pastille blanche qui se voit suivant la lumi\u00e8re ou avec les photos flash. Pour information le syst\u00e8me oculaire d&rsquo;un nourrisson est d\u00e9finitif d\u00e8s les premi\u00e8res semaines de vie, les m\u00e9decins qui vous disent que tous les bb louchent sont incomp\u00e9tents, c&rsquo;est une h\u00e9r\u00e9sie (c&rsquo;est d&rsquo;ailleurs not\u00e9 dans les nouveaux carnet de sant\u00e9). Si vous avez le moindre doute aller aux urgences attendez peut \u00eatre 3h mais au moins vous serez sure qu&rsquo;un ophtalmo examine votre enfant. Cette maladie apparait chez l&rsquo;enfant de 0 \u00e0 5ans. Elle est soit g\u00e9n\u00e9tique (la plupart des parents ne sont pas au courant qu&rsquo;ils portent le g\u00e8ne) ou c&rsquo;est simplement un cancer qui est apparut pour on ne sait quelle raison.voici un lien http:\/\/www.retinostop.org\/ merci de faire passer pr sauv\u00e9 nos enfant<\/p>\n","protected":false},"excerpt":{"rendered":"<p>Bonjour \u00e0 toutes, Je ne me suis pas connect\u00e9e sur le forum depuis le mois de juillet, je compte d&rsquo;ailleurs me d\u00e9sinscrire. Je vous \u00e9cris cette confession pour t\u00e9moigner et pour peut-\u00eatre aider d&rsquo;autres enfants qui sont dans le m\u00eame cas que nous. Je vous \u00e9cris aussi car nous avons mon mari et moi \u00e9t\u00e9 pris pour des nouveaux parents trop inquiets et angoiss\u00e9s par le \u00ab\u00a0syst\u00e8me m\u00e9dical\u00a0\u00bb. enfin je ne vous \u00e9cris pas pour avoir un quelconque soutien (ne vous sentez pas oblig\u00e9 de me r\u00e9pondre) car malheureusement personne<\/p>\n","protected":false},"author":461446,"featured_media":0,"comment_status":"open","ping_status":"open","sticky":false,"template":"","format":"standard","meta":[],"categories":[1],"tags":[],"yoast_head":"<!-- This site is optimized with the Yoast SEO plugin v20.4 - https:\/\/yoast.com\/wordpress\/plugins\/seo\/ -->\n<title>Mon b\u00e9b\u00e9 est atteint d&#039;un cancer - Les confessions<\/title>\n<meta name=\"robots\" content=\"index, follow, max-snippet:-1, max-image-preview:large, max-video-preview:-1\" \/>\n<link rel=\"canonical\" href=\"https:\/\/www.neufmois.fr\/les-confessions\/mon-bebe-est-atteint-dun-cancer\" \/>\n<meta property=\"og:locale\" content=\"fr_FR\" \/>\n<meta property=\"og:type\" content=\"article\" \/>\n<meta property=\"og:title\" content=\"Mon b\u00e9b\u00e9 est atteint d&#039;un cancer - Les confessions\" \/>\n<meta property=\"og:description\" content=\"Bonjour \u00e0 toutes, Je ne me suis pas connect\u00e9e sur le forum depuis le mois de juillet, je compte d&rsquo;ailleurs me d\u00e9sinscrire. Je vous \u00e9cris cette confession pour t\u00e9moigner et pour peut-\u00eatre aider d&rsquo;autres enfants qui sont dans le m\u00eame cas que nous. Je vous \u00e9cris aussi car nous avons mon mari et moi \u00e9t\u00e9 pris pour des nouveaux parents trop inquiets et angoiss\u00e9s par le \u00ab\u00a0syst\u00e8me m\u00e9dical\u00a0\u00bb. enfin je ne vous \u00e9cris pas pour avoir un quelconque soutien (ne vous sentez pas oblig\u00e9 de me r\u00e9pondre) car malheureusement personne\" \/>\n<meta property=\"og:url\" content=\"https:\/\/www.neufmois.fr\/les-confessions\/mon-bebe-est-atteint-dun-cancer\" \/>\n<meta property=\"og:site_name\" content=\"Les confessions\" \/>\n<meta property=\"article:published_time\" content=\"2011-11-11T23:23:00+00:00\" \/>\n<meta name=\"author\" content=\"maman anonyme\" \/>\n<meta name=\"twitter:card\" content=\"summary_large_image\" \/>\n<meta name=\"twitter:label1\" content=\"\u00c9crit par\" \/>\n\t<meta name=\"twitter:data1\" content=\"maman anonyme\" \/>\n\t<meta name=\"twitter:label2\" content=\"Dur\u00e9e de lecture estim\u00e9e\" \/>\n\t<meta name=\"twitter:data2\" content=\"2 minutes\" \/>\n<script type=\"application\/ld+json\" class=\"yoast-schema-graph\">{\"@context\":\"https:\/\/schema.org\",\"@graph\":[{\"@type\":\"WebPage\",\"@id\":\"https:\/\/www.neufmois.fr\/les-confessions\/mon-bebe-est-atteint-dun-cancer\",\"url\":\"https:\/\/www.neufmois.fr\/les-confessions\/mon-bebe-est-atteint-dun-cancer\",\"name\":\"Mon b\u00e9b\u00e9 est atteint d'un cancer - Les confessions\",\"isPartOf\":{\"@id\":\"https:\/\/www.neufmois.fr\/les-confessions\/#website\"},\"datePublished\":\"2011-11-11T23:23:00+00:00\",\"dateModified\":\"2011-11-11T23:23:00+00:00\",\"author\":{\"@id\":\"https:\/\/www.neufmois.fr\/les-confessions\/#\/schema\/person\/893fe127c653ae6741f53a67962f8b5d\"},\"breadcrumb\":{\"@id\":\"https:\/\/www.neufmois.fr\/les-confessions\/mon-bebe-est-atteint-dun-cancer#breadcrumb\"},\"inLanguage\":\"fr-FR\",\"potentialAction\":[{\"@type\":\"ReadAction\",\"target\":[\"https:\/\/www.neufmois.fr\/les-confessions\/mon-bebe-est-atteint-dun-cancer\"]}]},{\"@type\":\"BreadcrumbList\",\"@id\":\"https:\/\/www.neufmois.fr\/les-confessions\/mon-bebe-est-atteint-dun-cancer#breadcrumb\",\"itemListElement\":[{\"@type\":\"ListItem\",\"position\":1,\"name\":\"Accueil\",\"item\":\"https:\/\/www.neufmois.fr\/les-confessions\/\"},{\"@type\":\"ListItem\",\"position\":2,\"name\":\"Mon b\u00e9b\u00e9 est atteint d&rsquo;un cancer\"}]},{\"@type\":\"WebSite\",\"@id\":\"https:\/\/www.neufmois.fr\/les-confessions\/#website\",\"url\":\"https:\/\/www.neufmois.fr\/les-confessions\/\",\"name\":\"Les confessions\",\"description\":\" Les confessions\",\"potentialAction\":[{\"@type\":\"SearchAction\",\"target\":{\"@type\":\"EntryPoint\",\"urlTemplate\":\"https:\/\/www.neufmois.fr\/les-confessions\/?s={search_term_string}\"},\"query-input\":\"required name=search_term_string\"}],\"inLanguage\":\"fr-FR\"},{\"@type\":\"Person\",\"@id\":\"https:\/\/www.neufmois.fr\/les-confessions\/#\/schema\/person\/893fe127c653ae6741f53a67962f8b5d\",\"name\":\"maman anonyme\",\"image\":{\"@type\":\"ImageObject\",\"inLanguage\":\"fr-FR\",\"@id\":\"https:\/\/www.neufmois.fr\/les-confessions\/#\/schema\/person\/image\/\",\"url\":\"https:\/\/secure.gravatar.com\/avatar\/e4b3abeefeb17983433f333a4c54f394?s=96&d=mm&r=g\",\"contentUrl\":\"https:\/\/secure.gravatar.com\/avatar\/e4b3abeefeb17983433f333a4c54f394?s=96&d=mm&r=g\",\"caption\":\"maman anonyme\"},\"url\":\"https:\/\/www.neufmois.fr\/les-confessions\/author\/anonyme\"}]}<\/script>\n<!-- \/ Yoast SEO plugin. -->","yoast_head_json":{"title":"Mon b\u00e9b\u00e9 est atteint d'un cancer - Les confessions","robots":{"index":"index","follow":"follow","max-snippet":"max-snippet:-1","max-image-preview":"max-image-preview:large","max-video-preview":"max-video-preview:-1"},"canonical":"https:\/\/www.neufmois.fr\/les-confessions\/mon-bebe-est-atteint-dun-cancer","og_locale":"fr_FR","og_type":"article","og_title":"Mon b\u00e9b\u00e9 est atteint d'un cancer - Les confessions","og_description":"Bonjour \u00e0 toutes, Je ne me suis pas connect\u00e9e sur le forum depuis le mois de juillet, je compte d&rsquo;ailleurs me d\u00e9sinscrire. Je vous \u00e9cris cette confession pour t\u00e9moigner et pour peut-\u00eatre aider d&rsquo;autres enfants qui sont dans le m\u00eame cas que nous. Je vous \u00e9cris aussi car nous avons mon mari et moi \u00e9t\u00e9 pris pour des nouveaux parents trop inquiets et angoiss\u00e9s par le \u00ab\u00a0syst\u00e8me m\u00e9dical\u00a0\u00bb. enfin je ne vous \u00e9cris pas pour avoir un quelconque soutien (ne vous sentez pas oblig\u00e9 de me r\u00e9pondre) car malheureusement personne","og_url":"https:\/\/www.neufmois.fr\/les-confessions\/mon-bebe-est-atteint-dun-cancer","og_site_name":"Les confessions","article_published_time":"2011-11-11T23:23:00+00:00","author":"maman anonyme","twitter_card":"summary_large_image","twitter_misc":{"\u00c9crit par":"maman anonyme","Dur\u00e9e de lecture estim\u00e9e":"2 minutes"},"schema":{"@context":"https:\/\/schema.org","@graph":[{"@type":"WebPage","@id":"https:\/\/www.neufmois.fr\/les-confessions\/mon-bebe-est-atteint-dun-cancer","url":"https:\/\/www.neufmois.fr\/les-confessions\/mon-bebe-est-atteint-dun-cancer","name":"Mon b\u00e9b\u00e9 est atteint d'un cancer - Les confessions","isPartOf":{"@id":"https:\/\/www.neufmois.fr\/les-confessions\/#website"},"datePublished":"2011-11-11T23:23:00+00:00","dateModified":"2011-11-11T23:23:00+00:00","author":{"@id":"https:\/\/www.neufmois.fr\/les-confessions\/#\/schema\/person\/893fe127c653ae6741f53a67962f8b5d"},"breadcrumb":{"@id":"https:\/\/www.neufmois.fr\/les-confessions\/mon-bebe-est-atteint-dun-cancer#breadcrumb"},"inLanguage":"fr-FR","potentialAction":[{"@type":"ReadAction","target":["https:\/\/www.neufmois.fr\/les-confessions\/mon-bebe-est-atteint-dun-cancer"]}]},{"@type":"BreadcrumbList","@id":"https:\/\/www.neufmois.fr\/les-confessions\/mon-bebe-est-atteint-dun-cancer#breadcrumb","itemListElement":[{"@type":"ListItem","position":1,"name":"Accueil","item":"https:\/\/www.neufmois.fr\/les-confessions\/"},{"@type":"ListItem","position":2,"name":"Mon b\u00e9b\u00e9 est atteint d&rsquo;un cancer"}]},{"@type":"WebSite","@id":"https:\/\/www.neufmois.fr\/les-confessions\/#website","url":"https:\/\/www.neufmois.fr\/les-confessions\/","name":"Les confessions","description":" Les confessions","potentialAction":[{"@type":"SearchAction","target":{"@type":"EntryPoint","urlTemplate":"https:\/\/www.neufmois.fr\/les-confessions\/?s={search_term_string}"},"query-input":"required name=search_term_string"}],"inLanguage":"fr-FR"},{"@type":"Person","@id":"https:\/\/www.neufmois.fr\/les-confessions\/#\/schema\/person\/893fe127c653ae6741f53a67962f8b5d","name":"maman anonyme","image":{"@type":"ImageObject","inLanguage":"fr-FR","@id":"https:\/\/www.neufmois.fr\/les-confessions\/#\/schema\/person\/image\/","url":"https:\/\/secure.gravatar.com\/avatar\/e4b3abeefeb17983433f333a4c54f394?s=96&d=mm&r=g","contentUrl":"https:\/\/secure.gravatar.com\/avatar\/e4b3abeefeb17983433f333a4c54f394?s=96&d=mm&r=g","caption":"maman anonyme"},"url":"https:\/\/www.neufmois.fr\/les-confessions\/author\/anonyme"}]}},"amp_enabled":true,"_links":{"self":[{"href":"https:\/\/www.neufmois.fr\/les-confessions\/wp-json\/wp\/v2\/posts\/265"}],"collection":[{"href":"https:\/\/www.neufmois.fr\/les-confessions\/wp-json\/wp\/v2\/posts"}],"about":[{"href":"https:\/\/www.neufmois.fr\/les-confessions\/wp-json\/wp\/v2\/types\/post"}],"author":[{"embeddable":true,"href":"https:\/\/www.neufmois.fr\/les-confessions\/wp-json\/wp\/v2\/users\/461446"}],"replies":[{"embeddable":true,"href":"https:\/\/www.neufmois.fr\/les-confessions\/wp-json\/wp\/v2\/comments?post=265"}],"version-history":[{"count":0,"href":"https:\/\/www.neufmois.fr\/les-confessions\/wp-json\/wp\/v2\/posts\/265\/revisions"}],"wp:attachment":[{"href":"https:\/\/www.neufmois.fr\/les-confessions\/wp-json\/wp\/v2\/media?parent=265"}],"wp:term":[{"taxonomy":"category","embeddable":true,"href":"https:\/\/www.neufmois.fr\/les-confessions\/wp-json\/wp\/v2\/categories?post=265"},{"taxonomy":"post_tag","embeddable":true,"href":"https:\/\/www.neufmois.fr\/les-confessions\/wp-json\/wp\/v2\/tags?post=265"}],"curies":[{"name":"wp","href":"https:\/\/api.w.org\/{rel}","templated":true}]}}