{"id":262,"date":"2011-11-23T10:56:00","date_gmt":"2011-11-23T10:56:00","guid":{"rendered":"https:\/\/www.neufmois.fr\/les-confessions\/?p=262"},"modified":"2011-11-23T10:56:00","modified_gmt":"2011-11-23T10:56:00","slug":"atteinte-dune-endometriose-je-veux-un-bebe-vite-mais-pas-mon-ami","status":"publish","type":"post","link":"https:\/\/www.neufmois.fr\/les-confessions\/atteinte-dune-endometriose-je-veux-un-bebe-vite-mais-pas-mon-ami","title":{"rendered":"Atteinte d&rsquo;une endom\u00e9triose je veux un b\u00e9b\u00e9 vite mais pas mon ami"},"content":{"rendered":"<p>Voil\u00e0, j&rsquo;ai appris cet \u00e9t\u00e9 que j&rsquo;\u00e9tais atteinte d&rsquo;une endom\u00e9triose, je ne me fais pas op\u00e9rer pour le moment car mes douleurs sont supportables et mon m\u00e9decin ne pr\u00e9f\u00e8re pas pour le moment car cela comporte des risques, il m&rsquo;a indiqu\u00e9 de ne pas trop tarder \u00e0 faire mon premier enfant et qu&rsquo;apr\u00e8s on verrait&#8230; cela fait deux ans que je suis en couple, j&rsquo;ai 24 ans et lui 27, on s&rsquo;\u00e9tait projet\u00e9 de faire un enfant dans 3 ans, seulement voil\u00e0 avec ma maladie je souhaite commencer \u00e0 essayer dans un an ce qui veut dire que de toutes fa\u00e7on nous n&rsquo;aurions pas notre enfant avant 2 ans et encore si tout se passe bien&#8230; vous allez me dire entre 2 ans et 3 ans pas de grosse diff\u00e9rence bah pourtant pour mon ami si !<br \/>\nje ne sais pas quoi faire, et en m\u00eame temps je ne veux pas trop lui mettre la pression&#8230;<\/p>\n","protected":false},"excerpt":{"rendered":"<p>Voil\u00e0, j&rsquo;ai appris cet \u00e9t\u00e9 que j&rsquo;\u00e9tais atteinte d&rsquo;une endom\u00e9triose, je ne me fais pas op\u00e9rer pour le moment car mes douleurs sont supportables et mon m\u00e9decin ne pr\u00e9f\u00e8re pas pour le moment car cela comporte des risques, il m&rsquo;a indiqu\u00e9 de ne pas trop tarder \u00e0 faire mon premier enfant et qu&rsquo;apr\u00e8s on verrait&#8230; cela fait deux ans que je suis en couple, j&rsquo;ai 24 ans et lui 27, on s&rsquo;\u00e9tait projet\u00e9 de faire un enfant dans 3 ans, seulement voil\u00e0 avec ma maladie je souhaite commencer \u00e0 essayer<\/p>\n","protected":false},"author":461446,"featured_media":0,"comment_status":"open","ping_status":"open","sticky":false,"template":"","format":"standard","meta":[],"categories":[1],"tags":[],"yoast_head":"<!-- This site is optimized with the Yoast SEO plugin v20.4 - https:\/\/yoast.com\/wordpress\/plugins\/seo\/ -->\n<title>Atteinte d&#039;une endom\u00e9triose je veux un b\u00e9b\u00e9 vite mais pas mon ami - Les confessions<\/title>\n<meta name=\"robots\" content=\"index, follow, max-snippet:-1, max-image-preview:large, max-video-preview:-1\" \/>\n<link rel=\"canonical\" href=\"https:\/\/www.neufmois.fr\/les-confessions\/atteinte-dune-endometriose-je-veux-un-bebe-vite-mais-pas-mon-ami\" \/>\n<meta property=\"og:locale\" content=\"fr_FR\" \/>\n<meta property=\"og:type\" content=\"article\" \/>\n<meta property=\"og:title\" content=\"Atteinte d&#039;une endom\u00e9triose je veux un b\u00e9b\u00e9 vite mais pas mon ami - Les confessions\" \/>\n<meta property=\"og:description\" content=\"Voil\u00e0, j&rsquo;ai appris cet \u00e9t\u00e9 que j&rsquo;\u00e9tais atteinte d&rsquo;une endom\u00e9triose, je ne me fais pas op\u00e9rer pour le moment car mes douleurs sont supportables et mon m\u00e9decin ne pr\u00e9f\u00e8re pas pour le moment car cela comporte des risques, il m&rsquo;a indiqu\u00e9 de ne pas trop tarder \u00e0 faire mon premier enfant et qu&rsquo;apr\u00e8s on verrait&#8230; cela fait deux ans que je suis en couple, j&rsquo;ai 24 ans et lui 27, on s&rsquo;\u00e9tait projet\u00e9 de faire un enfant dans 3 ans, seulement voil\u00e0 avec ma maladie je souhaite commencer \u00e0 essayer\" \/>\n<meta property=\"og:url\" content=\"https:\/\/www.neufmois.fr\/les-confessions\/atteinte-dune-endometriose-je-veux-un-bebe-vite-mais-pas-mon-ami\" \/>\n<meta property=\"og:site_name\" content=\"Les confessions\" \/>\n<meta property=\"article:published_time\" content=\"2011-11-23T10:56:00+00:00\" \/>\n<meta name=\"author\" content=\"maman anonyme\" \/>\n<meta name=\"twitter:card\" content=\"summary_large_image\" \/>\n<meta name=\"twitter:label1\" content=\"\u00c9crit par\" \/>\n\t<meta name=\"twitter:data1\" content=\"maman anonyme\" \/>\n\t<meta name=\"twitter:label2\" content=\"Dur\u00e9e de lecture estim\u00e9e\" \/>\n\t<meta name=\"twitter:data2\" content=\"1 minute\" \/>\n<script type=\"application\/ld+json\" class=\"yoast-schema-graph\">{\"@context\":\"https:\/\/schema.org\",\"@graph\":[{\"@type\":\"WebPage\",\"@id\":\"https:\/\/www.neufmois.fr\/les-confessions\/atteinte-dune-endometriose-je-veux-un-bebe-vite-mais-pas-mon-ami\",\"url\":\"https:\/\/www.neufmois.fr\/les-confessions\/atteinte-dune-endometriose-je-veux-un-bebe-vite-mais-pas-mon-ami\",\"name\":\"Atteinte d'une endom\u00e9triose je veux un b\u00e9b\u00e9 vite mais pas mon ami - Les confessions\",\"isPartOf\":{\"@id\":\"https:\/\/www.neufmois.fr\/les-confessions\/#website\"},\"datePublished\":\"2011-11-23T10:56:00+00:00\",\"dateModified\":\"2011-11-23T10:56:00+00:00\",\"author\":{\"@id\":\"https:\/\/www.neufmois.fr\/les-confessions\/#\/schema\/person\/893fe127c653ae6741f53a67962f8b5d\"},\"breadcrumb\":{\"@id\":\"https:\/\/www.neufmois.fr\/les-confessions\/atteinte-dune-endometriose-je-veux-un-bebe-vite-mais-pas-mon-ami#breadcrumb\"},\"inLanguage\":\"fr-FR\",\"potentialAction\":[{\"@type\":\"ReadAction\",\"target\":[\"https:\/\/www.neufmois.fr\/les-confessions\/atteinte-dune-endometriose-je-veux-un-bebe-vite-mais-pas-mon-ami\"]}]},{\"@type\":\"BreadcrumbList\",\"@id\":\"https:\/\/www.neufmois.fr\/les-confessions\/atteinte-dune-endometriose-je-veux-un-bebe-vite-mais-pas-mon-ami#breadcrumb\",\"itemListElement\":[{\"@type\":\"ListItem\",\"position\":1,\"name\":\"Accueil\",\"item\":\"https:\/\/www.neufmois.fr\/les-confessions\/\"},{\"@type\":\"ListItem\",\"position\":2,\"name\":\"Atteinte d&rsquo;une endom\u00e9triose je veux un b\u00e9b\u00e9 vite mais pas mon ami\"}]},{\"@type\":\"WebSite\",\"@id\":\"https:\/\/www.neufmois.fr\/les-confessions\/#website\",\"url\":\"https:\/\/www.neufmois.fr\/les-confessions\/\",\"name\":\"Les confessions\",\"description\":\" Les confessions\",\"potentialAction\":[{\"@type\":\"SearchAction\",\"target\":{\"@type\":\"EntryPoint\",\"urlTemplate\":\"https:\/\/www.neufmois.fr\/les-confessions\/?s={search_term_string}\"},\"query-input\":\"required name=search_term_string\"}],\"inLanguage\":\"fr-FR\"},{\"@type\":\"Person\",\"@id\":\"https:\/\/www.neufmois.fr\/les-confessions\/#\/schema\/person\/893fe127c653ae6741f53a67962f8b5d\",\"name\":\"maman anonyme\",\"image\":{\"@type\":\"ImageObject\",\"inLanguage\":\"fr-FR\",\"@id\":\"https:\/\/www.neufmois.fr\/les-confessions\/#\/schema\/person\/image\/\",\"url\":\"https:\/\/secure.gravatar.com\/avatar\/e4b3abeefeb17983433f333a4c54f394?s=96&d=mm&r=g\",\"contentUrl\":\"https:\/\/secure.gravatar.com\/avatar\/e4b3abeefeb17983433f333a4c54f394?s=96&d=mm&r=g\",\"caption\":\"maman anonyme\"},\"url\":\"https:\/\/www.neufmois.fr\/les-confessions\/author\/anonyme\"}]}<\/script>\n<!-- \/ Yoast SEO plugin. -->","yoast_head_json":{"title":"Atteinte d'une endom\u00e9triose je veux un b\u00e9b\u00e9 vite mais pas mon ami - Les confessions","robots":{"index":"index","follow":"follow","max-snippet":"max-snippet:-1","max-image-preview":"max-image-preview:large","max-video-preview":"max-video-preview:-1"},"canonical":"https:\/\/www.neufmois.fr\/les-confessions\/atteinte-dune-endometriose-je-veux-un-bebe-vite-mais-pas-mon-ami","og_locale":"fr_FR","og_type":"article","og_title":"Atteinte d'une endom\u00e9triose je veux un b\u00e9b\u00e9 vite mais pas mon ami - Les confessions","og_description":"Voil\u00e0, j&rsquo;ai appris cet \u00e9t\u00e9 que j&rsquo;\u00e9tais atteinte d&rsquo;une endom\u00e9triose, je ne me fais pas op\u00e9rer pour le moment car mes douleurs sont supportables et mon m\u00e9decin ne pr\u00e9f\u00e8re pas pour le moment car cela comporte des risques, il m&rsquo;a indiqu\u00e9 de ne pas trop tarder \u00e0 faire mon premier enfant et qu&rsquo;apr\u00e8s on verrait&#8230; cela fait deux ans que je suis en couple, j&rsquo;ai 24 ans et lui 27, on s&rsquo;\u00e9tait projet\u00e9 de faire un enfant dans 3 ans, seulement voil\u00e0 avec ma maladie je souhaite commencer \u00e0 essayer","og_url":"https:\/\/www.neufmois.fr\/les-confessions\/atteinte-dune-endometriose-je-veux-un-bebe-vite-mais-pas-mon-ami","og_site_name":"Les confessions","article_published_time":"2011-11-23T10:56:00+00:00","author":"maman anonyme","twitter_card":"summary_large_image","twitter_misc":{"\u00c9crit par":"maman anonyme","Dur\u00e9e de lecture estim\u00e9e":"1 minute"},"schema":{"@context":"https:\/\/schema.org","@graph":[{"@type":"WebPage","@id":"https:\/\/www.neufmois.fr\/les-confessions\/atteinte-dune-endometriose-je-veux-un-bebe-vite-mais-pas-mon-ami","url":"https:\/\/www.neufmois.fr\/les-confessions\/atteinte-dune-endometriose-je-veux-un-bebe-vite-mais-pas-mon-ami","name":"Atteinte d'une endom\u00e9triose je veux un b\u00e9b\u00e9 vite mais pas mon ami - Les confessions","isPartOf":{"@id":"https:\/\/www.neufmois.fr\/les-confessions\/#website"},"datePublished":"2011-11-23T10:56:00+00:00","dateModified":"2011-11-23T10:56:00+00:00","author":{"@id":"https:\/\/www.neufmois.fr\/les-confessions\/#\/schema\/person\/893fe127c653ae6741f53a67962f8b5d"},"breadcrumb":{"@id":"https:\/\/www.neufmois.fr\/les-confessions\/atteinte-dune-endometriose-je-veux-un-bebe-vite-mais-pas-mon-ami#breadcrumb"},"inLanguage":"fr-FR","potentialAction":[{"@type":"ReadAction","target":["https:\/\/www.neufmois.fr\/les-confessions\/atteinte-dune-endometriose-je-veux-un-bebe-vite-mais-pas-mon-ami"]}]},{"@type":"BreadcrumbList","@id":"https:\/\/www.neufmois.fr\/les-confessions\/atteinte-dune-endometriose-je-veux-un-bebe-vite-mais-pas-mon-ami#breadcrumb","itemListElement":[{"@type":"ListItem","position":1,"name":"Accueil","item":"https:\/\/www.neufmois.fr\/les-confessions\/"},{"@type":"ListItem","position":2,"name":"Atteinte d&rsquo;une endom\u00e9triose je veux un b\u00e9b\u00e9 vite mais pas mon ami"}]},{"@type":"WebSite","@id":"https:\/\/www.neufmois.fr\/les-confessions\/#website","url":"https:\/\/www.neufmois.fr\/les-confessions\/","name":"Les confessions","description":" Les confessions","potentialAction":[{"@type":"SearchAction","target":{"@type":"EntryPoint","urlTemplate":"https:\/\/www.neufmois.fr\/les-confessions\/?s={search_term_string}"},"query-input":"required name=search_term_string"}],"inLanguage":"fr-FR"},{"@type":"Person","@id":"https:\/\/www.neufmois.fr\/les-confessions\/#\/schema\/person\/893fe127c653ae6741f53a67962f8b5d","name":"maman anonyme","image":{"@type":"ImageObject","inLanguage":"fr-FR","@id":"https:\/\/www.neufmois.fr\/les-confessions\/#\/schema\/person\/image\/","url":"https:\/\/secure.gravatar.com\/avatar\/e4b3abeefeb17983433f333a4c54f394?s=96&d=mm&r=g","contentUrl":"https:\/\/secure.gravatar.com\/avatar\/e4b3abeefeb17983433f333a4c54f394?s=96&d=mm&r=g","caption":"maman anonyme"},"url":"https:\/\/www.neufmois.fr\/les-confessions\/author\/anonyme"}]}},"amp_enabled":true,"_links":{"self":[{"href":"https:\/\/www.neufmois.fr\/les-confessions\/wp-json\/wp\/v2\/posts\/262"}],"collection":[{"href":"https:\/\/www.neufmois.fr\/les-confessions\/wp-json\/wp\/v2\/posts"}],"about":[{"href":"https:\/\/www.neufmois.fr\/les-confessions\/wp-json\/wp\/v2\/types\/post"}],"author":[{"embeddable":true,"href":"https:\/\/www.neufmois.fr\/les-confessions\/wp-json\/wp\/v2\/users\/461446"}],"replies":[{"embeddable":true,"href":"https:\/\/www.neufmois.fr\/les-confessions\/wp-json\/wp\/v2\/comments?post=262"}],"version-history":[{"count":0,"href":"https:\/\/www.neufmois.fr\/les-confessions\/wp-json\/wp\/v2\/posts\/262\/revisions"}],"wp:attachment":[{"href":"https:\/\/www.neufmois.fr\/les-confessions\/wp-json\/wp\/v2\/media?parent=262"}],"wp:term":[{"taxonomy":"category","embeddable":true,"href":"https:\/\/www.neufmois.fr\/les-confessions\/wp-json\/wp\/v2\/categories?post=262"},{"taxonomy":"post_tag","embeddable":true,"href":"https:\/\/www.neufmois.fr\/les-confessions\/wp-json\/wp\/v2\/tags?post=262"}],"curies":[{"name":"wp","href":"https:\/\/api.w.org\/{rel}","templated":true}]}}