{"id":254,"date":"2011-12-01T15:43:00","date_gmt":"2011-12-01T15:43:00","guid":{"rendered":"https:\/\/www.neufmois.fr\/les-confessions\/?p=254"},"modified":"2011-12-01T15:43:00","modified_gmt":"2011-12-01T15:43:00","slug":"se-sentir-abandonee","status":"publish","type":"post","link":"https:\/\/www.neufmois.fr\/les-confessions\/se-sentir-abandonee","title":{"rendered":"se sentir \u00ab\u00a0abandon\u00e9e\u00a0\u00bb&#8230;"},"content":{"rendered":"<p>Voila, je suis enceinte de 7mois, mon mari a dej\u00e0 2 enfants d&rsquo;une 1ere union. Cela fait qq semaines que je me sens abandon\u00e9e point de vue de ma grossesse&#8230; Il ne touche plus mon ventre, n&rsquo;a jamais rien achet\u00e9 pour le bb, n&rsquo;a tj pas commenc\u00e9 la chambre&#8230; et a cot\u00e9 de ca va achet\u00e9 des tenues \u00e0 120E pour sa petite derni\u00e8re&#8230; ce n&rsquo;est pas de la jalousie de ma part mais cela commence a m&rsquo;agac\u00e9 et je me sens petit a petit rejet\u00e9, et je ne le reconnai plus! du coup moi je suis rentr\u00e9 ds une spirale o\u00f9 je m&rsquo;enerve pour un rien et je commence a \u00eatre d\u00e9sagr\u00e9able envers lui&#8230; J&rsquo;ai essay\u00e9 de lui en parl\u00e9 mais lui r\u00e9torque que c&rsquo;est de ma faute, que c&rsquo;est moi la m\u00e9chante &#8230; je ne sais plus quoi faire &#8230; cela vous est-il arriv\u00e9? <\/p>\n","protected":false},"excerpt":{"rendered":"<p>Voila, je suis enceinte de 7mois, mon mari a dej\u00e0 2 enfants d&rsquo;une 1ere union. Cela fait qq semaines que je me sens abandon\u00e9e point de vue de ma grossesse&#8230; Il ne touche plus mon ventre, n&rsquo;a jamais rien achet\u00e9 pour le bb, n&rsquo;a tj pas commenc\u00e9 la chambre&#8230; et a cot\u00e9 de ca va achet\u00e9 des tenues \u00e0 120E pour sa petite derni\u00e8re&#8230; ce n&rsquo;est pas de la jalousie de ma part mais cela commence a m&rsquo;agac\u00e9 et je me sens petit a petit rejet\u00e9, et je ne le<\/p>\n","protected":false},"author":461446,"featured_media":0,"comment_status":"open","ping_status":"open","sticky":false,"template":"","format":"standard","meta":[],"categories":[1],"tags":[],"yoast_head":"<!-- This site is optimized with the Yoast SEO plugin v20.4 - https:\/\/yoast.com\/wordpress\/plugins\/seo\/ -->\n<title>se sentir &quot;abandon\u00e9e&quot;... - Les confessions<\/title>\n<meta name=\"robots\" content=\"index, follow, max-snippet:-1, max-image-preview:large, max-video-preview:-1\" \/>\n<link rel=\"canonical\" href=\"https:\/\/www.neufmois.fr\/les-confessions\/se-sentir-abandonee\" \/>\n<meta property=\"og:locale\" content=\"fr_FR\" \/>\n<meta property=\"og:type\" content=\"article\" \/>\n<meta property=\"og:title\" content=\"se sentir &quot;abandon\u00e9e&quot;... - Les confessions\" \/>\n<meta property=\"og:description\" content=\"Voila, je suis enceinte de 7mois, mon mari a dej\u00e0 2 enfants d&rsquo;une 1ere union. Cela fait qq semaines que je me sens abandon\u00e9e point de vue de ma grossesse&#8230; Il ne touche plus mon ventre, n&rsquo;a jamais rien achet\u00e9 pour le bb, n&rsquo;a tj pas commenc\u00e9 la chambre&#8230; et a cot\u00e9 de ca va achet\u00e9 des tenues \u00e0 120E pour sa petite derni\u00e8re&#8230; ce n&rsquo;est pas de la jalousie de ma part mais cela commence a m&rsquo;agac\u00e9 et je me sens petit a petit rejet\u00e9, et je ne le\" \/>\n<meta property=\"og:url\" content=\"https:\/\/www.neufmois.fr\/les-confessions\/se-sentir-abandonee\" \/>\n<meta property=\"og:site_name\" content=\"Les confessions\" \/>\n<meta property=\"article:published_time\" content=\"2011-12-01T15:43:00+00:00\" \/>\n<meta name=\"author\" content=\"maman anonyme\" \/>\n<meta name=\"twitter:card\" content=\"summary_large_image\" \/>\n<meta name=\"twitter:label1\" content=\"\u00c9crit par\" \/>\n\t<meta name=\"twitter:data1\" content=\"maman anonyme\" \/>\n\t<meta name=\"twitter:label2\" content=\"Dur\u00e9e de lecture estim\u00e9e\" \/>\n\t<meta name=\"twitter:data2\" content=\"1 minute\" \/>\n<script type=\"application\/ld+json\" class=\"yoast-schema-graph\">{\"@context\":\"https:\/\/schema.org\",\"@graph\":[{\"@type\":\"WebPage\",\"@id\":\"https:\/\/www.neufmois.fr\/les-confessions\/se-sentir-abandonee\",\"url\":\"https:\/\/www.neufmois.fr\/les-confessions\/se-sentir-abandonee\",\"name\":\"se sentir \\\"abandon\u00e9e\\\"... - Les confessions\",\"isPartOf\":{\"@id\":\"https:\/\/www.neufmois.fr\/les-confessions\/#website\"},\"datePublished\":\"2011-12-01T15:43:00+00:00\",\"dateModified\":\"2011-12-01T15:43:00+00:00\",\"author\":{\"@id\":\"https:\/\/www.neufmois.fr\/les-confessions\/#\/schema\/person\/893fe127c653ae6741f53a67962f8b5d\"},\"breadcrumb\":{\"@id\":\"https:\/\/www.neufmois.fr\/les-confessions\/se-sentir-abandonee#breadcrumb\"},\"inLanguage\":\"fr-FR\",\"potentialAction\":[{\"@type\":\"ReadAction\",\"target\":[\"https:\/\/www.neufmois.fr\/les-confessions\/se-sentir-abandonee\"]}]},{\"@type\":\"BreadcrumbList\",\"@id\":\"https:\/\/www.neufmois.fr\/les-confessions\/se-sentir-abandonee#breadcrumb\",\"itemListElement\":[{\"@type\":\"ListItem\",\"position\":1,\"name\":\"Accueil\",\"item\":\"https:\/\/www.neufmois.fr\/les-confessions\/\"},{\"@type\":\"ListItem\",\"position\":2,\"name\":\"se sentir \u00ab\u00a0abandon\u00e9e\u00a0\u00bb&#8230;\"}]},{\"@type\":\"WebSite\",\"@id\":\"https:\/\/www.neufmois.fr\/les-confessions\/#website\",\"url\":\"https:\/\/www.neufmois.fr\/les-confessions\/\",\"name\":\"Les confessions\",\"description\":\" Les confessions\",\"potentialAction\":[{\"@type\":\"SearchAction\",\"target\":{\"@type\":\"EntryPoint\",\"urlTemplate\":\"https:\/\/www.neufmois.fr\/les-confessions\/?s={search_term_string}\"},\"query-input\":\"required name=search_term_string\"}],\"inLanguage\":\"fr-FR\"},{\"@type\":\"Person\",\"@id\":\"https:\/\/www.neufmois.fr\/les-confessions\/#\/schema\/person\/893fe127c653ae6741f53a67962f8b5d\",\"name\":\"maman anonyme\",\"image\":{\"@type\":\"ImageObject\",\"inLanguage\":\"fr-FR\",\"@id\":\"https:\/\/www.neufmois.fr\/les-confessions\/#\/schema\/person\/image\/\",\"url\":\"https:\/\/secure.gravatar.com\/avatar\/e4b3abeefeb17983433f333a4c54f394?s=96&d=mm&r=g\",\"contentUrl\":\"https:\/\/secure.gravatar.com\/avatar\/e4b3abeefeb17983433f333a4c54f394?s=96&d=mm&r=g\",\"caption\":\"maman anonyme\"},\"url\":\"https:\/\/www.neufmois.fr\/les-confessions\/author\/anonyme\"}]}<\/script>\n<!-- \/ Yoast SEO plugin. -->","yoast_head_json":{"title":"se sentir \"abandon\u00e9e\"... - Les confessions","robots":{"index":"index","follow":"follow","max-snippet":"max-snippet:-1","max-image-preview":"max-image-preview:large","max-video-preview":"max-video-preview:-1"},"canonical":"https:\/\/www.neufmois.fr\/les-confessions\/se-sentir-abandonee","og_locale":"fr_FR","og_type":"article","og_title":"se sentir \"abandon\u00e9e\"... - Les confessions","og_description":"Voila, je suis enceinte de 7mois, mon mari a dej\u00e0 2 enfants d&rsquo;une 1ere union. Cela fait qq semaines que je me sens abandon\u00e9e point de vue de ma grossesse&#8230; Il ne touche plus mon ventre, n&rsquo;a jamais rien achet\u00e9 pour le bb, n&rsquo;a tj pas commenc\u00e9 la chambre&#8230; et a cot\u00e9 de ca va achet\u00e9 des tenues \u00e0 120E pour sa petite derni\u00e8re&#8230; ce n&rsquo;est pas de la jalousie de ma part mais cela commence a m&rsquo;agac\u00e9 et je me sens petit a petit rejet\u00e9, et je ne le","og_url":"https:\/\/www.neufmois.fr\/les-confessions\/se-sentir-abandonee","og_site_name":"Les confessions","article_published_time":"2011-12-01T15:43:00+00:00","author":"maman anonyme","twitter_card":"summary_large_image","twitter_misc":{"\u00c9crit par":"maman anonyme","Dur\u00e9e de lecture estim\u00e9e":"1 minute"},"schema":{"@context":"https:\/\/schema.org","@graph":[{"@type":"WebPage","@id":"https:\/\/www.neufmois.fr\/les-confessions\/se-sentir-abandonee","url":"https:\/\/www.neufmois.fr\/les-confessions\/se-sentir-abandonee","name":"se sentir \"abandon\u00e9e\"... - Les confessions","isPartOf":{"@id":"https:\/\/www.neufmois.fr\/les-confessions\/#website"},"datePublished":"2011-12-01T15:43:00+00:00","dateModified":"2011-12-01T15:43:00+00:00","author":{"@id":"https:\/\/www.neufmois.fr\/les-confessions\/#\/schema\/person\/893fe127c653ae6741f53a67962f8b5d"},"breadcrumb":{"@id":"https:\/\/www.neufmois.fr\/les-confessions\/se-sentir-abandonee#breadcrumb"},"inLanguage":"fr-FR","potentialAction":[{"@type":"ReadAction","target":["https:\/\/www.neufmois.fr\/les-confessions\/se-sentir-abandonee"]}]},{"@type":"BreadcrumbList","@id":"https:\/\/www.neufmois.fr\/les-confessions\/se-sentir-abandonee#breadcrumb","itemListElement":[{"@type":"ListItem","position":1,"name":"Accueil","item":"https:\/\/www.neufmois.fr\/les-confessions\/"},{"@type":"ListItem","position":2,"name":"se sentir \u00ab\u00a0abandon\u00e9e\u00a0\u00bb&#8230;"}]},{"@type":"WebSite","@id":"https:\/\/www.neufmois.fr\/les-confessions\/#website","url":"https:\/\/www.neufmois.fr\/les-confessions\/","name":"Les confessions","description":" Les confessions","potentialAction":[{"@type":"SearchAction","target":{"@type":"EntryPoint","urlTemplate":"https:\/\/www.neufmois.fr\/les-confessions\/?s={search_term_string}"},"query-input":"required name=search_term_string"}],"inLanguage":"fr-FR"},{"@type":"Person","@id":"https:\/\/www.neufmois.fr\/les-confessions\/#\/schema\/person\/893fe127c653ae6741f53a67962f8b5d","name":"maman anonyme","image":{"@type":"ImageObject","inLanguage":"fr-FR","@id":"https:\/\/www.neufmois.fr\/les-confessions\/#\/schema\/person\/image\/","url":"https:\/\/secure.gravatar.com\/avatar\/e4b3abeefeb17983433f333a4c54f394?s=96&d=mm&r=g","contentUrl":"https:\/\/secure.gravatar.com\/avatar\/e4b3abeefeb17983433f333a4c54f394?s=96&d=mm&r=g","caption":"maman anonyme"},"url":"https:\/\/www.neufmois.fr\/les-confessions\/author\/anonyme"}]}},"amp_enabled":true,"_links":{"self":[{"href":"https:\/\/www.neufmois.fr\/les-confessions\/wp-json\/wp\/v2\/posts\/254"}],"collection":[{"href":"https:\/\/www.neufmois.fr\/les-confessions\/wp-json\/wp\/v2\/posts"}],"about":[{"href":"https:\/\/www.neufmois.fr\/les-confessions\/wp-json\/wp\/v2\/types\/post"}],"author":[{"embeddable":true,"href":"https:\/\/www.neufmois.fr\/les-confessions\/wp-json\/wp\/v2\/users\/461446"}],"replies":[{"embeddable":true,"href":"https:\/\/www.neufmois.fr\/les-confessions\/wp-json\/wp\/v2\/comments?post=254"}],"version-history":[{"count":0,"href":"https:\/\/www.neufmois.fr\/les-confessions\/wp-json\/wp\/v2\/posts\/254\/revisions"}],"wp:attachment":[{"href":"https:\/\/www.neufmois.fr\/les-confessions\/wp-json\/wp\/v2\/media?parent=254"}],"wp:term":[{"taxonomy":"category","embeddable":true,"href":"https:\/\/www.neufmois.fr\/les-confessions\/wp-json\/wp\/v2\/categories?post=254"},{"taxonomy":"post_tag","embeddable":true,"href":"https:\/\/www.neufmois.fr\/les-confessions\/wp-json\/wp\/v2\/tags?post=254"}],"curies":[{"name":"wp","href":"https:\/\/api.w.org\/{rel}","templated":true}]}}