{"id":253,"date":"2011-12-03T18:34:00","date_gmt":"2011-12-03T18:34:00","guid":{"rendered":"https:\/\/www.neufmois.fr\/les-confessions\/?p=253"},"modified":"2011-12-03T18:34:00","modified_gmt":"2011-12-03T18:34:00","slug":"a-nouveau-enceinte","status":"publish","type":"post","link":"https:\/\/www.neufmois.fr\/les-confessions\/a-nouveau-enceinte","title":{"rendered":"A nouveau enceinte?"},"content":{"rendered":"<p>Je ne prends aucun moyen de contraception pour des raisons personnelles. Mon homme se retire juste avant d&rsquo;\u00e9jaculer, mais l\u00e0 mes r\u00e8gles ont deux semaines de retard et j&rsquo;attrape des petits boutons au visage comme pendant ma premi\u00e8re grossesse, j&rsquo;ai toujours envie de manger (\u00e7a je ne l&rsquo;avais pas pendant la premi\u00e8re grossesse) et j&rsquo;ai mauvais caract\u00e8re (ce qui pourrait \u00eatre d\u00fb au manque de sommeil aussi) &#8230; Voil\u00e0 pour l&rsquo;instant c&rsquo;est tout. Ce qui m&rsquo;inqui\u00e8te c&rsquo;est que je ne suis pas pr\u00eate, mon bout de chou n&rsquo;a que 7 mois et \u00e7a peut sembler stupide de ma part, mais je n&rsquo;aimerais pas que toute sa vie le potentiel deuxi\u00e8me soit appel\u00e9 \u00ab\u00a0accident\u00a0\u00bb par tout le monde &#8230; Alors pensez-vous qu&rsquo;avec la m\u00e9thode qu&rsquo;on applique je puisse \u00eatre enceinte? Merci \u00e0 toutes<\/p>\n","protected":false},"excerpt":{"rendered":"<p>Je ne prends aucun moyen de contraception pour des raisons personnelles. Mon homme se retire juste avant d&rsquo;\u00e9jaculer, mais l\u00e0 mes r\u00e8gles ont deux semaines de retard et j&rsquo;attrape des petits boutons au visage comme pendant ma premi\u00e8re grossesse, j&rsquo;ai toujours envie de manger (\u00e7a je ne l&rsquo;avais pas pendant la premi\u00e8re grossesse) et j&rsquo;ai mauvais caract\u00e8re (ce qui pourrait \u00eatre d\u00fb au manque de sommeil aussi) &#8230; Voil\u00e0 pour l&rsquo;instant c&rsquo;est tout. Ce qui m&rsquo;inqui\u00e8te c&rsquo;est que je ne suis pas pr\u00eate, mon bout de chou n&rsquo;a que 7<\/p>\n","protected":false},"author":461446,"featured_media":0,"comment_status":"open","ping_status":"open","sticky":false,"template":"","format":"standard","meta":[],"categories":[1],"tags":[],"yoast_head":"<!-- This site is optimized with the Yoast SEO plugin v20.4 - https:\/\/yoast.com\/wordpress\/plugins\/seo\/ -->\n<title>A nouveau enceinte? - Les confessions<\/title>\n<meta name=\"robots\" content=\"index, follow, max-snippet:-1, max-image-preview:large, max-video-preview:-1\" \/>\n<link rel=\"canonical\" href=\"https:\/\/www.neufmois.fr\/les-confessions\/a-nouveau-enceinte\" \/>\n<meta property=\"og:locale\" content=\"fr_FR\" \/>\n<meta property=\"og:type\" content=\"article\" \/>\n<meta property=\"og:title\" content=\"A nouveau enceinte? - Les confessions\" \/>\n<meta property=\"og:description\" content=\"Je ne prends aucun moyen de contraception pour des raisons personnelles. Mon homme se retire juste avant d&rsquo;\u00e9jaculer, mais l\u00e0 mes r\u00e8gles ont deux semaines de retard et j&rsquo;attrape des petits boutons au visage comme pendant ma premi\u00e8re grossesse, j&rsquo;ai toujours envie de manger (\u00e7a je ne l&rsquo;avais pas pendant la premi\u00e8re grossesse) et j&rsquo;ai mauvais caract\u00e8re (ce qui pourrait \u00eatre d\u00fb au manque de sommeil aussi) &#8230; Voil\u00e0 pour l&rsquo;instant c&rsquo;est tout. Ce qui m&rsquo;inqui\u00e8te c&rsquo;est que je ne suis pas pr\u00eate, mon bout de chou n&rsquo;a que 7\" \/>\n<meta property=\"og:url\" content=\"https:\/\/www.neufmois.fr\/les-confessions\/a-nouveau-enceinte\" \/>\n<meta property=\"og:site_name\" content=\"Les confessions\" \/>\n<meta property=\"article:published_time\" content=\"2011-12-03T18:34:00+00:00\" \/>\n<meta name=\"author\" content=\"maman anonyme\" \/>\n<meta name=\"twitter:card\" content=\"summary_large_image\" \/>\n<meta name=\"twitter:label1\" content=\"\u00c9crit par\" \/>\n\t<meta name=\"twitter:data1\" content=\"maman anonyme\" \/>\n\t<meta name=\"twitter:label2\" content=\"Dur\u00e9e de lecture estim\u00e9e\" \/>\n\t<meta name=\"twitter:data2\" content=\"1 minute\" \/>\n<script type=\"application\/ld+json\" class=\"yoast-schema-graph\">{\"@context\":\"https:\/\/schema.org\",\"@graph\":[{\"@type\":\"WebPage\",\"@id\":\"https:\/\/www.neufmois.fr\/les-confessions\/a-nouveau-enceinte\",\"url\":\"https:\/\/www.neufmois.fr\/les-confessions\/a-nouveau-enceinte\",\"name\":\"A nouveau enceinte? - Les confessions\",\"isPartOf\":{\"@id\":\"https:\/\/www.neufmois.fr\/les-confessions\/#website\"},\"datePublished\":\"2011-12-03T18:34:00+00:00\",\"dateModified\":\"2011-12-03T18:34:00+00:00\",\"author\":{\"@id\":\"https:\/\/www.neufmois.fr\/les-confessions\/#\/schema\/person\/893fe127c653ae6741f53a67962f8b5d\"},\"breadcrumb\":{\"@id\":\"https:\/\/www.neufmois.fr\/les-confessions\/a-nouveau-enceinte#breadcrumb\"},\"inLanguage\":\"fr-FR\",\"potentialAction\":[{\"@type\":\"ReadAction\",\"target\":[\"https:\/\/www.neufmois.fr\/les-confessions\/a-nouveau-enceinte\"]}]},{\"@type\":\"BreadcrumbList\",\"@id\":\"https:\/\/www.neufmois.fr\/les-confessions\/a-nouveau-enceinte#breadcrumb\",\"itemListElement\":[{\"@type\":\"ListItem\",\"position\":1,\"name\":\"Accueil\",\"item\":\"https:\/\/www.neufmois.fr\/les-confessions\/\"},{\"@type\":\"ListItem\",\"position\":2,\"name\":\"A nouveau enceinte?\"}]},{\"@type\":\"WebSite\",\"@id\":\"https:\/\/www.neufmois.fr\/les-confessions\/#website\",\"url\":\"https:\/\/www.neufmois.fr\/les-confessions\/\",\"name\":\"Les confessions\",\"description\":\" Les confessions\",\"potentialAction\":[{\"@type\":\"SearchAction\",\"target\":{\"@type\":\"EntryPoint\",\"urlTemplate\":\"https:\/\/www.neufmois.fr\/les-confessions\/?s={search_term_string}\"},\"query-input\":\"required name=search_term_string\"}],\"inLanguage\":\"fr-FR\"},{\"@type\":\"Person\",\"@id\":\"https:\/\/www.neufmois.fr\/les-confessions\/#\/schema\/person\/893fe127c653ae6741f53a67962f8b5d\",\"name\":\"maman anonyme\",\"image\":{\"@type\":\"ImageObject\",\"inLanguage\":\"fr-FR\",\"@id\":\"https:\/\/www.neufmois.fr\/les-confessions\/#\/schema\/person\/image\/\",\"url\":\"https:\/\/secure.gravatar.com\/avatar\/e4b3abeefeb17983433f333a4c54f394?s=96&d=mm&r=g\",\"contentUrl\":\"https:\/\/secure.gravatar.com\/avatar\/e4b3abeefeb17983433f333a4c54f394?s=96&d=mm&r=g\",\"caption\":\"maman anonyme\"},\"url\":\"https:\/\/www.neufmois.fr\/les-confessions\/author\/anonyme\"}]}<\/script>\n<!-- \/ Yoast SEO plugin. -->","yoast_head_json":{"title":"A nouveau enceinte? - Les confessions","robots":{"index":"index","follow":"follow","max-snippet":"max-snippet:-1","max-image-preview":"max-image-preview:large","max-video-preview":"max-video-preview:-1"},"canonical":"https:\/\/www.neufmois.fr\/les-confessions\/a-nouveau-enceinte","og_locale":"fr_FR","og_type":"article","og_title":"A nouveau enceinte? - Les confessions","og_description":"Je ne prends aucun moyen de contraception pour des raisons personnelles. Mon homme se retire juste avant d&rsquo;\u00e9jaculer, mais l\u00e0 mes r\u00e8gles ont deux semaines de retard et j&rsquo;attrape des petits boutons au visage comme pendant ma premi\u00e8re grossesse, j&rsquo;ai toujours envie de manger (\u00e7a je ne l&rsquo;avais pas pendant la premi\u00e8re grossesse) et j&rsquo;ai mauvais caract\u00e8re (ce qui pourrait \u00eatre d\u00fb au manque de sommeil aussi) &#8230; Voil\u00e0 pour l&rsquo;instant c&rsquo;est tout. Ce qui m&rsquo;inqui\u00e8te c&rsquo;est que je ne suis pas pr\u00eate, mon bout de chou n&rsquo;a que 7","og_url":"https:\/\/www.neufmois.fr\/les-confessions\/a-nouveau-enceinte","og_site_name":"Les confessions","article_published_time":"2011-12-03T18:34:00+00:00","author":"maman anonyme","twitter_card":"summary_large_image","twitter_misc":{"\u00c9crit par":"maman anonyme","Dur\u00e9e de lecture estim\u00e9e":"1 minute"},"schema":{"@context":"https:\/\/schema.org","@graph":[{"@type":"WebPage","@id":"https:\/\/www.neufmois.fr\/les-confessions\/a-nouveau-enceinte","url":"https:\/\/www.neufmois.fr\/les-confessions\/a-nouveau-enceinte","name":"A nouveau enceinte? - Les confessions","isPartOf":{"@id":"https:\/\/www.neufmois.fr\/les-confessions\/#website"},"datePublished":"2011-12-03T18:34:00+00:00","dateModified":"2011-12-03T18:34:00+00:00","author":{"@id":"https:\/\/www.neufmois.fr\/les-confessions\/#\/schema\/person\/893fe127c653ae6741f53a67962f8b5d"},"breadcrumb":{"@id":"https:\/\/www.neufmois.fr\/les-confessions\/a-nouveau-enceinte#breadcrumb"},"inLanguage":"fr-FR","potentialAction":[{"@type":"ReadAction","target":["https:\/\/www.neufmois.fr\/les-confessions\/a-nouveau-enceinte"]}]},{"@type":"BreadcrumbList","@id":"https:\/\/www.neufmois.fr\/les-confessions\/a-nouveau-enceinte#breadcrumb","itemListElement":[{"@type":"ListItem","position":1,"name":"Accueil","item":"https:\/\/www.neufmois.fr\/les-confessions\/"},{"@type":"ListItem","position":2,"name":"A nouveau enceinte?"}]},{"@type":"WebSite","@id":"https:\/\/www.neufmois.fr\/les-confessions\/#website","url":"https:\/\/www.neufmois.fr\/les-confessions\/","name":"Les confessions","description":" Les confessions","potentialAction":[{"@type":"SearchAction","target":{"@type":"EntryPoint","urlTemplate":"https:\/\/www.neufmois.fr\/les-confessions\/?s={search_term_string}"},"query-input":"required name=search_term_string"}],"inLanguage":"fr-FR"},{"@type":"Person","@id":"https:\/\/www.neufmois.fr\/les-confessions\/#\/schema\/person\/893fe127c653ae6741f53a67962f8b5d","name":"maman anonyme","image":{"@type":"ImageObject","inLanguage":"fr-FR","@id":"https:\/\/www.neufmois.fr\/les-confessions\/#\/schema\/person\/image\/","url":"https:\/\/secure.gravatar.com\/avatar\/e4b3abeefeb17983433f333a4c54f394?s=96&d=mm&r=g","contentUrl":"https:\/\/secure.gravatar.com\/avatar\/e4b3abeefeb17983433f333a4c54f394?s=96&d=mm&r=g","caption":"maman anonyme"},"url":"https:\/\/www.neufmois.fr\/les-confessions\/author\/anonyme"}]}},"amp_enabled":true,"_links":{"self":[{"href":"https:\/\/www.neufmois.fr\/les-confessions\/wp-json\/wp\/v2\/posts\/253"}],"collection":[{"href":"https:\/\/www.neufmois.fr\/les-confessions\/wp-json\/wp\/v2\/posts"}],"about":[{"href":"https:\/\/www.neufmois.fr\/les-confessions\/wp-json\/wp\/v2\/types\/post"}],"author":[{"embeddable":true,"href":"https:\/\/www.neufmois.fr\/les-confessions\/wp-json\/wp\/v2\/users\/461446"}],"replies":[{"embeddable":true,"href":"https:\/\/www.neufmois.fr\/les-confessions\/wp-json\/wp\/v2\/comments?post=253"}],"version-history":[{"count":0,"href":"https:\/\/www.neufmois.fr\/les-confessions\/wp-json\/wp\/v2\/posts\/253\/revisions"}],"wp:attachment":[{"href":"https:\/\/www.neufmois.fr\/les-confessions\/wp-json\/wp\/v2\/media?parent=253"}],"wp:term":[{"taxonomy":"category","embeddable":true,"href":"https:\/\/www.neufmois.fr\/les-confessions\/wp-json\/wp\/v2\/categories?post=253"},{"taxonomy":"post_tag","embeddable":true,"href":"https:\/\/www.neufmois.fr\/les-confessions\/wp-json\/wp\/v2\/tags?post=253"}],"curies":[{"name":"wp","href":"https:\/\/api.w.org\/{rel}","templated":true}]}}