{"id":244,"date":"2011-12-31T17:04:00","date_gmt":"2011-12-31T17:04:00","guid":{"rendered":"https:\/\/www.neufmois.fr\/les-confessions\/?p=244"},"modified":"2011-12-31T17:04:00","modified_gmt":"2011-12-31T17:04:00","slug":"tristesse","status":"publish","type":"post","link":"https:\/\/www.neufmois.fr\/les-confessions\/tristesse","title":{"rendered":"Tristesse"},"content":{"rendered":"<p>Bonjour \u00e0 toutes, je viens me confier un peu.Je suis arriv\u00e9e en r\u00e9gion parisienne il y&rsquo;a bient\u00f4t 1 an,j&rsquo;\u00e9tais enceinte donc au jour d&rsquo;aujourd&rsquo;hui ma fille a 2 mois.Je suis totalement d\u00e9prim\u00e9e depuis l&rsquo;accouchement, j&rsquo;aime ma fille et je m&rsquo;en occupe bien..au d\u00e9but je pensais au baby blues mais c&rsquo;est bien plus profond que \u00e7a,je me rend compte finalement j&rsquo;aime pas la r\u00e9gion parisienne, j&rsquo;aime mon copain et ma fille,mais pas le lieu ou j&rsquo;habite!D\u00e9j\u00e0 j&rsquo;\u00e9tais du nord avant donc voil\u00e0.Je ne peux pas dire \u00e7a \u00e0 mon copain, impossible, son travail est ici&#8230;il ne comprendrais pas,en plus il me reproche de pas sortir assez(prendre les transports), mais \u00e7a me d\u00e9go\u00fbte!Il y&rsquo;a des personnes qui vivent ou ont v\u00e9cus \u00e7a? Que me conseillez vous?Attendre que \u00e7a se passe peut \u00eatre?<\/p>\n","protected":false},"excerpt":{"rendered":"<p>Bonjour \u00e0 toutes, je viens me confier un peu.Je suis arriv\u00e9e en r\u00e9gion parisienne il y&rsquo;a bient\u00f4t 1 an,j&rsquo;\u00e9tais enceinte donc au jour d&rsquo;aujourd&rsquo;hui ma fille a 2 mois.Je suis totalement d\u00e9prim\u00e9e depuis l&rsquo;accouchement, j&rsquo;aime ma fille et je m&rsquo;en occupe bien..au d\u00e9but je pensais au baby blues mais c&rsquo;est bien plus profond que \u00e7a,je me rend compte finalement j&rsquo;aime pas la r\u00e9gion parisienne, j&rsquo;aime mon copain et ma fille,mais pas le lieu ou j&rsquo;habite!D\u00e9j\u00e0 j&rsquo;\u00e9tais du nord avant donc voil\u00e0.Je ne peux pas dire \u00e7a \u00e0 mon copain, impossible,<\/p>\n","protected":false},"author":461446,"featured_media":0,"comment_status":"open","ping_status":"open","sticky":false,"template":"","format":"standard","meta":[],"categories":[1],"tags":[],"yoast_head":"<!-- This site is optimized with the Yoast SEO plugin v20.4 - https:\/\/yoast.com\/wordpress\/plugins\/seo\/ -->\n<title>Tristesse - Les confessions<\/title>\n<meta name=\"robots\" content=\"index, follow, max-snippet:-1, max-image-preview:large, max-video-preview:-1\" \/>\n<link rel=\"canonical\" href=\"https:\/\/www.neufmois.fr\/les-confessions\/tristesse\" \/>\n<meta property=\"og:locale\" content=\"fr_FR\" \/>\n<meta property=\"og:type\" content=\"article\" \/>\n<meta property=\"og:title\" content=\"Tristesse - Les confessions\" \/>\n<meta property=\"og:description\" content=\"Bonjour \u00e0 toutes, je viens me confier un peu.Je suis arriv\u00e9e en r\u00e9gion parisienne il y&rsquo;a bient\u00f4t 1 an,j&rsquo;\u00e9tais enceinte donc au jour d&rsquo;aujourd&rsquo;hui ma fille a 2 mois.Je suis totalement d\u00e9prim\u00e9e depuis l&rsquo;accouchement, j&rsquo;aime ma fille et je m&rsquo;en occupe bien..au d\u00e9but je pensais au baby blues mais c&rsquo;est bien plus profond que \u00e7a,je me rend compte finalement j&rsquo;aime pas la r\u00e9gion parisienne, j&rsquo;aime mon copain et ma fille,mais pas le lieu ou j&rsquo;habite!D\u00e9j\u00e0 j&rsquo;\u00e9tais du nord avant donc voil\u00e0.Je ne peux pas dire \u00e7a \u00e0 mon copain, impossible,\" \/>\n<meta property=\"og:url\" content=\"https:\/\/www.neufmois.fr\/les-confessions\/tristesse\" \/>\n<meta property=\"og:site_name\" content=\"Les confessions\" \/>\n<meta property=\"article:published_time\" content=\"2011-12-31T17:04:00+00:00\" \/>\n<meta name=\"author\" content=\"maman anonyme\" \/>\n<meta name=\"twitter:card\" content=\"summary_large_image\" \/>\n<meta name=\"twitter:label1\" content=\"\u00c9crit par\" \/>\n\t<meta name=\"twitter:data1\" content=\"maman anonyme\" \/>\n\t<meta name=\"twitter:label2\" content=\"Dur\u00e9e de lecture estim\u00e9e\" \/>\n\t<meta name=\"twitter:data2\" content=\"1 minute\" \/>\n<script type=\"application\/ld+json\" class=\"yoast-schema-graph\">{\"@context\":\"https:\/\/schema.org\",\"@graph\":[{\"@type\":\"WebPage\",\"@id\":\"https:\/\/www.neufmois.fr\/les-confessions\/tristesse\",\"url\":\"https:\/\/www.neufmois.fr\/les-confessions\/tristesse\",\"name\":\"Tristesse - Les confessions\",\"isPartOf\":{\"@id\":\"https:\/\/www.neufmois.fr\/les-confessions\/#website\"},\"datePublished\":\"2011-12-31T17:04:00+00:00\",\"dateModified\":\"2011-12-31T17:04:00+00:00\",\"author\":{\"@id\":\"https:\/\/www.neufmois.fr\/les-confessions\/#\/schema\/person\/893fe127c653ae6741f53a67962f8b5d\"},\"breadcrumb\":{\"@id\":\"https:\/\/www.neufmois.fr\/les-confessions\/tristesse#breadcrumb\"},\"inLanguage\":\"fr-FR\",\"potentialAction\":[{\"@type\":\"ReadAction\",\"target\":[\"https:\/\/www.neufmois.fr\/les-confessions\/tristesse\"]}]},{\"@type\":\"BreadcrumbList\",\"@id\":\"https:\/\/www.neufmois.fr\/les-confessions\/tristesse#breadcrumb\",\"itemListElement\":[{\"@type\":\"ListItem\",\"position\":1,\"name\":\"Accueil\",\"item\":\"https:\/\/www.neufmois.fr\/les-confessions\/\"},{\"@type\":\"ListItem\",\"position\":2,\"name\":\"Tristesse\"}]},{\"@type\":\"WebSite\",\"@id\":\"https:\/\/www.neufmois.fr\/les-confessions\/#website\",\"url\":\"https:\/\/www.neufmois.fr\/les-confessions\/\",\"name\":\"Les confessions\",\"description\":\" Les confessions\",\"potentialAction\":[{\"@type\":\"SearchAction\",\"target\":{\"@type\":\"EntryPoint\",\"urlTemplate\":\"https:\/\/www.neufmois.fr\/les-confessions\/?s={search_term_string}\"},\"query-input\":\"required name=search_term_string\"}],\"inLanguage\":\"fr-FR\"},{\"@type\":\"Person\",\"@id\":\"https:\/\/www.neufmois.fr\/les-confessions\/#\/schema\/person\/893fe127c653ae6741f53a67962f8b5d\",\"name\":\"maman anonyme\",\"image\":{\"@type\":\"ImageObject\",\"inLanguage\":\"fr-FR\",\"@id\":\"https:\/\/www.neufmois.fr\/les-confessions\/#\/schema\/person\/image\/\",\"url\":\"https:\/\/secure.gravatar.com\/avatar\/e4b3abeefeb17983433f333a4c54f394?s=96&d=mm&r=g\",\"contentUrl\":\"https:\/\/secure.gravatar.com\/avatar\/e4b3abeefeb17983433f333a4c54f394?s=96&d=mm&r=g\",\"caption\":\"maman anonyme\"},\"url\":\"https:\/\/www.neufmois.fr\/les-confessions\/author\/anonyme\"}]}<\/script>\n<!-- \/ Yoast SEO plugin. -->","yoast_head_json":{"title":"Tristesse - Les confessions","robots":{"index":"index","follow":"follow","max-snippet":"max-snippet:-1","max-image-preview":"max-image-preview:large","max-video-preview":"max-video-preview:-1"},"canonical":"https:\/\/www.neufmois.fr\/les-confessions\/tristesse","og_locale":"fr_FR","og_type":"article","og_title":"Tristesse - Les confessions","og_description":"Bonjour \u00e0 toutes, je viens me confier un peu.Je suis arriv\u00e9e en r\u00e9gion parisienne il y&rsquo;a bient\u00f4t 1 an,j&rsquo;\u00e9tais enceinte donc au jour d&rsquo;aujourd&rsquo;hui ma fille a 2 mois.Je suis totalement d\u00e9prim\u00e9e depuis l&rsquo;accouchement, j&rsquo;aime ma fille et je m&rsquo;en occupe bien..au d\u00e9but je pensais au baby blues mais c&rsquo;est bien plus profond que \u00e7a,je me rend compte finalement j&rsquo;aime pas la r\u00e9gion parisienne, j&rsquo;aime mon copain et ma fille,mais pas le lieu ou j&rsquo;habite!D\u00e9j\u00e0 j&rsquo;\u00e9tais du nord avant donc voil\u00e0.Je ne peux pas dire \u00e7a \u00e0 mon copain, impossible,","og_url":"https:\/\/www.neufmois.fr\/les-confessions\/tristesse","og_site_name":"Les confessions","article_published_time":"2011-12-31T17:04:00+00:00","author":"maman anonyme","twitter_card":"summary_large_image","twitter_misc":{"\u00c9crit par":"maman anonyme","Dur\u00e9e de lecture estim\u00e9e":"1 minute"},"schema":{"@context":"https:\/\/schema.org","@graph":[{"@type":"WebPage","@id":"https:\/\/www.neufmois.fr\/les-confessions\/tristesse","url":"https:\/\/www.neufmois.fr\/les-confessions\/tristesse","name":"Tristesse - Les confessions","isPartOf":{"@id":"https:\/\/www.neufmois.fr\/les-confessions\/#website"},"datePublished":"2011-12-31T17:04:00+00:00","dateModified":"2011-12-31T17:04:00+00:00","author":{"@id":"https:\/\/www.neufmois.fr\/les-confessions\/#\/schema\/person\/893fe127c653ae6741f53a67962f8b5d"},"breadcrumb":{"@id":"https:\/\/www.neufmois.fr\/les-confessions\/tristesse#breadcrumb"},"inLanguage":"fr-FR","potentialAction":[{"@type":"ReadAction","target":["https:\/\/www.neufmois.fr\/les-confessions\/tristesse"]}]},{"@type":"BreadcrumbList","@id":"https:\/\/www.neufmois.fr\/les-confessions\/tristesse#breadcrumb","itemListElement":[{"@type":"ListItem","position":1,"name":"Accueil","item":"https:\/\/www.neufmois.fr\/les-confessions\/"},{"@type":"ListItem","position":2,"name":"Tristesse"}]},{"@type":"WebSite","@id":"https:\/\/www.neufmois.fr\/les-confessions\/#website","url":"https:\/\/www.neufmois.fr\/les-confessions\/","name":"Les confessions","description":" Les confessions","potentialAction":[{"@type":"SearchAction","target":{"@type":"EntryPoint","urlTemplate":"https:\/\/www.neufmois.fr\/les-confessions\/?s={search_term_string}"},"query-input":"required name=search_term_string"}],"inLanguage":"fr-FR"},{"@type":"Person","@id":"https:\/\/www.neufmois.fr\/les-confessions\/#\/schema\/person\/893fe127c653ae6741f53a67962f8b5d","name":"maman anonyme","image":{"@type":"ImageObject","inLanguage":"fr-FR","@id":"https:\/\/www.neufmois.fr\/les-confessions\/#\/schema\/person\/image\/","url":"https:\/\/secure.gravatar.com\/avatar\/e4b3abeefeb17983433f333a4c54f394?s=96&d=mm&r=g","contentUrl":"https:\/\/secure.gravatar.com\/avatar\/e4b3abeefeb17983433f333a4c54f394?s=96&d=mm&r=g","caption":"maman anonyme"},"url":"https:\/\/www.neufmois.fr\/les-confessions\/author\/anonyme"}]}},"amp_enabled":true,"_links":{"self":[{"href":"https:\/\/www.neufmois.fr\/les-confessions\/wp-json\/wp\/v2\/posts\/244"}],"collection":[{"href":"https:\/\/www.neufmois.fr\/les-confessions\/wp-json\/wp\/v2\/posts"}],"about":[{"href":"https:\/\/www.neufmois.fr\/les-confessions\/wp-json\/wp\/v2\/types\/post"}],"author":[{"embeddable":true,"href":"https:\/\/www.neufmois.fr\/les-confessions\/wp-json\/wp\/v2\/users\/461446"}],"replies":[{"embeddable":true,"href":"https:\/\/www.neufmois.fr\/les-confessions\/wp-json\/wp\/v2\/comments?post=244"}],"version-history":[{"count":0,"href":"https:\/\/www.neufmois.fr\/les-confessions\/wp-json\/wp\/v2\/posts\/244\/revisions"}],"wp:attachment":[{"href":"https:\/\/www.neufmois.fr\/les-confessions\/wp-json\/wp\/v2\/media?parent=244"}],"wp:term":[{"taxonomy":"category","embeddable":true,"href":"https:\/\/www.neufmois.fr\/les-confessions\/wp-json\/wp\/v2\/categories?post=244"},{"taxonomy":"post_tag","embeddable":true,"href":"https:\/\/www.neufmois.fr\/les-confessions\/wp-json\/wp\/v2\/tags?post=244"}],"curies":[{"name":"wp","href":"https:\/\/api.w.org\/{rel}","templated":true}]}}