{"id":243,"date":"2012-01-01T19:33:00","date_gmt":"2012-01-01T19:33:00","guid":{"rendered":"https:\/\/www.neufmois.fr\/les-confessions\/?p=243"},"modified":"2012-01-01T19:33:00","modified_gmt":"2012-01-01T19:33:00","slug":"malade","status":"publish","type":"post","link":"https:\/\/www.neufmois.fr\/les-confessions\/malade","title":{"rendered":"Malade"},"content":{"rendered":"<p>Mon histoire est longue, merci \u00e0 celle qui me liront jusqu&rsquo;au bout. Je ne pense pas qu&rsquo;il y ait une solution \u00e0 mon probl\u00e8me, mais \u00e9crire me fera du bien. Ma m\u00e8re est malade mentalement. Elle n&rsquo;a pas consult\u00e9 un psy, mais elle en aurait besoin. Elle d\u00e9prime tout le temps, voit du noir partout, rien ne la rend heureuse, elle n&rsquo;aime personne et dit que personne ne l&rsquo;aime, elle parle tout le temps sur tout le monde, a des probl\u00e8mes avec sa famille, ses coll\u00e8gues, &#8230; Je suis l&rsquo;ain\u00e9e, j&rsquo;ai une soeur et un fr\u00e8re et \u00e0 nous 3 nous sommes les seuls \u00e0 la connaitre r\u00e9ellement. Avant, tous les dimanches quand mon p\u00e8re allait travailler elle nous faisait la crise \u00ab\u00a0du dimanche\u00a0\u00bb, elle passait sa journ\u00e9e \u00e0 hurler, pleurer, nous gronder, se plaindre de tout et de rien, &#8230; Nous en avions mal \u00e0 la t\u00eate toute la nuit et le lundi \u00e0 l&rsquo;\u00e9cole aussi. En plus, elle n&rsquo;en foutait pas une \u00e0 la maison, c&rsquo;est moi qui nettoyait, faisait \u00e0 manger, rangeait, &#8230; et heureusement pcq quand elle levait le petit doigt, elle nous le reprochait pendant une semaine! On doit toujours savoir ce qu&rsquo;elle veut sans qu&rsquo;elle nous le dise, &#8230; pendant les examens elle ne nous m\u00e9nageait pas non plus d&rsquo;ailleurs, elle ne pensait pas \u00e0 peut-\u00eatre faire \u00e0 manger pour nous &#8230; Il fallait prendre le temps de s&rsquo;asseoir pour d\u00e9jeuner longuement avec elle, \u00e9couter ses plaintes, &#8230; Quand elle se mettait \u00e0 pleurer pour rien, on jouait \u00e0 pile ou face pour celui qui irait la consoller &#8230; Je n&rsquo;arrive pas \u00e0 structurer mon histoire, ce que j&rsquo;\u00e9cris sont des fragments &#8230; J&rsquo;en veux \u00e0 mon p\u00e8re d&rsquo;avoir su mais de ne pas avoir agit. Elle dit toujours qu&rsquo;elle n&rsquo;est pas heureuse avec lui, pourtant ils sont mari\u00e9s depuis 30 ans. Je m&rsquo;en veux d&rsquo;\u00eatre entr\u00e9e dans son jeu, de m&rsquo;\u00eatre tu\u00e9e \u00e0 la t\u00e2che pour qu&rsquo;elle ne soit quand m\u00eame pas heureuse! On peut \u00e9crire max. 2000 caract\u00e8res donc je termine : Je suis mari\u00e9e maintenant et j&rsquo;ai un enfant, il lui arrive de me faire ses crises, mais je la remet en place, mieux vaut tard que jamais&#8230; Merci!<\/p>\n","protected":false},"excerpt":{"rendered":"<p>Mon histoire est longue, merci \u00e0 celle qui me liront jusqu&rsquo;au bout. Je ne pense pas qu&rsquo;il y ait une solution \u00e0 mon probl\u00e8me, mais \u00e9crire me fera du bien. Ma m\u00e8re est malade mentalement. Elle n&rsquo;a pas consult\u00e9 un psy, mais elle en aurait besoin. Elle d\u00e9prime tout le temps, voit du noir partout, rien ne la rend heureuse, elle n&rsquo;aime personne et dit que personne ne l&rsquo;aime, elle parle tout le temps sur tout le monde, a des probl\u00e8mes avec sa famille, ses coll\u00e8gues, &#8230; Je suis l&rsquo;ain\u00e9e,<\/p>\n","protected":false},"author":461446,"featured_media":0,"comment_status":"open","ping_status":"open","sticky":false,"template":"","format":"standard","meta":[],"categories":[1],"tags":[],"yoast_head":"<!-- This site is optimized with the Yoast SEO plugin v20.4 - https:\/\/yoast.com\/wordpress\/plugins\/seo\/ -->\n<title>Malade - Les confessions<\/title>\n<meta name=\"robots\" content=\"index, follow, max-snippet:-1, max-image-preview:large, max-video-preview:-1\" \/>\n<link rel=\"canonical\" href=\"https:\/\/www.neufmois.fr\/les-confessions\/malade\" \/>\n<meta property=\"og:locale\" content=\"fr_FR\" \/>\n<meta property=\"og:type\" content=\"article\" \/>\n<meta property=\"og:title\" content=\"Malade - Les confessions\" \/>\n<meta property=\"og:description\" content=\"Mon histoire est longue, merci \u00e0 celle qui me liront jusqu&rsquo;au bout. Je ne pense pas qu&rsquo;il y ait une solution \u00e0 mon probl\u00e8me, mais \u00e9crire me fera du bien. Ma m\u00e8re est malade mentalement. Elle n&rsquo;a pas consult\u00e9 un psy, mais elle en aurait besoin. Elle d\u00e9prime tout le temps, voit du noir partout, rien ne la rend heureuse, elle n&rsquo;aime personne et dit que personne ne l&rsquo;aime, elle parle tout le temps sur tout le monde, a des probl\u00e8mes avec sa famille, ses coll\u00e8gues, &#8230; Je suis l&rsquo;ain\u00e9e,\" \/>\n<meta property=\"og:url\" content=\"https:\/\/www.neufmois.fr\/les-confessions\/malade\" \/>\n<meta property=\"og:site_name\" content=\"Les confessions\" \/>\n<meta property=\"article:published_time\" content=\"2012-01-01T19:33:00+00:00\" \/>\n<meta name=\"author\" content=\"maman anonyme\" \/>\n<meta name=\"twitter:card\" content=\"summary_large_image\" \/>\n<meta name=\"twitter:label1\" content=\"\u00c9crit par\" \/>\n\t<meta name=\"twitter:data1\" content=\"maman anonyme\" \/>\n\t<meta name=\"twitter:label2\" content=\"Dur\u00e9e de lecture estim\u00e9e\" \/>\n\t<meta name=\"twitter:data2\" content=\"2 minutes\" \/>\n<script type=\"application\/ld+json\" class=\"yoast-schema-graph\">{\"@context\":\"https:\/\/schema.org\",\"@graph\":[{\"@type\":\"WebPage\",\"@id\":\"https:\/\/www.neufmois.fr\/les-confessions\/malade\",\"url\":\"https:\/\/www.neufmois.fr\/les-confessions\/malade\",\"name\":\"Malade - Les confessions\",\"isPartOf\":{\"@id\":\"https:\/\/www.neufmois.fr\/les-confessions\/#website\"},\"datePublished\":\"2012-01-01T19:33:00+00:00\",\"dateModified\":\"2012-01-01T19:33:00+00:00\",\"author\":{\"@id\":\"https:\/\/www.neufmois.fr\/les-confessions\/#\/schema\/person\/893fe127c653ae6741f53a67962f8b5d\"},\"breadcrumb\":{\"@id\":\"https:\/\/www.neufmois.fr\/les-confessions\/malade#breadcrumb\"},\"inLanguage\":\"fr-FR\",\"potentialAction\":[{\"@type\":\"ReadAction\",\"target\":[\"https:\/\/www.neufmois.fr\/les-confessions\/malade\"]}]},{\"@type\":\"BreadcrumbList\",\"@id\":\"https:\/\/www.neufmois.fr\/les-confessions\/malade#breadcrumb\",\"itemListElement\":[{\"@type\":\"ListItem\",\"position\":1,\"name\":\"Accueil\",\"item\":\"https:\/\/www.neufmois.fr\/les-confessions\/\"},{\"@type\":\"ListItem\",\"position\":2,\"name\":\"Malade\"}]},{\"@type\":\"WebSite\",\"@id\":\"https:\/\/www.neufmois.fr\/les-confessions\/#website\",\"url\":\"https:\/\/www.neufmois.fr\/les-confessions\/\",\"name\":\"Les confessions\",\"description\":\" Les confessions\",\"potentialAction\":[{\"@type\":\"SearchAction\",\"target\":{\"@type\":\"EntryPoint\",\"urlTemplate\":\"https:\/\/www.neufmois.fr\/les-confessions\/?s={search_term_string}\"},\"query-input\":\"required name=search_term_string\"}],\"inLanguage\":\"fr-FR\"},{\"@type\":\"Person\",\"@id\":\"https:\/\/www.neufmois.fr\/les-confessions\/#\/schema\/person\/893fe127c653ae6741f53a67962f8b5d\",\"name\":\"maman anonyme\",\"image\":{\"@type\":\"ImageObject\",\"inLanguage\":\"fr-FR\",\"@id\":\"https:\/\/www.neufmois.fr\/les-confessions\/#\/schema\/person\/image\/\",\"url\":\"https:\/\/secure.gravatar.com\/avatar\/e4b3abeefeb17983433f333a4c54f394?s=96&d=mm&r=g\",\"contentUrl\":\"https:\/\/secure.gravatar.com\/avatar\/e4b3abeefeb17983433f333a4c54f394?s=96&d=mm&r=g\",\"caption\":\"maman anonyme\"},\"url\":\"https:\/\/www.neufmois.fr\/les-confessions\/author\/anonyme\"}]}<\/script>\n<!-- \/ Yoast SEO plugin. -->","yoast_head_json":{"title":"Malade - Les confessions","robots":{"index":"index","follow":"follow","max-snippet":"max-snippet:-1","max-image-preview":"max-image-preview:large","max-video-preview":"max-video-preview:-1"},"canonical":"https:\/\/www.neufmois.fr\/les-confessions\/malade","og_locale":"fr_FR","og_type":"article","og_title":"Malade - Les confessions","og_description":"Mon histoire est longue, merci \u00e0 celle qui me liront jusqu&rsquo;au bout. Je ne pense pas qu&rsquo;il y ait une solution \u00e0 mon probl\u00e8me, mais \u00e9crire me fera du bien. Ma m\u00e8re est malade mentalement. Elle n&rsquo;a pas consult\u00e9 un psy, mais elle en aurait besoin. Elle d\u00e9prime tout le temps, voit du noir partout, rien ne la rend heureuse, elle n&rsquo;aime personne et dit que personne ne l&rsquo;aime, elle parle tout le temps sur tout le monde, a des probl\u00e8mes avec sa famille, ses coll\u00e8gues, &#8230; Je suis l&rsquo;ain\u00e9e,","og_url":"https:\/\/www.neufmois.fr\/les-confessions\/malade","og_site_name":"Les confessions","article_published_time":"2012-01-01T19:33:00+00:00","author":"maman anonyme","twitter_card":"summary_large_image","twitter_misc":{"\u00c9crit par":"maman anonyme","Dur\u00e9e de lecture estim\u00e9e":"2 minutes"},"schema":{"@context":"https:\/\/schema.org","@graph":[{"@type":"WebPage","@id":"https:\/\/www.neufmois.fr\/les-confessions\/malade","url":"https:\/\/www.neufmois.fr\/les-confessions\/malade","name":"Malade - Les confessions","isPartOf":{"@id":"https:\/\/www.neufmois.fr\/les-confessions\/#website"},"datePublished":"2012-01-01T19:33:00+00:00","dateModified":"2012-01-01T19:33:00+00:00","author":{"@id":"https:\/\/www.neufmois.fr\/les-confessions\/#\/schema\/person\/893fe127c653ae6741f53a67962f8b5d"},"breadcrumb":{"@id":"https:\/\/www.neufmois.fr\/les-confessions\/malade#breadcrumb"},"inLanguage":"fr-FR","potentialAction":[{"@type":"ReadAction","target":["https:\/\/www.neufmois.fr\/les-confessions\/malade"]}]},{"@type":"BreadcrumbList","@id":"https:\/\/www.neufmois.fr\/les-confessions\/malade#breadcrumb","itemListElement":[{"@type":"ListItem","position":1,"name":"Accueil","item":"https:\/\/www.neufmois.fr\/les-confessions\/"},{"@type":"ListItem","position":2,"name":"Malade"}]},{"@type":"WebSite","@id":"https:\/\/www.neufmois.fr\/les-confessions\/#website","url":"https:\/\/www.neufmois.fr\/les-confessions\/","name":"Les confessions","description":" Les confessions","potentialAction":[{"@type":"SearchAction","target":{"@type":"EntryPoint","urlTemplate":"https:\/\/www.neufmois.fr\/les-confessions\/?s={search_term_string}"},"query-input":"required name=search_term_string"}],"inLanguage":"fr-FR"},{"@type":"Person","@id":"https:\/\/www.neufmois.fr\/les-confessions\/#\/schema\/person\/893fe127c653ae6741f53a67962f8b5d","name":"maman anonyme","image":{"@type":"ImageObject","inLanguage":"fr-FR","@id":"https:\/\/www.neufmois.fr\/les-confessions\/#\/schema\/person\/image\/","url":"https:\/\/secure.gravatar.com\/avatar\/e4b3abeefeb17983433f333a4c54f394?s=96&d=mm&r=g","contentUrl":"https:\/\/secure.gravatar.com\/avatar\/e4b3abeefeb17983433f333a4c54f394?s=96&d=mm&r=g","caption":"maman anonyme"},"url":"https:\/\/www.neufmois.fr\/les-confessions\/author\/anonyme"}]}},"amp_enabled":true,"_links":{"self":[{"href":"https:\/\/www.neufmois.fr\/les-confessions\/wp-json\/wp\/v2\/posts\/243"}],"collection":[{"href":"https:\/\/www.neufmois.fr\/les-confessions\/wp-json\/wp\/v2\/posts"}],"about":[{"href":"https:\/\/www.neufmois.fr\/les-confessions\/wp-json\/wp\/v2\/types\/post"}],"author":[{"embeddable":true,"href":"https:\/\/www.neufmois.fr\/les-confessions\/wp-json\/wp\/v2\/users\/461446"}],"replies":[{"embeddable":true,"href":"https:\/\/www.neufmois.fr\/les-confessions\/wp-json\/wp\/v2\/comments?post=243"}],"version-history":[{"count":0,"href":"https:\/\/www.neufmois.fr\/les-confessions\/wp-json\/wp\/v2\/posts\/243\/revisions"}],"wp:attachment":[{"href":"https:\/\/www.neufmois.fr\/les-confessions\/wp-json\/wp\/v2\/media?parent=243"}],"wp:term":[{"taxonomy":"category","embeddable":true,"href":"https:\/\/www.neufmois.fr\/les-confessions\/wp-json\/wp\/v2\/categories?post=243"},{"taxonomy":"post_tag","embeddable":true,"href":"https:\/\/www.neufmois.fr\/les-confessions\/wp-json\/wp\/v2\/tags?post=243"}],"curies":[{"name":"wp","href":"https:\/\/api.w.org\/{rel}","templated":true}]}}