{"id":239,"date":"2012-01-16T16:51:00","date_gmt":"2012-01-16T16:51:00","guid":{"rendered":"https:\/\/www.neufmois.fr\/les-confessions\/?p=239"},"modified":"2012-01-16T16:51:00","modified_gmt":"2012-01-16T16:51:00","slug":"violence-conjugale","status":"publish","type":"post","link":"https:\/\/www.neufmois.fr\/les-confessions\/violence-conjugale","title":{"rendered":"violence conjugale"},"content":{"rendered":"<p>triste sujet que celui ci .. en 1997 j &lsquo; ai rencontr\u00e9  le p\u00e8re de ma fille qui s &lsquo;est av\u00e9r\u00e9 apres quelques semaines violent , manipulateur etc .; je n &lsquo; ai pas \u00e9t\u00e9  une de ces femmes  battues a mort mais surtout harcel\u00e9e , insult\u00e9e , ..<br \/>\n Pourquoi en  reparler me diriez vous puisqu&rsquo;aujourd hui je suis avec le plus gentil des hommes , a nouveau m\u00e8re dans une  tout autre relation hypra \u00e9panouissante ..<br \/>\n iI m &lsquo; arrive cependant d &lsquo;y penser  parfois lorsque je regarde ma fille .. je pense a cette femme qui n &lsquo; etait plus moi  et a ces longues ann\u00e9es ou le seul son de sa voix me terrorisait .; il m &lsquo; a fallu 3 ans  pour me s\u00e9parer de lui  et encore quelques ann\u00e9es pour lui dire  yeux dans les yeux qu&rsquo;il ne m &lsquo; atteignait plus.. miracle , il n &lsquo; a plus jou\u00e9 de son \u00ab\u00a0autorit\u00e9\u00a0\u00bb pour me contr\u00f4ler juste me promettre qu&rsquo; il aurait sa fille a l &lsquo; adolescence.. et oui  p\u00e8re absent physiquement et financi\u00e8rement  et qui ne comprend pas encore pourquoi sa fille  ne veut pas lui parler et ne veut pas le voir?il vit dans la 4 eme dimension !!<br \/>\nsi sur ce site il y a des femmes et des m\u00e8res qui ont eu ce malheureux mem v\u00e9cu , je suis  toute ouie  pour savoir comment elles vivent aujourd hui : libre ou encore sur le qui vive ..   <\/p>\n","protected":false},"excerpt":{"rendered":"<p>triste sujet que celui ci .. en 1997 j &lsquo; ai rencontr\u00e9 le p\u00e8re de ma fille qui s &lsquo;est av\u00e9r\u00e9 apres quelques semaines violent , manipulateur etc .; je n &lsquo; ai pas \u00e9t\u00e9 une de ces femmes battues a mort mais surtout harcel\u00e9e , insult\u00e9e , .. Pourquoi en reparler me diriez vous puisqu&rsquo;aujourd hui je suis avec le plus gentil des hommes , a nouveau m\u00e8re dans une tout autre relation hypra \u00e9panouissante .. iI m &lsquo; arrive cependant d &lsquo;y penser parfois lorsque je regarde ma<\/p>\n","protected":false},"author":461446,"featured_media":0,"comment_status":"open","ping_status":"open","sticky":false,"template":"","format":"standard","meta":[],"categories":[1],"tags":[],"yoast_head":"<!-- This site is optimized with the Yoast SEO plugin v20.4 - https:\/\/yoast.com\/wordpress\/plugins\/seo\/ -->\n<title>violence conjugale - Les confessions<\/title>\n<meta name=\"robots\" content=\"index, follow, max-snippet:-1, max-image-preview:large, max-video-preview:-1\" \/>\n<link rel=\"canonical\" href=\"https:\/\/www.neufmois.fr\/les-confessions\/violence-conjugale\" \/>\n<meta property=\"og:locale\" content=\"fr_FR\" \/>\n<meta property=\"og:type\" content=\"article\" \/>\n<meta property=\"og:title\" content=\"violence conjugale - Les confessions\" \/>\n<meta property=\"og:description\" content=\"triste sujet que celui ci .. en 1997 j &lsquo; ai rencontr\u00e9 le p\u00e8re de ma fille qui s &lsquo;est av\u00e9r\u00e9 apres quelques semaines violent , manipulateur etc .; je n &lsquo; ai pas \u00e9t\u00e9 une de ces femmes battues a mort mais surtout harcel\u00e9e , insult\u00e9e , .. Pourquoi en reparler me diriez vous puisqu&rsquo;aujourd hui je suis avec le plus gentil des hommes , a nouveau m\u00e8re dans une tout autre relation hypra \u00e9panouissante .. iI m &lsquo; arrive cependant d &lsquo;y penser parfois lorsque je regarde ma\" \/>\n<meta property=\"og:url\" content=\"https:\/\/www.neufmois.fr\/les-confessions\/violence-conjugale\" \/>\n<meta property=\"og:site_name\" content=\"Les confessions\" \/>\n<meta property=\"article:published_time\" content=\"2012-01-16T16:51:00+00:00\" \/>\n<meta name=\"author\" content=\"maman anonyme\" \/>\n<meta name=\"twitter:card\" content=\"summary_large_image\" \/>\n<meta name=\"twitter:label1\" content=\"\u00c9crit par\" \/>\n\t<meta name=\"twitter:data1\" content=\"maman anonyme\" \/>\n\t<meta name=\"twitter:label2\" content=\"Dur\u00e9e de lecture estim\u00e9e\" \/>\n\t<meta name=\"twitter:data2\" content=\"1 minute\" \/>\n<script type=\"application\/ld+json\" class=\"yoast-schema-graph\">{\"@context\":\"https:\/\/schema.org\",\"@graph\":[{\"@type\":\"WebPage\",\"@id\":\"https:\/\/www.neufmois.fr\/les-confessions\/violence-conjugale\",\"url\":\"https:\/\/www.neufmois.fr\/les-confessions\/violence-conjugale\",\"name\":\"violence conjugale - Les confessions\",\"isPartOf\":{\"@id\":\"https:\/\/www.neufmois.fr\/les-confessions\/#website\"},\"datePublished\":\"2012-01-16T16:51:00+00:00\",\"dateModified\":\"2012-01-16T16:51:00+00:00\",\"author\":{\"@id\":\"https:\/\/www.neufmois.fr\/les-confessions\/#\/schema\/person\/893fe127c653ae6741f53a67962f8b5d\"},\"breadcrumb\":{\"@id\":\"https:\/\/www.neufmois.fr\/les-confessions\/violence-conjugale#breadcrumb\"},\"inLanguage\":\"fr-FR\",\"potentialAction\":[{\"@type\":\"ReadAction\",\"target\":[\"https:\/\/www.neufmois.fr\/les-confessions\/violence-conjugale\"]}]},{\"@type\":\"BreadcrumbList\",\"@id\":\"https:\/\/www.neufmois.fr\/les-confessions\/violence-conjugale#breadcrumb\",\"itemListElement\":[{\"@type\":\"ListItem\",\"position\":1,\"name\":\"Accueil\",\"item\":\"https:\/\/www.neufmois.fr\/les-confessions\/\"},{\"@type\":\"ListItem\",\"position\":2,\"name\":\"violence conjugale\"}]},{\"@type\":\"WebSite\",\"@id\":\"https:\/\/www.neufmois.fr\/les-confessions\/#website\",\"url\":\"https:\/\/www.neufmois.fr\/les-confessions\/\",\"name\":\"Les confessions\",\"description\":\" Les confessions\",\"potentialAction\":[{\"@type\":\"SearchAction\",\"target\":{\"@type\":\"EntryPoint\",\"urlTemplate\":\"https:\/\/www.neufmois.fr\/les-confessions\/?s={search_term_string}\"},\"query-input\":\"required name=search_term_string\"}],\"inLanguage\":\"fr-FR\"},{\"@type\":\"Person\",\"@id\":\"https:\/\/www.neufmois.fr\/les-confessions\/#\/schema\/person\/893fe127c653ae6741f53a67962f8b5d\",\"name\":\"maman anonyme\",\"image\":{\"@type\":\"ImageObject\",\"inLanguage\":\"fr-FR\",\"@id\":\"https:\/\/www.neufmois.fr\/les-confessions\/#\/schema\/person\/image\/\",\"url\":\"https:\/\/secure.gravatar.com\/avatar\/e4b3abeefeb17983433f333a4c54f394?s=96&d=mm&r=g\",\"contentUrl\":\"https:\/\/secure.gravatar.com\/avatar\/e4b3abeefeb17983433f333a4c54f394?s=96&d=mm&r=g\",\"caption\":\"maman anonyme\"},\"url\":\"https:\/\/www.neufmois.fr\/les-confessions\/author\/anonyme\"}]}<\/script>\n<!-- \/ Yoast SEO plugin. -->","yoast_head_json":{"title":"violence conjugale - Les confessions","robots":{"index":"index","follow":"follow","max-snippet":"max-snippet:-1","max-image-preview":"max-image-preview:large","max-video-preview":"max-video-preview:-1"},"canonical":"https:\/\/www.neufmois.fr\/les-confessions\/violence-conjugale","og_locale":"fr_FR","og_type":"article","og_title":"violence conjugale - Les confessions","og_description":"triste sujet que celui ci .. en 1997 j &lsquo; ai rencontr\u00e9 le p\u00e8re de ma fille qui s &lsquo;est av\u00e9r\u00e9 apres quelques semaines violent , manipulateur etc .; je n &lsquo; ai pas \u00e9t\u00e9 une de ces femmes battues a mort mais surtout harcel\u00e9e , insult\u00e9e , .. Pourquoi en reparler me diriez vous puisqu&rsquo;aujourd hui je suis avec le plus gentil des hommes , a nouveau m\u00e8re dans une tout autre relation hypra \u00e9panouissante .. iI m &lsquo; arrive cependant d &lsquo;y penser parfois lorsque je regarde ma","og_url":"https:\/\/www.neufmois.fr\/les-confessions\/violence-conjugale","og_site_name":"Les confessions","article_published_time":"2012-01-16T16:51:00+00:00","author":"maman anonyme","twitter_card":"summary_large_image","twitter_misc":{"\u00c9crit par":"maman anonyme","Dur\u00e9e de lecture estim\u00e9e":"1 minute"},"schema":{"@context":"https:\/\/schema.org","@graph":[{"@type":"WebPage","@id":"https:\/\/www.neufmois.fr\/les-confessions\/violence-conjugale","url":"https:\/\/www.neufmois.fr\/les-confessions\/violence-conjugale","name":"violence conjugale - Les confessions","isPartOf":{"@id":"https:\/\/www.neufmois.fr\/les-confessions\/#website"},"datePublished":"2012-01-16T16:51:00+00:00","dateModified":"2012-01-16T16:51:00+00:00","author":{"@id":"https:\/\/www.neufmois.fr\/les-confessions\/#\/schema\/person\/893fe127c653ae6741f53a67962f8b5d"},"breadcrumb":{"@id":"https:\/\/www.neufmois.fr\/les-confessions\/violence-conjugale#breadcrumb"},"inLanguage":"fr-FR","potentialAction":[{"@type":"ReadAction","target":["https:\/\/www.neufmois.fr\/les-confessions\/violence-conjugale"]}]},{"@type":"BreadcrumbList","@id":"https:\/\/www.neufmois.fr\/les-confessions\/violence-conjugale#breadcrumb","itemListElement":[{"@type":"ListItem","position":1,"name":"Accueil","item":"https:\/\/www.neufmois.fr\/les-confessions\/"},{"@type":"ListItem","position":2,"name":"violence conjugale"}]},{"@type":"WebSite","@id":"https:\/\/www.neufmois.fr\/les-confessions\/#website","url":"https:\/\/www.neufmois.fr\/les-confessions\/","name":"Les confessions","description":" Les confessions","potentialAction":[{"@type":"SearchAction","target":{"@type":"EntryPoint","urlTemplate":"https:\/\/www.neufmois.fr\/les-confessions\/?s={search_term_string}"},"query-input":"required name=search_term_string"}],"inLanguage":"fr-FR"},{"@type":"Person","@id":"https:\/\/www.neufmois.fr\/les-confessions\/#\/schema\/person\/893fe127c653ae6741f53a67962f8b5d","name":"maman anonyme","image":{"@type":"ImageObject","inLanguage":"fr-FR","@id":"https:\/\/www.neufmois.fr\/les-confessions\/#\/schema\/person\/image\/","url":"https:\/\/secure.gravatar.com\/avatar\/e4b3abeefeb17983433f333a4c54f394?s=96&d=mm&r=g","contentUrl":"https:\/\/secure.gravatar.com\/avatar\/e4b3abeefeb17983433f333a4c54f394?s=96&d=mm&r=g","caption":"maman anonyme"},"url":"https:\/\/www.neufmois.fr\/les-confessions\/author\/anonyme"}]}},"amp_enabled":true,"_links":{"self":[{"href":"https:\/\/www.neufmois.fr\/les-confessions\/wp-json\/wp\/v2\/posts\/239"}],"collection":[{"href":"https:\/\/www.neufmois.fr\/les-confessions\/wp-json\/wp\/v2\/posts"}],"about":[{"href":"https:\/\/www.neufmois.fr\/les-confessions\/wp-json\/wp\/v2\/types\/post"}],"author":[{"embeddable":true,"href":"https:\/\/www.neufmois.fr\/les-confessions\/wp-json\/wp\/v2\/users\/461446"}],"replies":[{"embeddable":true,"href":"https:\/\/www.neufmois.fr\/les-confessions\/wp-json\/wp\/v2\/comments?post=239"}],"version-history":[{"count":0,"href":"https:\/\/www.neufmois.fr\/les-confessions\/wp-json\/wp\/v2\/posts\/239\/revisions"}],"wp:attachment":[{"href":"https:\/\/www.neufmois.fr\/les-confessions\/wp-json\/wp\/v2\/media?parent=239"}],"wp:term":[{"taxonomy":"category","embeddable":true,"href":"https:\/\/www.neufmois.fr\/les-confessions\/wp-json\/wp\/v2\/categories?post=239"},{"taxonomy":"post_tag","embeddable":true,"href":"https:\/\/www.neufmois.fr\/les-confessions\/wp-json\/wp\/v2\/tags?post=239"}],"curies":[{"name":"wp","href":"https:\/\/api.w.org\/{rel}","templated":true}]}}