{"id":231,"date":"2012-02-15T09:50:00","date_gmt":"2012-02-15T09:50:00","guid":{"rendered":"https:\/\/www.neufmois.fr\/les-confessions\/?p=231"},"modified":"2012-02-15T09:50:00","modified_gmt":"2012-02-15T09:50:00","slug":"rivalite","status":"publish","type":"post","link":"https:\/\/www.neufmois.fr\/les-confessions\/rivalite","title":{"rendered":"Rivalit\u00e9!"},"content":{"rendered":"<p>Apr\u00e8s la naissance de mon fils, ma belle-soeur est tomb\u00e9e enceinte. Du c\u00f4t\u00e9 de la belle-famille, il n&rsquo;y avait d\u00e8s lors plus d&rsquo;attention que pour elle&#8230; ce que mon fils a \u00e9galement ressenti malgr\u00e9 son jeune \u00e2ge! A la naissance de son cousin, il n&rsquo;a jamais voulu le voir. Le premier contact s&rsquo;est fait un an apr\u00e8s&#8230;<br \/>\nJe suis actuellement en fin de grossesse (j&rsquo;accouche dans 8 semaines) et on vient d&rsquo;apprendre que ma belle-soeur est aussi enceinte depuis 3 mois environ&#8230; Du coup, tout ce que j&rsquo;ai v\u00e9cu il y d\u00e9j\u00e0 bient\u00f4t deux ans refait surface, j&rsquo;ai des envies de pleurer, de hurler&#8230; j&rsquo;ai l&rsquo;impression qu&rsquo;elle me vole ma grossesse aupr\u00e8s de ma belle-famille (o\u00f9 je n&rsquo;ai toujours pas ma place!)&#8230; bref, elle me pourrit la vie par avance et \u00e0 distance!<br \/>\nCela vous-est-il d\u00e9j\u00e0 arriv\u00e9?<\/p>\n","protected":false},"excerpt":{"rendered":"<p>Apr\u00e8s la naissance de mon fils, ma belle-soeur est tomb\u00e9e enceinte. Du c\u00f4t\u00e9 de la belle-famille, il n&rsquo;y avait d\u00e8s lors plus d&rsquo;attention que pour elle&#8230; ce que mon fils a \u00e9galement ressenti malgr\u00e9 son jeune \u00e2ge! A la naissance de son cousin, il n&rsquo;a jamais voulu le voir. Le premier contact s&rsquo;est fait un an apr\u00e8s&#8230; Je suis actuellement en fin de grossesse (j&rsquo;accouche dans 8 semaines) et on vient d&rsquo;apprendre que ma belle-soeur est aussi enceinte depuis 3 mois environ&#8230; Du coup, tout ce que j&rsquo;ai v\u00e9cu il<\/p>\n","protected":false},"author":461446,"featured_media":0,"comment_status":"open","ping_status":"open","sticky":false,"template":"","format":"standard","meta":[],"categories":[1],"tags":[],"yoast_head":"<!-- This site is optimized with the Yoast SEO plugin v20.4 - https:\/\/yoast.com\/wordpress\/plugins\/seo\/ -->\n<title>Rivalit\u00e9! - Les confessions<\/title>\n<meta name=\"robots\" content=\"index, follow, max-snippet:-1, max-image-preview:large, max-video-preview:-1\" \/>\n<link rel=\"canonical\" href=\"https:\/\/www.neufmois.fr\/les-confessions\/rivalite\" \/>\n<meta property=\"og:locale\" content=\"fr_FR\" \/>\n<meta property=\"og:type\" content=\"article\" \/>\n<meta property=\"og:title\" content=\"Rivalit\u00e9! - Les confessions\" \/>\n<meta property=\"og:description\" content=\"Apr\u00e8s la naissance de mon fils, ma belle-soeur est tomb\u00e9e enceinte. Du c\u00f4t\u00e9 de la belle-famille, il n&rsquo;y avait d\u00e8s lors plus d&rsquo;attention que pour elle&#8230; ce que mon fils a \u00e9galement ressenti malgr\u00e9 son jeune \u00e2ge! A la naissance de son cousin, il n&rsquo;a jamais voulu le voir. Le premier contact s&rsquo;est fait un an apr\u00e8s&#8230; Je suis actuellement en fin de grossesse (j&rsquo;accouche dans 8 semaines) et on vient d&rsquo;apprendre que ma belle-soeur est aussi enceinte depuis 3 mois environ&#8230; Du coup, tout ce que j&rsquo;ai v\u00e9cu il\" \/>\n<meta property=\"og:url\" content=\"https:\/\/www.neufmois.fr\/les-confessions\/rivalite\" \/>\n<meta property=\"og:site_name\" content=\"Les confessions\" \/>\n<meta property=\"article:published_time\" content=\"2012-02-15T09:50:00+00:00\" \/>\n<meta name=\"author\" content=\"maman anonyme\" \/>\n<meta name=\"twitter:card\" content=\"summary_large_image\" \/>\n<meta name=\"twitter:label1\" content=\"\u00c9crit par\" \/>\n\t<meta name=\"twitter:data1\" content=\"maman anonyme\" \/>\n\t<meta name=\"twitter:label2\" content=\"Dur\u00e9e de lecture estim\u00e9e\" \/>\n\t<meta name=\"twitter:data2\" content=\"1 minute\" \/>\n<script type=\"application\/ld+json\" class=\"yoast-schema-graph\">{\"@context\":\"https:\/\/schema.org\",\"@graph\":[{\"@type\":\"WebPage\",\"@id\":\"https:\/\/www.neufmois.fr\/les-confessions\/rivalite\",\"url\":\"https:\/\/www.neufmois.fr\/les-confessions\/rivalite\",\"name\":\"Rivalit\u00e9! - Les confessions\",\"isPartOf\":{\"@id\":\"https:\/\/www.neufmois.fr\/les-confessions\/#website\"},\"datePublished\":\"2012-02-15T09:50:00+00:00\",\"dateModified\":\"2012-02-15T09:50:00+00:00\",\"author\":{\"@id\":\"https:\/\/www.neufmois.fr\/les-confessions\/#\/schema\/person\/893fe127c653ae6741f53a67962f8b5d\"},\"breadcrumb\":{\"@id\":\"https:\/\/www.neufmois.fr\/les-confessions\/rivalite#breadcrumb\"},\"inLanguage\":\"fr-FR\",\"potentialAction\":[{\"@type\":\"ReadAction\",\"target\":[\"https:\/\/www.neufmois.fr\/les-confessions\/rivalite\"]}]},{\"@type\":\"BreadcrumbList\",\"@id\":\"https:\/\/www.neufmois.fr\/les-confessions\/rivalite#breadcrumb\",\"itemListElement\":[{\"@type\":\"ListItem\",\"position\":1,\"name\":\"Accueil\",\"item\":\"https:\/\/www.neufmois.fr\/les-confessions\/\"},{\"@type\":\"ListItem\",\"position\":2,\"name\":\"Rivalit\u00e9!\"}]},{\"@type\":\"WebSite\",\"@id\":\"https:\/\/www.neufmois.fr\/les-confessions\/#website\",\"url\":\"https:\/\/www.neufmois.fr\/les-confessions\/\",\"name\":\"Les confessions\",\"description\":\" Les confessions\",\"potentialAction\":[{\"@type\":\"SearchAction\",\"target\":{\"@type\":\"EntryPoint\",\"urlTemplate\":\"https:\/\/www.neufmois.fr\/les-confessions\/?s={search_term_string}\"},\"query-input\":\"required name=search_term_string\"}],\"inLanguage\":\"fr-FR\"},{\"@type\":\"Person\",\"@id\":\"https:\/\/www.neufmois.fr\/les-confessions\/#\/schema\/person\/893fe127c653ae6741f53a67962f8b5d\",\"name\":\"maman anonyme\",\"image\":{\"@type\":\"ImageObject\",\"inLanguage\":\"fr-FR\",\"@id\":\"https:\/\/www.neufmois.fr\/les-confessions\/#\/schema\/person\/image\/\",\"url\":\"https:\/\/secure.gravatar.com\/avatar\/e4b3abeefeb17983433f333a4c54f394?s=96&d=mm&r=g\",\"contentUrl\":\"https:\/\/secure.gravatar.com\/avatar\/e4b3abeefeb17983433f333a4c54f394?s=96&d=mm&r=g\",\"caption\":\"maman anonyme\"},\"url\":\"https:\/\/www.neufmois.fr\/les-confessions\/author\/anonyme\"}]}<\/script>\n<!-- \/ Yoast SEO plugin. -->","yoast_head_json":{"title":"Rivalit\u00e9! - Les confessions","robots":{"index":"index","follow":"follow","max-snippet":"max-snippet:-1","max-image-preview":"max-image-preview:large","max-video-preview":"max-video-preview:-1"},"canonical":"https:\/\/www.neufmois.fr\/les-confessions\/rivalite","og_locale":"fr_FR","og_type":"article","og_title":"Rivalit\u00e9! - Les confessions","og_description":"Apr\u00e8s la naissance de mon fils, ma belle-soeur est tomb\u00e9e enceinte. Du c\u00f4t\u00e9 de la belle-famille, il n&rsquo;y avait d\u00e8s lors plus d&rsquo;attention que pour elle&#8230; ce que mon fils a \u00e9galement ressenti malgr\u00e9 son jeune \u00e2ge! A la naissance de son cousin, il n&rsquo;a jamais voulu le voir. Le premier contact s&rsquo;est fait un an apr\u00e8s&#8230; Je suis actuellement en fin de grossesse (j&rsquo;accouche dans 8 semaines) et on vient d&rsquo;apprendre que ma belle-soeur est aussi enceinte depuis 3 mois environ&#8230; Du coup, tout ce que j&rsquo;ai v\u00e9cu il","og_url":"https:\/\/www.neufmois.fr\/les-confessions\/rivalite","og_site_name":"Les confessions","article_published_time":"2012-02-15T09:50:00+00:00","author":"maman anonyme","twitter_card":"summary_large_image","twitter_misc":{"\u00c9crit par":"maman anonyme","Dur\u00e9e de lecture estim\u00e9e":"1 minute"},"schema":{"@context":"https:\/\/schema.org","@graph":[{"@type":"WebPage","@id":"https:\/\/www.neufmois.fr\/les-confessions\/rivalite","url":"https:\/\/www.neufmois.fr\/les-confessions\/rivalite","name":"Rivalit\u00e9! - Les confessions","isPartOf":{"@id":"https:\/\/www.neufmois.fr\/les-confessions\/#website"},"datePublished":"2012-02-15T09:50:00+00:00","dateModified":"2012-02-15T09:50:00+00:00","author":{"@id":"https:\/\/www.neufmois.fr\/les-confessions\/#\/schema\/person\/893fe127c653ae6741f53a67962f8b5d"},"breadcrumb":{"@id":"https:\/\/www.neufmois.fr\/les-confessions\/rivalite#breadcrumb"},"inLanguage":"fr-FR","potentialAction":[{"@type":"ReadAction","target":["https:\/\/www.neufmois.fr\/les-confessions\/rivalite"]}]},{"@type":"BreadcrumbList","@id":"https:\/\/www.neufmois.fr\/les-confessions\/rivalite#breadcrumb","itemListElement":[{"@type":"ListItem","position":1,"name":"Accueil","item":"https:\/\/www.neufmois.fr\/les-confessions\/"},{"@type":"ListItem","position":2,"name":"Rivalit\u00e9!"}]},{"@type":"WebSite","@id":"https:\/\/www.neufmois.fr\/les-confessions\/#website","url":"https:\/\/www.neufmois.fr\/les-confessions\/","name":"Les confessions","description":" Les confessions","potentialAction":[{"@type":"SearchAction","target":{"@type":"EntryPoint","urlTemplate":"https:\/\/www.neufmois.fr\/les-confessions\/?s={search_term_string}"},"query-input":"required name=search_term_string"}],"inLanguage":"fr-FR"},{"@type":"Person","@id":"https:\/\/www.neufmois.fr\/les-confessions\/#\/schema\/person\/893fe127c653ae6741f53a67962f8b5d","name":"maman anonyme","image":{"@type":"ImageObject","inLanguage":"fr-FR","@id":"https:\/\/www.neufmois.fr\/les-confessions\/#\/schema\/person\/image\/","url":"https:\/\/secure.gravatar.com\/avatar\/e4b3abeefeb17983433f333a4c54f394?s=96&d=mm&r=g","contentUrl":"https:\/\/secure.gravatar.com\/avatar\/e4b3abeefeb17983433f333a4c54f394?s=96&d=mm&r=g","caption":"maman anonyme"},"url":"https:\/\/www.neufmois.fr\/les-confessions\/author\/anonyme"}]}},"amp_enabled":true,"_links":{"self":[{"href":"https:\/\/www.neufmois.fr\/les-confessions\/wp-json\/wp\/v2\/posts\/231"}],"collection":[{"href":"https:\/\/www.neufmois.fr\/les-confessions\/wp-json\/wp\/v2\/posts"}],"about":[{"href":"https:\/\/www.neufmois.fr\/les-confessions\/wp-json\/wp\/v2\/types\/post"}],"author":[{"embeddable":true,"href":"https:\/\/www.neufmois.fr\/les-confessions\/wp-json\/wp\/v2\/users\/461446"}],"replies":[{"embeddable":true,"href":"https:\/\/www.neufmois.fr\/les-confessions\/wp-json\/wp\/v2\/comments?post=231"}],"version-history":[{"count":0,"href":"https:\/\/www.neufmois.fr\/les-confessions\/wp-json\/wp\/v2\/posts\/231\/revisions"}],"wp:attachment":[{"href":"https:\/\/www.neufmois.fr\/les-confessions\/wp-json\/wp\/v2\/media?parent=231"}],"wp:term":[{"taxonomy":"category","embeddable":true,"href":"https:\/\/www.neufmois.fr\/les-confessions\/wp-json\/wp\/v2\/categories?post=231"},{"taxonomy":"post_tag","embeddable":true,"href":"https:\/\/www.neufmois.fr\/les-confessions\/wp-json\/wp\/v2\/tags?post=231"}],"curies":[{"name":"wp","href":"https:\/\/api.w.org\/{rel}","templated":true}]}}