{"id":221,"date":"2012-03-06T23:50:00","date_gmt":"2012-03-06T23:50:00","guid":{"rendered":"https:\/\/www.neufmois.fr\/les-confessions\/?p=221"},"modified":"2012-03-06T23:50:00","modified_gmt":"2012-03-06T23:50:00","slug":"papa-indigne","status":"publish","type":"post","link":"https:\/\/www.neufmois.fr\/les-confessions\/papa-indigne","title":{"rendered":"papa indigne"},"content":{"rendered":"<p>Voil\u00e0 je voudrais avoir votre avis sur ma situation. Le papa de mon enfant est parti quand j&rsquo;\u00e9tais enceinte de 3 mois. A sa naissance, je l&rsquo;ai inform\u00e9 mais il n&rsquo;est jamais venu le voir. Mais il a un peu plus d&rsquo;un an et je voulais qu&rsquo;il voit son papa car je pense qu&rsquo;apr\u00e8s tout ce temps il \u00e9tait temps qu&rsquo;il rencontre son enfant. J&rsquo;ai donc contact\u00e9 le papa de mon enfant, et voil\u00e0 la r\u00e9ponse de ce papa : Je ne veux pas le voir pour moi ce n&rsquo;est pas mon enfant, il n&rsquo;existe pas je vis ma vie tu vis la tienne et basta. Maintenant au moins je sais \u00e0 quoi m&rsquo;en tenir. Mais je ne sais pas comment m&rsquo;y prendre pour aider mon enfant \u00e0 comprendre?<\/p>\n","protected":false},"excerpt":{"rendered":"<p>Voil\u00e0 je voudrais avoir votre avis sur ma situation. Le papa de mon enfant est parti quand j&rsquo;\u00e9tais enceinte de 3 mois. A sa naissance, je l&rsquo;ai inform\u00e9 mais il n&rsquo;est jamais venu le voir. Mais il a un peu plus d&rsquo;un an et je voulais qu&rsquo;il voit son papa car je pense qu&rsquo;apr\u00e8s tout ce temps il \u00e9tait temps qu&rsquo;il rencontre son enfant. J&rsquo;ai donc contact\u00e9 le papa de mon enfant, et voil\u00e0 la r\u00e9ponse de ce papa : Je ne veux pas le voir pour moi ce n&rsquo;est<\/p>\n","protected":false},"author":461446,"featured_media":0,"comment_status":"open","ping_status":"open","sticky":false,"template":"","format":"standard","meta":[],"categories":[1],"tags":[],"yoast_head":"<!-- This site is optimized with the Yoast SEO plugin v20.4 - https:\/\/yoast.com\/wordpress\/plugins\/seo\/ -->\n<title>papa indigne - Les confessions<\/title>\n<meta name=\"robots\" content=\"index, follow, max-snippet:-1, max-image-preview:large, max-video-preview:-1\" \/>\n<link rel=\"canonical\" href=\"https:\/\/www.neufmois.fr\/les-confessions\/papa-indigne\" \/>\n<meta property=\"og:locale\" content=\"fr_FR\" \/>\n<meta property=\"og:type\" content=\"article\" \/>\n<meta property=\"og:title\" content=\"papa indigne - Les confessions\" \/>\n<meta property=\"og:description\" content=\"Voil\u00e0 je voudrais avoir votre avis sur ma situation. Le papa de mon enfant est parti quand j&rsquo;\u00e9tais enceinte de 3 mois. A sa naissance, je l&rsquo;ai inform\u00e9 mais il n&rsquo;est jamais venu le voir. Mais il a un peu plus d&rsquo;un an et je voulais qu&rsquo;il voit son papa car je pense qu&rsquo;apr\u00e8s tout ce temps il \u00e9tait temps qu&rsquo;il rencontre son enfant. J&rsquo;ai donc contact\u00e9 le papa de mon enfant, et voil\u00e0 la r\u00e9ponse de ce papa : Je ne veux pas le voir pour moi ce n&rsquo;est\" \/>\n<meta property=\"og:url\" content=\"https:\/\/www.neufmois.fr\/les-confessions\/papa-indigne\" \/>\n<meta property=\"og:site_name\" content=\"Les confessions\" \/>\n<meta property=\"article:published_time\" content=\"2012-03-06T23:50:00+00:00\" \/>\n<meta name=\"author\" content=\"maman anonyme\" \/>\n<meta name=\"twitter:card\" content=\"summary_large_image\" \/>\n<meta name=\"twitter:label1\" content=\"\u00c9crit par\" \/>\n\t<meta name=\"twitter:data1\" content=\"maman anonyme\" \/>\n\t<meta name=\"twitter:label2\" content=\"Dur\u00e9e de lecture estim\u00e9e\" \/>\n\t<meta name=\"twitter:data2\" content=\"1 minute\" \/>\n<script type=\"application\/ld+json\" class=\"yoast-schema-graph\">{\"@context\":\"https:\/\/schema.org\",\"@graph\":[{\"@type\":\"WebPage\",\"@id\":\"https:\/\/www.neufmois.fr\/les-confessions\/papa-indigne\",\"url\":\"https:\/\/www.neufmois.fr\/les-confessions\/papa-indigne\",\"name\":\"papa indigne - Les confessions\",\"isPartOf\":{\"@id\":\"https:\/\/www.neufmois.fr\/les-confessions\/#website\"},\"datePublished\":\"2012-03-06T23:50:00+00:00\",\"dateModified\":\"2012-03-06T23:50:00+00:00\",\"author\":{\"@id\":\"https:\/\/www.neufmois.fr\/les-confessions\/#\/schema\/person\/893fe127c653ae6741f53a67962f8b5d\"},\"breadcrumb\":{\"@id\":\"https:\/\/www.neufmois.fr\/les-confessions\/papa-indigne#breadcrumb\"},\"inLanguage\":\"fr-FR\",\"potentialAction\":[{\"@type\":\"ReadAction\",\"target\":[\"https:\/\/www.neufmois.fr\/les-confessions\/papa-indigne\"]}]},{\"@type\":\"BreadcrumbList\",\"@id\":\"https:\/\/www.neufmois.fr\/les-confessions\/papa-indigne#breadcrumb\",\"itemListElement\":[{\"@type\":\"ListItem\",\"position\":1,\"name\":\"Accueil\",\"item\":\"https:\/\/www.neufmois.fr\/les-confessions\/\"},{\"@type\":\"ListItem\",\"position\":2,\"name\":\"papa indigne\"}]},{\"@type\":\"WebSite\",\"@id\":\"https:\/\/www.neufmois.fr\/les-confessions\/#website\",\"url\":\"https:\/\/www.neufmois.fr\/les-confessions\/\",\"name\":\"Les confessions\",\"description\":\" Les confessions\",\"potentialAction\":[{\"@type\":\"SearchAction\",\"target\":{\"@type\":\"EntryPoint\",\"urlTemplate\":\"https:\/\/www.neufmois.fr\/les-confessions\/?s={search_term_string}\"},\"query-input\":\"required name=search_term_string\"}],\"inLanguage\":\"fr-FR\"},{\"@type\":\"Person\",\"@id\":\"https:\/\/www.neufmois.fr\/les-confessions\/#\/schema\/person\/893fe127c653ae6741f53a67962f8b5d\",\"name\":\"maman anonyme\",\"image\":{\"@type\":\"ImageObject\",\"inLanguage\":\"fr-FR\",\"@id\":\"https:\/\/www.neufmois.fr\/les-confessions\/#\/schema\/person\/image\/\",\"url\":\"https:\/\/secure.gravatar.com\/avatar\/e4b3abeefeb17983433f333a4c54f394?s=96&d=mm&r=g\",\"contentUrl\":\"https:\/\/secure.gravatar.com\/avatar\/e4b3abeefeb17983433f333a4c54f394?s=96&d=mm&r=g\",\"caption\":\"maman anonyme\"},\"url\":\"https:\/\/www.neufmois.fr\/les-confessions\/author\/anonyme\"}]}<\/script>\n<!-- \/ Yoast SEO plugin. -->","yoast_head_json":{"title":"papa indigne - Les confessions","robots":{"index":"index","follow":"follow","max-snippet":"max-snippet:-1","max-image-preview":"max-image-preview:large","max-video-preview":"max-video-preview:-1"},"canonical":"https:\/\/www.neufmois.fr\/les-confessions\/papa-indigne","og_locale":"fr_FR","og_type":"article","og_title":"papa indigne - Les confessions","og_description":"Voil\u00e0 je voudrais avoir votre avis sur ma situation. Le papa de mon enfant est parti quand j&rsquo;\u00e9tais enceinte de 3 mois. A sa naissance, je l&rsquo;ai inform\u00e9 mais il n&rsquo;est jamais venu le voir. Mais il a un peu plus d&rsquo;un an et je voulais qu&rsquo;il voit son papa car je pense qu&rsquo;apr\u00e8s tout ce temps il \u00e9tait temps qu&rsquo;il rencontre son enfant. J&rsquo;ai donc contact\u00e9 le papa de mon enfant, et voil\u00e0 la r\u00e9ponse de ce papa : Je ne veux pas le voir pour moi ce n&rsquo;est","og_url":"https:\/\/www.neufmois.fr\/les-confessions\/papa-indigne","og_site_name":"Les confessions","article_published_time":"2012-03-06T23:50:00+00:00","author":"maman anonyme","twitter_card":"summary_large_image","twitter_misc":{"\u00c9crit par":"maman anonyme","Dur\u00e9e de lecture estim\u00e9e":"1 minute"},"schema":{"@context":"https:\/\/schema.org","@graph":[{"@type":"WebPage","@id":"https:\/\/www.neufmois.fr\/les-confessions\/papa-indigne","url":"https:\/\/www.neufmois.fr\/les-confessions\/papa-indigne","name":"papa indigne - Les confessions","isPartOf":{"@id":"https:\/\/www.neufmois.fr\/les-confessions\/#website"},"datePublished":"2012-03-06T23:50:00+00:00","dateModified":"2012-03-06T23:50:00+00:00","author":{"@id":"https:\/\/www.neufmois.fr\/les-confessions\/#\/schema\/person\/893fe127c653ae6741f53a67962f8b5d"},"breadcrumb":{"@id":"https:\/\/www.neufmois.fr\/les-confessions\/papa-indigne#breadcrumb"},"inLanguage":"fr-FR","potentialAction":[{"@type":"ReadAction","target":["https:\/\/www.neufmois.fr\/les-confessions\/papa-indigne"]}]},{"@type":"BreadcrumbList","@id":"https:\/\/www.neufmois.fr\/les-confessions\/papa-indigne#breadcrumb","itemListElement":[{"@type":"ListItem","position":1,"name":"Accueil","item":"https:\/\/www.neufmois.fr\/les-confessions\/"},{"@type":"ListItem","position":2,"name":"papa indigne"}]},{"@type":"WebSite","@id":"https:\/\/www.neufmois.fr\/les-confessions\/#website","url":"https:\/\/www.neufmois.fr\/les-confessions\/","name":"Les confessions","description":" Les confessions","potentialAction":[{"@type":"SearchAction","target":{"@type":"EntryPoint","urlTemplate":"https:\/\/www.neufmois.fr\/les-confessions\/?s={search_term_string}"},"query-input":"required name=search_term_string"}],"inLanguage":"fr-FR"},{"@type":"Person","@id":"https:\/\/www.neufmois.fr\/les-confessions\/#\/schema\/person\/893fe127c653ae6741f53a67962f8b5d","name":"maman anonyme","image":{"@type":"ImageObject","inLanguage":"fr-FR","@id":"https:\/\/www.neufmois.fr\/les-confessions\/#\/schema\/person\/image\/","url":"https:\/\/secure.gravatar.com\/avatar\/e4b3abeefeb17983433f333a4c54f394?s=96&d=mm&r=g","contentUrl":"https:\/\/secure.gravatar.com\/avatar\/e4b3abeefeb17983433f333a4c54f394?s=96&d=mm&r=g","caption":"maman anonyme"},"url":"https:\/\/www.neufmois.fr\/les-confessions\/author\/anonyme"}]}},"amp_enabled":true,"_links":{"self":[{"href":"https:\/\/www.neufmois.fr\/les-confessions\/wp-json\/wp\/v2\/posts\/221"}],"collection":[{"href":"https:\/\/www.neufmois.fr\/les-confessions\/wp-json\/wp\/v2\/posts"}],"about":[{"href":"https:\/\/www.neufmois.fr\/les-confessions\/wp-json\/wp\/v2\/types\/post"}],"author":[{"embeddable":true,"href":"https:\/\/www.neufmois.fr\/les-confessions\/wp-json\/wp\/v2\/users\/461446"}],"replies":[{"embeddable":true,"href":"https:\/\/www.neufmois.fr\/les-confessions\/wp-json\/wp\/v2\/comments?post=221"}],"version-history":[{"count":0,"href":"https:\/\/www.neufmois.fr\/les-confessions\/wp-json\/wp\/v2\/posts\/221\/revisions"}],"wp:attachment":[{"href":"https:\/\/www.neufmois.fr\/les-confessions\/wp-json\/wp\/v2\/media?parent=221"}],"wp:term":[{"taxonomy":"category","embeddable":true,"href":"https:\/\/www.neufmois.fr\/les-confessions\/wp-json\/wp\/v2\/categories?post=221"},{"taxonomy":"post_tag","embeddable":true,"href":"https:\/\/www.neufmois.fr\/les-confessions\/wp-json\/wp\/v2\/tags?post=221"}],"curies":[{"name":"wp","href":"https:\/\/api.w.org\/{rel}","templated":true}]}}