{"id":215,"date":"2012-03-17T19:49:00","date_gmt":"2012-03-17T19:49:00","guid":{"rendered":"https:\/\/www.neufmois.fr\/les-confessions\/?p=215"},"modified":"2012-03-17T19:49:00","modified_gmt":"2012-03-17T19:49:00","slug":"je-sens-seule-et-incomprise","status":"publish","type":"post","link":"https:\/\/www.neufmois.fr\/les-confessions\/je-sens-seule-et-incomprise","title":{"rendered":"je sens seule et incomprise"},"content":{"rendered":"<p>bonjour a toutes, voila quelques mois que le morale est en baisse et la ca empire.<br \/>\nje n&rsquo;arrive plus a avoir un moment seul avec mon cheri soit ces amis son la, soit c&rsquo;est notre semaine de garde de sa fille soit il boss (moi je travail la journee et lui de nuit dc dur)<br \/>\nj&rsquo;ai l&rsquo;impression d&rsquo;etre la bonne a tout faire de la maison je rentre a 18h30 je dois gerer mon bebe le repas le menage tout , toute seule et je suis fatiguer j&rsquo;en ai parler a mon copain lui disant que je souffrait lui qui dit que je me prend la tete pour rien et me met la pression toute seule et que je prend tout mal du coup je lui fait la tete et n&rsquo;arrive plus a etre heureuse avec lui j&rsquo;ai l&rsquo;impression d&rsquo;etre de la merde et d&rsquo;etre incomprise et je suis vrraiment malheureuse pourquoi?<\/p>\n","protected":false},"excerpt":{"rendered":"<p>bonjour a toutes, voila quelques mois que le morale est en baisse et la ca empire. je n&rsquo;arrive plus a avoir un moment seul avec mon cheri soit ces amis son la, soit c&rsquo;est notre semaine de garde de sa fille soit il boss (moi je travail la journee et lui de nuit dc dur) j&rsquo;ai l&rsquo;impression d&rsquo;etre la bonne a tout faire de la maison je rentre a 18h30 je dois gerer mon bebe le repas le menage tout , toute seule et je suis fatiguer j&rsquo;en ai parler<\/p>\n","protected":false},"author":461446,"featured_media":0,"comment_status":"open","ping_status":"open","sticky":false,"template":"","format":"standard","meta":[],"categories":[1],"tags":[],"yoast_head":"<!-- This site is optimized with the Yoast SEO plugin v20.4 - https:\/\/yoast.com\/wordpress\/plugins\/seo\/ -->\n<title>je sens seule et incomprise - Les confessions<\/title>\n<meta name=\"robots\" content=\"index, follow, max-snippet:-1, max-image-preview:large, max-video-preview:-1\" \/>\n<link rel=\"canonical\" href=\"https:\/\/www.neufmois.fr\/les-confessions\/je-sens-seule-et-incomprise\" \/>\n<meta property=\"og:locale\" content=\"fr_FR\" \/>\n<meta property=\"og:type\" content=\"article\" \/>\n<meta property=\"og:title\" content=\"je sens seule et incomprise - Les confessions\" \/>\n<meta property=\"og:description\" content=\"bonjour a toutes, voila quelques mois que le morale est en baisse et la ca empire. je n&rsquo;arrive plus a avoir un moment seul avec mon cheri soit ces amis son la, soit c&rsquo;est notre semaine de garde de sa fille soit il boss (moi je travail la journee et lui de nuit dc dur) j&rsquo;ai l&rsquo;impression d&rsquo;etre la bonne a tout faire de la maison je rentre a 18h30 je dois gerer mon bebe le repas le menage tout , toute seule et je suis fatiguer j&rsquo;en ai parler\" \/>\n<meta property=\"og:url\" content=\"https:\/\/www.neufmois.fr\/les-confessions\/je-sens-seule-et-incomprise\" \/>\n<meta property=\"og:site_name\" content=\"Les confessions\" \/>\n<meta property=\"article:published_time\" content=\"2012-03-17T19:49:00+00:00\" \/>\n<meta name=\"author\" content=\"maman anonyme\" \/>\n<meta name=\"twitter:card\" content=\"summary_large_image\" \/>\n<meta name=\"twitter:label1\" content=\"\u00c9crit par\" \/>\n\t<meta name=\"twitter:data1\" content=\"maman anonyme\" \/>\n\t<meta name=\"twitter:label2\" content=\"Dur\u00e9e de lecture estim\u00e9e\" \/>\n\t<meta name=\"twitter:data2\" content=\"1 minute\" \/>\n<script type=\"application\/ld+json\" class=\"yoast-schema-graph\">{\"@context\":\"https:\/\/schema.org\",\"@graph\":[{\"@type\":\"WebPage\",\"@id\":\"https:\/\/www.neufmois.fr\/les-confessions\/je-sens-seule-et-incomprise\",\"url\":\"https:\/\/www.neufmois.fr\/les-confessions\/je-sens-seule-et-incomprise\",\"name\":\"je sens seule et incomprise - Les confessions\",\"isPartOf\":{\"@id\":\"https:\/\/www.neufmois.fr\/les-confessions\/#website\"},\"datePublished\":\"2012-03-17T19:49:00+00:00\",\"dateModified\":\"2012-03-17T19:49:00+00:00\",\"author\":{\"@id\":\"https:\/\/www.neufmois.fr\/les-confessions\/#\/schema\/person\/893fe127c653ae6741f53a67962f8b5d\"},\"breadcrumb\":{\"@id\":\"https:\/\/www.neufmois.fr\/les-confessions\/je-sens-seule-et-incomprise#breadcrumb\"},\"inLanguage\":\"fr-FR\",\"potentialAction\":[{\"@type\":\"ReadAction\",\"target\":[\"https:\/\/www.neufmois.fr\/les-confessions\/je-sens-seule-et-incomprise\"]}]},{\"@type\":\"BreadcrumbList\",\"@id\":\"https:\/\/www.neufmois.fr\/les-confessions\/je-sens-seule-et-incomprise#breadcrumb\",\"itemListElement\":[{\"@type\":\"ListItem\",\"position\":1,\"name\":\"Accueil\",\"item\":\"https:\/\/www.neufmois.fr\/les-confessions\/\"},{\"@type\":\"ListItem\",\"position\":2,\"name\":\"je sens seule et incomprise\"}]},{\"@type\":\"WebSite\",\"@id\":\"https:\/\/www.neufmois.fr\/les-confessions\/#website\",\"url\":\"https:\/\/www.neufmois.fr\/les-confessions\/\",\"name\":\"Les confessions\",\"description\":\" Les confessions\",\"potentialAction\":[{\"@type\":\"SearchAction\",\"target\":{\"@type\":\"EntryPoint\",\"urlTemplate\":\"https:\/\/www.neufmois.fr\/les-confessions\/?s={search_term_string}\"},\"query-input\":\"required name=search_term_string\"}],\"inLanguage\":\"fr-FR\"},{\"@type\":\"Person\",\"@id\":\"https:\/\/www.neufmois.fr\/les-confessions\/#\/schema\/person\/893fe127c653ae6741f53a67962f8b5d\",\"name\":\"maman anonyme\",\"image\":{\"@type\":\"ImageObject\",\"inLanguage\":\"fr-FR\",\"@id\":\"https:\/\/www.neufmois.fr\/les-confessions\/#\/schema\/person\/image\/\",\"url\":\"https:\/\/secure.gravatar.com\/avatar\/e4b3abeefeb17983433f333a4c54f394?s=96&d=mm&r=g\",\"contentUrl\":\"https:\/\/secure.gravatar.com\/avatar\/e4b3abeefeb17983433f333a4c54f394?s=96&d=mm&r=g\",\"caption\":\"maman anonyme\"},\"url\":\"https:\/\/www.neufmois.fr\/les-confessions\/author\/anonyme\"}]}<\/script>\n<!-- \/ Yoast SEO plugin. -->","yoast_head_json":{"title":"je sens seule et incomprise - Les confessions","robots":{"index":"index","follow":"follow","max-snippet":"max-snippet:-1","max-image-preview":"max-image-preview:large","max-video-preview":"max-video-preview:-1"},"canonical":"https:\/\/www.neufmois.fr\/les-confessions\/je-sens-seule-et-incomprise","og_locale":"fr_FR","og_type":"article","og_title":"je sens seule et incomprise - Les confessions","og_description":"bonjour a toutes, voila quelques mois que le morale est en baisse et la ca empire. je n&rsquo;arrive plus a avoir un moment seul avec mon cheri soit ces amis son la, soit c&rsquo;est notre semaine de garde de sa fille soit il boss (moi je travail la journee et lui de nuit dc dur) j&rsquo;ai l&rsquo;impression d&rsquo;etre la bonne a tout faire de la maison je rentre a 18h30 je dois gerer mon bebe le repas le menage tout , toute seule et je suis fatiguer j&rsquo;en ai parler","og_url":"https:\/\/www.neufmois.fr\/les-confessions\/je-sens-seule-et-incomprise","og_site_name":"Les confessions","article_published_time":"2012-03-17T19:49:00+00:00","author":"maman anonyme","twitter_card":"summary_large_image","twitter_misc":{"\u00c9crit par":"maman anonyme","Dur\u00e9e de lecture estim\u00e9e":"1 minute"},"schema":{"@context":"https:\/\/schema.org","@graph":[{"@type":"WebPage","@id":"https:\/\/www.neufmois.fr\/les-confessions\/je-sens-seule-et-incomprise","url":"https:\/\/www.neufmois.fr\/les-confessions\/je-sens-seule-et-incomprise","name":"je sens seule et incomprise - Les confessions","isPartOf":{"@id":"https:\/\/www.neufmois.fr\/les-confessions\/#website"},"datePublished":"2012-03-17T19:49:00+00:00","dateModified":"2012-03-17T19:49:00+00:00","author":{"@id":"https:\/\/www.neufmois.fr\/les-confessions\/#\/schema\/person\/893fe127c653ae6741f53a67962f8b5d"},"breadcrumb":{"@id":"https:\/\/www.neufmois.fr\/les-confessions\/je-sens-seule-et-incomprise#breadcrumb"},"inLanguage":"fr-FR","potentialAction":[{"@type":"ReadAction","target":["https:\/\/www.neufmois.fr\/les-confessions\/je-sens-seule-et-incomprise"]}]},{"@type":"BreadcrumbList","@id":"https:\/\/www.neufmois.fr\/les-confessions\/je-sens-seule-et-incomprise#breadcrumb","itemListElement":[{"@type":"ListItem","position":1,"name":"Accueil","item":"https:\/\/www.neufmois.fr\/les-confessions\/"},{"@type":"ListItem","position":2,"name":"je sens seule et incomprise"}]},{"@type":"WebSite","@id":"https:\/\/www.neufmois.fr\/les-confessions\/#website","url":"https:\/\/www.neufmois.fr\/les-confessions\/","name":"Les confessions","description":" Les confessions","potentialAction":[{"@type":"SearchAction","target":{"@type":"EntryPoint","urlTemplate":"https:\/\/www.neufmois.fr\/les-confessions\/?s={search_term_string}"},"query-input":"required name=search_term_string"}],"inLanguage":"fr-FR"},{"@type":"Person","@id":"https:\/\/www.neufmois.fr\/les-confessions\/#\/schema\/person\/893fe127c653ae6741f53a67962f8b5d","name":"maman anonyme","image":{"@type":"ImageObject","inLanguage":"fr-FR","@id":"https:\/\/www.neufmois.fr\/les-confessions\/#\/schema\/person\/image\/","url":"https:\/\/secure.gravatar.com\/avatar\/e4b3abeefeb17983433f333a4c54f394?s=96&d=mm&r=g","contentUrl":"https:\/\/secure.gravatar.com\/avatar\/e4b3abeefeb17983433f333a4c54f394?s=96&d=mm&r=g","caption":"maman anonyme"},"url":"https:\/\/www.neufmois.fr\/les-confessions\/author\/anonyme"}]}},"amp_enabled":true,"_links":{"self":[{"href":"https:\/\/www.neufmois.fr\/les-confessions\/wp-json\/wp\/v2\/posts\/215"}],"collection":[{"href":"https:\/\/www.neufmois.fr\/les-confessions\/wp-json\/wp\/v2\/posts"}],"about":[{"href":"https:\/\/www.neufmois.fr\/les-confessions\/wp-json\/wp\/v2\/types\/post"}],"author":[{"embeddable":true,"href":"https:\/\/www.neufmois.fr\/les-confessions\/wp-json\/wp\/v2\/users\/461446"}],"replies":[{"embeddable":true,"href":"https:\/\/www.neufmois.fr\/les-confessions\/wp-json\/wp\/v2\/comments?post=215"}],"version-history":[{"count":0,"href":"https:\/\/www.neufmois.fr\/les-confessions\/wp-json\/wp\/v2\/posts\/215\/revisions"}],"wp:attachment":[{"href":"https:\/\/www.neufmois.fr\/les-confessions\/wp-json\/wp\/v2\/media?parent=215"}],"wp:term":[{"taxonomy":"category","embeddable":true,"href":"https:\/\/www.neufmois.fr\/les-confessions\/wp-json\/wp\/v2\/categories?post=215"},{"taxonomy":"post_tag","embeddable":true,"href":"https:\/\/www.neufmois.fr\/les-confessions\/wp-json\/wp\/v2\/tags?post=215"}],"curies":[{"name":"wp","href":"https:\/\/api.w.org\/{rel}","templated":true}]}}