{"id":212,"date":"2012-03-26T15:29:00","date_gmt":"2012-03-26T15:29:00","guid":{"rendered":"https:\/\/www.neufmois.fr\/les-confessions\/?p=212"},"modified":"2012-03-26T15:29:00","modified_gmt":"2012-03-26T15:29:00","slug":"accouchement-cesarienne","status":"publish","type":"post","link":"https:\/\/www.neufmois.fr\/les-confessions\/accouchement-cesarienne","title":{"rendered":"accouchement c\u00e9sarienne"},"content":{"rendered":"<p>Il y&rsquo; a 4 mois , j&rsquo;ai accouch\u00e9 par c\u00e9sarienne. C\u00e9sarienne programm\u00e9 car j&rsquo;ai un bassin vraiment trop \u00e9troit. Quand j&rsquo;ai appris la nouvelle je n&rsquo;ai pas arrete de pleur\u00e9. Pour moi cette nouvelle etait dramatique. J&rsquo;ai eu une grossesse id\u00e9ale. Et l\u00e0 le choc&#8230;. Je n&rsquo;est pas l&rsquo;impression d&rsquo;avoir accouch\u00e9 , je m&rsquo;en veux enormement , je me sens responsable.Mais si ma cesarienne c&rsquo;est tres bien pass\u00e9. Encore aujourd&rsquo;huit au bout de 4 mois , je n&rsquo;arrive pas \u00e0 me l&rsquo;enlev\u00e9 de la tete. J&rsquo;envie les femmes qui accouche par voix basse. J&rsquo;aurais aimer entendre des heures en travail avant que mon bebe arrive , j&rsquo;aurais aimer que le papa coupe le cordon. Il \u00e0 pu assister \u00e0 la c\u00e9sa. Mon bebe \u00e9tait en pleine forme et c&rsquo;est le principal. Mais je sais que jamais je ne pourrais accouch\u00e9 par voie basse , et j&rsquo;ai beaucoup de mal a m&rsquo;y faire. Je n&rsquo;est vraiment pas l&rsquo;impression d&rsquo;avoir mis mon enfant au monde. Je n&rsquo;arrive pas \u00e0 me d\u00e9culpabiliser. Je me sens atrocement responsable.<\/p>\n","protected":false},"excerpt":{"rendered":"<p>Il y&rsquo; a 4 mois , j&rsquo;ai accouch\u00e9 par c\u00e9sarienne. C\u00e9sarienne programm\u00e9 car j&rsquo;ai un bassin vraiment trop \u00e9troit. Quand j&rsquo;ai appris la nouvelle je n&rsquo;ai pas arrete de pleur\u00e9. Pour moi cette nouvelle etait dramatique. J&rsquo;ai eu une grossesse id\u00e9ale. Et l\u00e0 le choc&#8230;. Je n&rsquo;est pas l&rsquo;impression d&rsquo;avoir accouch\u00e9 , je m&rsquo;en veux enormement , je me sens responsable.Mais si ma cesarienne c&rsquo;est tres bien pass\u00e9. Encore aujourd&rsquo;huit au bout de 4 mois , je n&rsquo;arrive pas \u00e0 me l&rsquo;enlev\u00e9 de la tete. J&rsquo;envie les femmes qui accouche<\/p>\n","protected":false},"author":461446,"featured_media":0,"comment_status":"open","ping_status":"open","sticky":false,"template":"","format":"standard","meta":[],"categories":[1],"tags":[],"yoast_head":"<!-- This site is optimized with the Yoast SEO plugin v20.4 - https:\/\/yoast.com\/wordpress\/plugins\/seo\/ -->\n<title>accouchement c\u00e9sarienne - Les confessions<\/title>\n<meta name=\"robots\" content=\"index, follow, max-snippet:-1, max-image-preview:large, max-video-preview:-1\" \/>\n<link rel=\"canonical\" href=\"https:\/\/www.neufmois.fr\/les-confessions\/accouchement-cesarienne\" \/>\n<meta property=\"og:locale\" content=\"fr_FR\" \/>\n<meta property=\"og:type\" content=\"article\" \/>\n<meta property=\"og:title\" content=\"accouchement c\u00e9sarienne - Les confessions\" \/>\n<meta property=\"og:description\" content=\"Il y&rsquo; a 4 mois , j&rsquo;ai accouch\u00e9 par c\u00e9sarienne. C\u00e9sarienne programm\u00e9 car j&rsquo;ai un bassin vraiment trop \u00e9troit. Quand j&rsquo;ai appris la nouvelle je n&rsquo;ai pas arrete de pleur\u00e9. Pour moi cette nouvelle etait dramatique. J&rsquo;ai eu une grossesse id\u00e9ale. Et l\u00e0 le choc&#8230;. Je n&rsquo;est pas l&rsquo;impression d&rsquo;avoir accouch\u00e9 , je m&rsquo;en veux enormement , je me sens responsable.Mais si ma cesarienne c&rsquo;est tres bien pass\u00e9. Encore aujourd&rsquo;huit au bout de 4 mois , je n&rsquo;arrive pas \u00e0 me l&rsquo;enlev\u00e9 de la tete. J&rsquo;envie les femmes qui accouche\" \/>\n<meta property=\"og:url\" content=\"https:\/\/www.neufmois.fr\/les-confessions\/accouchement-cesarienne\" \/>\n<meta property=\"og:site_name\" content=\"Les confessions\" \/>\n<meta property=\"article:published_time\" content=\"2012-03-26T15:29:00+00:00\" \/>\n<meta name=\"author\" content=\"maman anonyme\" \/>\n<meta name=\"twitter:card\" content=\"summary_large_image\" \/>\n<meta name=\"twitter:label1\" content=\"\u00c9crit par\" \/>\n\t<meta name=\"twitter:data1\" content=\"maman anonyme\" \/>\n\t<meta name=\"twitter:label2\" content=\"Dur\u00e9e de lecture estim\u00e9e\" \/>\n\t<meta name=\"twitter:data2\" content=\"1 minute\" \/>\n<script type=\"application\/ld+json\" class=\"yoast-schema-graph\">{\"@context\":\"https:\/\/schema.org\",\"@graph\":[{\"@type\":\"WebPage\",\"@id\":\"https:\/\/www.neufmois.fr\/les-confessions\/accouchement-cesarienne\",\"url\":\"https:\/\/www.neufmois.fr\/les-confessions\/accouchement-cesarienne\",\"name\":\"accouchement c\u00e9sarienne - Les confessions\",\"isPartOf\":{\"@id\":\"https:\/\/www.neufmois.fr\/les-confessions\/#website\"},\"datePublished\":\"2012-03-26T15:29:00+00:00\",\"dateModified\":\"2012-03-26T15:29:00+00:00\",\"author\":{\"@id\":\"https:\/\/www.neufmois.fr\/les-confessions\/#\/schema\/person\/893fe127c653ae6741f53a67962f8b5d\"},\"breadcrumb\":{\"@id\":\"https:\/\/www.neufmois.fr\/les-confessions\/accouchement-cesarienne#breadcrumb\"},\"inLanguage\":\"fr-FR\",\"potentialAction\":[{\"@type\":\"ReadAction\",\"target\":[\"https:\/\/www.neufmois.fr\/les-confessions\/accouchement-cesarienne\"]}]},{\"@type\":\"BreadcrumbList\",\"@id\":\"https:\/\/www.neufmois.fr\/les-confessions\/accouchement-cesarienne#breadcrumb\",\"itemListElement\":[{\"@type\":\"ListItem\",\"position\":1,\"name\":\"Accueil\",\"item\":\"https:\/\/www.neufmois.fr\/les-confessions\/\"},{\"@type\":\"ListItem\",\"position\":2,\"name\":\"accouchement c\u00e9sarienne\"}]},{\"@type\":\"WebSite\",\"@id\":\"https:\/\/www.neufmois.fr\/les-confessions\/#website\",\"url\":\"https:\/\/www.neufmois.fr\/les-confessions\/\",\"name\":\"Les confessions\",\"description\":\" Les confessions\",\"potentialAction\":[{\"@type\":\"SearchAction\",\"target\":{\"@type\":\"EntryPoint\",\"urlTemplate\":\"https:\/\/www.neufmois.fr\/les-confessions\/?s={search_term_string}\"},\"query-input\":\"required name=search_term_string\"}],\"inLanguage\":\"fr-FR\"},{\"@type\":\"Person\",\"@id\":\"https:\/\/www.neufmois.fr\/les-confessions\/#\/schema\/person\/893fe127c653ae6741f53a67962f8b5d\",\"name\":\"maman anonyme\",\"image\":{\"@type\":\"ImageObject\",\"inLanguage\":\"fr-FR\",\"@id\":\"https:\/\/www.neufmois.fr\/les-confessions\/#\/schema\/person\/image\/\",\"url\":\"https:\/\/secure.gravatar.com\/avatar\/e4b3abeefeb17983433f333a4c54f394?s=96&d=mm&r=g\",\"contentUrl\":\"https:\/\/secure.gravatar.com\/avatar\/e4b3abeefeb17983433f333a4c54f394?s=96&d=mm&r=g\",\"caption\":\"maman anonyme\"},\"url\":\"https:\/\/www.neufmois.fr\/les-confessions\/author\/anonyme\"}]}<\/script>\n<!-- \/ Yoast SEO plugin. -->","yoast_head_json":{"title":"accouchement c\u00e9sarienne - Les confessions","robots":{"index":"index","follow":"follow","max-snippet":"max-snippet:-1","max-image-preview":"max-image-preview:large","max-video-preview":"max-video-preview:-1"},"canonical":"https:\/\/www.neufmois.fr\/les-confessions\/accouchement-cesarienne","og_locale":"fr_FR","og_type":"article","og_title":"accouchement c\u00e9sarienne - Les confessions","og_description":"Il y&rsquo; a 4 mois , j&rsquo;ai accouch\u00e9 par c\u00e9sarienne. C\u00e9sarienne programm\u00e9 car j&rsquo;ai un bassin vraiment trop \u00e9troit. Quand j&rsquo;ai appris la nouvelle je n&rsquo;ai pas arrete de pleur\u00e9. Pour moi cette nouvelle etait dramatique. J&rsquo;ai eu une grossesse id\u00e9ale. Et l\u00e0 le choc&#8230;. Je n&rsquo;est pas l&rsquo;impression d&rsquo;avoir accouch\u00e9 , je m&rsquo;en veux enormement , je me sens responsable.Mais si ma cesarienne c&rsquo;est tres bien pass\u00e9. Encore aujourd&rsquo;huit au bout de 4 mois , je n&rsquo;arrive pas \u00e0 me l&rsquo;enlev\u00e9 de la tete. J&rsquo;envie les femmes qui accouche","og_url":"https:\/\/www.neufmois.fr\/les-confessions\/accouchement-cesarienne","og_site_name":"Les confessions","article_published_time":"2012-03-26T15:29:00+00:00","author":"maman anonyme","twitter_card":"summary_large_image","twitter_misc":{"\u00c9crit par":"maman anonyme","Dur\u00e9e de lecture estim\u00e9e":"1 minute"},"schema":{"@context":"https:\/\/schema.org","@graph":[{"@type":"WebPage","@id":"https:\/\/www.neufmois.fr\/les-confessions\/accouchement-cesarienne","url":"https:\/\/www.neufmois.fr\/les-confessions\/accouchement-cesarienne","name":"accouchement c\u00e9sarienne - Les confessions","isPartOf":{"@id":"https:\/\/www.neufmois.fr\/les-confessions\/#website"},"datePublished":"2012-03-26T15:29:00+00:00","dateModified":"2012-03-26T15:29:00+00:00","author":{"@id":"https:\/\/www.neufmois.fr\/les-confessions\/#\/schema\/person\/893fe127c653ae6741f53a67962f8b5d"},"breadcrumb":{"@id":"https:\/\/www.neufmois.fr\/les-confessions\/accouchement-cesarienne#breadcrumb"},"inLanguage":"fr-FR","potentialAction":[{"@type":"ReadAction","target":["https:\/\/www.neufmois.fr\/les-confessions\/accouchement-cesarienne"]}]},{"@type":"BreadcrumbList","@id":"https:\/\/www.neufmois.fr\/les-confessions\/accouchement-cesarienne#breadcrumb","itemListElement":[{"@type":"ListItem","position":1,"name":"Accueil","item":"https:\/\/www.neufmois.fr\/les-confessions\/"},{"@type":"ListItem","position":2,"name":"accouchement c\u00e9sarienne"}]},{"@type":"WebSite","@id":"https:\/\/www.neufmois.fr\/les-confessions\/#website","url":"https:\/\/www.neufmois.fr\/les-confessions\/","name":"Les confessions","description":" Les confessions","potentialAction":[{"@type":"SearchAction","target":{"@type":"EntryPoint","urlTemplate":"https:\/\/www.neufmois.fr\/les-confessions\/?s={search_term_string}"},"query-input":"required name=search_term_string"}],"inLanguage":"fr-FR"},{"@type":"Person","@id":"https:\/\/www.neufmois.fr\/les-confessions\/#\/schema\/person\/893fe127c653ae6741f53a67962f8b5d","name":"maman anonyme","image":{"@type":"ImageObject","inLanguage":"fr-FR","@id":"https:\/\/www.neufmois.fr\/les-confessions\/#\/schema\/person\/image\/","url":"https:\/\/secure.gravatar.com\/avatar\/e4b3abeefeb17983433f333a4c54f394?s=96&d=mm&r=g","contentUrl":"https:\/\/secure.gravatar.com\/avatar\/e4b3abeefeb17983433f333a4c54f394?s=96&d=mm&r=g","caption":"maman anonyme"},"url":"https:\/\/www.neufmois.fr\/les-confessions\/author\/anonyme"}]}},"amp_enabled":true,"_links":{"self":[{"href":"https:\/\/www.neufmois.fr\/les-confessions\/wp-json\/wp\/v2\/posts\/212"}],"collection":[{"href":"https:\/\/www.neufmois.fr\/les-confessions\/wp-json\/wp\/v2\/posts"}],"about":[{"href":"https:\/\/www.neufmois.fr\/les-confessions\/wp-json\/wp\/v2\/types\/post"}],"author":[{"embeddable":true,"href":"https:\/\/www.neufmois.fr\/les-confessions\/wp-json\/wp\/v2\/users\/461446"}],"replies":[{"embeddable":true,"href":"https:\/\/www.neufmois.fr\/les-confessions\/wp-json\/wp\/v2\/comments?post=212"}],"version-history":[{"count":0,"href":"https:\/\/www.neufmois.fr\/les-confessions\/wp-json\/wp\/v2\/posts\/212\/revisions"}],"wp:attachment":[{"href":"https:\/\/www.neufmois.fr\/les-confessions\/wp-json\/wp\/v2\/media?parent=212"}],"wp:term":[{"taxonomy":"category","embeddable":true,"href":"https:\/\/www.neufmois.fr\/les-confessions\/wp-json\/wp\/v2\/categories?post=212"},{"taxonomy":"post_tag","embeddable":true,"href":"https:\/\/www.neufmois.fr\/les-confessions\/wp-json\/wp\/v2\/tags?post=212"}],"curies":[{"name":"wp","href":"https:\/\/api.w.org\/{rel}","templated":true}]}}