{"id":208,"date":"2012-04-09T09:10:00","date_gmt":"2012-04-09T09:10:00","guid":{"rendered":"https:\/\/www.neufmois.fr\/les-confessions\/?p=208"},"modified":"2012-04-09T09:10:00","modified_gmt":"2012-04-09T09:10:00","slug":"je-nen-peux-plus","status":"publish","type":"post","link":"https:\/\/www.neufmois.fr\/les-confessions\/je-nen-peux-plus","title":{"rendered":"Je n&rsquo;en peux plus&#8230;."},"content":{"rendered":"<p>J&rsquo;ai 2 magnifiques b\u00e9b\u00e9s de 2 an et demi et 11 mois, et un merveilleux mari qui est en d\u00e9placement pour 3 mois \u00e0 l&rsquo;\u00e9tranger. Tout semble g\u00e9nial, mais moi, je suis au bord de la crise de nerfs&#8230; je n&rsquo;en peux plus, c&rsquo;est terrible. Je suis actuellement chez mes parents, car nous sommes expatri\u00e9s et notre prochaine destination est pr\u00e9vue pour juillet, donc en attendant, mon mari est parti sur une mission de 3 mois et les enfants et moi sommes de retour en France pour ce laps de temps, et donc chez mes parents, ce qui n&rsquo;est pas du tout \u00e9vident.<br \/>\nJ&rsquo;ai l&rsquo;impression de ne pas m&rsquo;en sortir avec les petits: je m&rsquo;occupe d&rsquo;eux, d&rsquo;une mani\u00e8re de plus en plus m\u00e9canique, rituelle, et j&rsquo;ai la sensation de ne plus partager de moments tendres, droles, complices. Les journ\u00e9es se suivent et se ressemblent: r\u00e9veil, bibs, petit dej, sieste du matin, r\u00e9veil, bain, dejeuner, sieste de l&rsquo;apr\u00e8s-midi, gouter, promenade, diner, coucher. Tout cela entre-coup\u00e9 de cris, de pleurs (les miens venant s&rsquo;ajouter \u00e0 ceux des enfants depuis hier), de protestations, de conflits, de refus,etc. La journ\u00e9e s&rsquo;enchainent et je n&rsquo;ai pas le temps de jouer, ou de caliner mes enfants. Je me fais l&rsquo;effet d&rsquo;\u00eatre une gardienne! et c&rsquo;est horrible. Ma fille r\u00e9clame sans cesse d&rsquo;\u00eatre avec mamie, ce qui me fait me sentir encore plus une m\u00e8re compl\u00e9tement pourrie&#8230; c&rsquo;est vraiment dur&#8230; en plus je suis tr\u00e8s fatigu\u00e9e. Je fais la sieste l&rsquo;apr\u00e8s-midi en m\u00eame telmps qu&rsquo;eux, mais cela ne compense pas le manque de sommeil et la fatigue physique (mal de dos continu). Mon mari me manque beaucoup. Je n&rsquo;arrive pas \u00e0 voir une lueur dans ces t\u00e9n\u00e9bres et je sens que je m&rsquo;enfonce doucement un peu plus chaque jour.<br \/>\nJuste savoir que je ne suis pas seule dans ce cas me fait du bien, m\u00eame si \u00e7a ne change rien \u00e0 la situation.<br \/>\nMerci par avance pour vos messages.<br \/>\nL.<\/p>\n","protected":false},"excerpt":{"rendered":"<p>J&rsquo;ai 2 magnifiques b\u00e9b\u00e9s de 2 an et demi et 11 mois, et un merveilleux mari qui est en d\u00e9placement pour 3 mois \u00e0 l&rsquo;\u00e9tranger. Tout semble g\u00e9nial, mais moi, je suis au bord de la crise de nerfs&#8230; je n&rsquo;en peux plus, c&rsquo;est terrible. Je suis actuellement chez mes parents, car nous sommes expatri\u00e9s et notre prochaine destination est pr\u00e9vue pour juillet, donc en attendant, mon mari est parti sur une mission de 3 mois et les enfants et moi sommes de retour en France pour ce laps de<\/p>\n","protected":false},"author":461446,"featured_media":0,"comment_status":"open","ping_status":"open","sticky":false,"template":"","format":"standard","meta":[],"categories":[1],"tags":[],"yoast_head":"<!-- This site is optimized with the Yoast SEO plugin v20.4 - https:\/\/yoast.com\/wordpress\/plugins\/seo\/ -->\n<title>Je n&#039;en peux plus.... - Les confessions<\/title>\n<meta name=\"robots\" content=\"index, follow, max-snippet:-1, max-image-preview:large, max-video-preview:-1\" \/>\n<link rel=\"canonical\" href=\"https:\/\/www.neufmois.fr\/les-confessions\/je-nen-peux-plus\" \/>\n<meta property=\"og:locale\" content=\"fr_FR\" \/>\n<meta property=\"og:type\" content=\"article\" \/>\n<meta property=\"og:title\" content=\"Je n&#039;en peux plus.... - Les confessions\" \/>\n<meta property=\"og:description\" content=\"J&rsquo;ai 2 magnifiques b\u00e9b\u00e9s de 2 an et demi et 11 mois, et un merveilleux mari qui est en d\u00e9placement pour 3 mois \u00e0 l&rsquo;\u00e9tranger. Tout semble g\u00e9nial, mais moi, je suis au bord de la crise de nerfs&#8230; je n&rsquo;en peux plus, c&rsquo;est terrible. Je suis actuellement chez mes parents, car nous sommes expatri\u00e9s et notre prochaine destination est pr\u00e9vue pour juillet, donc en attendant, mon mari est parti sur une mission de 3 mois et les enfants et moi sommes de retour en France pour ce laps de\" \/>\n<meta property=\"og:url\" content=\"https:\/\/www.neufmois.fr\/les-confessions\/je-nen-peux-plus\" \/>\n<meta property=\"og:site_name\" content=\"Les confessions\" \/>\n<meta property=\"article:published_time\" content=\"2012-04-09T09:10:00+00:00\" \/>\n<meta name=\"author\" content=\"maman anonyme\" \/>\n<meta name=\"twitter:card\" content=\"summary_large_image\" \/>\n<meta name=\"twitter:label1\" content=\"\u00c9crit par\" \/>\n\t<meta name=\"twitter:data1\" content=\"maman anonyme\" \/>\n\t<meta name=\"twitter:label2\" content=\"Dur\u00e9e de lecture estim\u00e9e\" \/>\n\t<meta name=\"twitter:data2\" content=\"2 minutes\" \/>\n<script type=\"application\/ld+json\" class=\"yoast-schema-graph\">{\"@context\":\"https:\/\/schema.org\",\"@graph\":[{\"@type\":\"WebPage\",\"@id\":\"https:\/\/www.neufmois.fr\/les-confessions\/je-nen-peux-plus\",\"url\":\"https:\/\/www.neufmois.fr\/les-confessions\/je-nen-peux-plus\",\"name\":\"Je n'en peux plus.... - Les confessions\",\"isPartOf\":{\"@id\":\"https:\/\/www.neufmois.fr\/les-confessions\/#website\"},\"datePublished\":\"2012-04-09T09:10:00+00:00\",\"dateModified\":\"2012-04-09T09:10:00+00:00\",\"author\":{\"@id\":\"https:\/\/www.neufmois.fr\/les-confessions\/#\/schema\/person\/893fe127c653ae6741f53a67962f8b5d\"},\"breadcrumb\":{\"@id\":\"https:\/\/www.neufmois.fr\/les-confessions\/je-nen-peux-plus#breadcrumb\"},\"inLanguage\":\"fr-FR\",\"potentialAction\":[{\"@type\":\"ReadAction\",\"target\":[\"https:\/\/www.neufmois.fr\/les-confessions\/je-nen-peux-plus\"]}]},{\"@type\":\"BreadcrumbList\",\"@id\":\"https:\/\/www.neufmois.fr\/les-confessions\/je-nen-peux-plus#breadcrumb\",\"itemListElement\":[{\"@type\":\"ListItem\",\"position\":1,\"name\":\"Accueil\",\"item\":\"https:\/\/www.neufmois.fr\/les-confessions\/\"},{\"@type\":\"ListItem\",\"position\":2,\"name\":\"Je n&rsquo;en peux plus&#8230;.\"}]},{\"@type\":\"WebSite\",\"@id\":\"https:\/\/www.neufmois.fr\/les-confessions\/#website\",\"url\":\"https:\/\/www.neufmois.fr\/les-confessions\/\",\"name\":\"Les confessions\",\"description\":\" Les confessions\",\"potentialAction\":[{\"@type\":\"SearchAction\",\"target\":{\"@type\":\"EntryPoint\",\"urlTemplate\":\"https:\/\/www.neufmois.fr\/les-confessions\/?s={search_term_string}\"},\"query-input\":\"required name=search_term_string\"}],\"inLanguage\":\"fr-FR\"},{\"@type\":\"Person\",\"@id\":\"https:\/\/www.neufmois.fr\/les-confessions\/#\/schema\/person\/893fe127c653ae6741f53a67962f8b5d\",\"name\":\"maman anonyme\",\"image\":{\"@type\":\"ImageObject\",\"inLanguage\":\"fr-FR\",\"@id\":\"https:\/\/www.neufmois.fr\/les-confessions\/#\/schema\/person\/image\/\",\"url\":\"https:\/\/secure.gravatar.com\/avatar\/e4b3abeefeb17983433f333a4c54f394?s=96&d=mm&r=g\",\"contentUrl\":\"https:\/\/secure.gravatar.com\/avatar\/e4b3abeefeb17983433f333a4c54f394?s=96&d=mm&r=g\",\"caption\":\"maman anonyme\"},\"url\":\"https:\/\/www.neufmois.fr\/les-confessions\/author\/anonyme\"}]}<\/script>\n<!-- \/ Yoast SEO plugin. -->","yoast_head_json":{"title":"Je n'en peux plus.... - Les confessions","robots":{"index":"index","follow":"follow","max-snippet":"max-snippet:-1","max-image-preview":"max-image-preview:large","max-video-preview":"max-video-preview:-1"},"canonical":"https:\/\/www.neufmois.fr\/les-confessions\/je-nen-peux-plus","og_locale":"fr_FR","og_type":"article","og_title":"Je n'en peux plus.... - Les confessions","og_description":"J&rsquo;ai 2 magnifiques b\u00e9b\u00e9s de 2 an et demi et 11 mois, et un merveilleux mari qui est en d\u00e9placement pour 3 mois \u00e0 l&rsquo;\u00e9tranger. Tout semble g\u00e9nial, mais moi, je suis au bord de la crise de nerfs&#8230; je n&rsquo;en peux plus, c&rsquo;est terrible. Je suis actuellement chez mes parents, car nous sommes expatri\u00e9s et notre prochaine destination est pr\u00e9vue pour juillet, donc en attendant, mon mari est parti sur une mission de 3 mois et les enfants et moi sommes de retour en France pour ce laps de","og_url":"https:\/\/www.neufmois.fr\/les-confessions\/je-nen-peux-plus","og_site_name":"Les confessions","article_published_time":"2012-04-09T09:10:00+00:00","author":"maman anonyme","twitter_card":"summary_large_image","twitter_misc":{"\u00c9crit par":"maman anonyme","Dur\u00e9e de lecture estim\u00e9e":"2 minutes"},"schema":{"@context":"https:\/\/schema.org","@graph":[{"@type":"WebPage","@id":"https:\/\/www.neufmois.fr\/les-confessions\/je-nen-peux-plus","url":"https:\/\/www.neufmois.fr\/les-confessions\/je-nen-peux-plus","name":"Je n'en peux plus.... - Les confessions","isPartOf":{"@id":"https:\/\/www.neufmois.fr\/les-confessions\/#website"},"datePublished":"2012-04-09T09:10:00+00:00","dateModified":"2012-04-09T09:10:00+00:00","author":{"@id":"https:\/\/www.neufmois.fr\/les-confessions\/#\/schema\/person\/893fe127c653ae6741f53a67962f8b5d"},"breadcrumb":{"@id":"https:\/\/www.neufmois.fr\/les-confessions\/je-nen-peux-plus#breadcrumb"},"inLanguage":"fr-FR","potentialAction":[{"@type":"ReadAction","target":["https:\/\/www.neufmois.fr\/les-confessions\/je-nen-peux-plus"]}]},{"@type":"BreadcrumbList","@id":"https:\/\/www.neufmois.fr\/les-confessions\/je-nen-peux-plus#breadcrumb","itemListElement":[{"@type":"ListItem","position":1,"name":"Accueil","item":"https:\/\/www.neufmois.fr\/les-confessions\/"},{"@type":"ListItem","position":2,"name":"Je n&rsquo;en peux plus&#8230;."}]},{"@type":"WebSite","@id":"https:\/\/www.neufmois.fr\/les-confessions\/#website","url":"https:\/\/www.neufmois.fr\/les-confessions\/","name":"Les confessions","description":" Les confessions","potentialAction":[{"@type":"SearchAction","target":{"@type":"EntryPoint","urlTemplate":"https:\/\/www.neufmois.fr\/les-confessions\/?s={search_term_string}"},"query-input":"required name=search_term_string"}],"inLanguage":"fr-FR"},{"@type":"Person","@id":"https:\/\/www.neufmois.fr\/les-confessions\/#\/schema\/person\/893fe127c653ae6741f53a67962f8b5d","name":"maman anonyme","image":{"@type":"ImageObject","inLanguage":"fr-FR","@id":"https:\/\/www.neufmois.fr\/les-confessions\/#\/schema\/person\/image\/","url":"https:\/\/secure.gravatar.com\/avatar\/e4b3abeefeb17983433f333a4c54f394?s=96&d=mm&r=g","contentUrl":"https:\/\/secure.gravatar.com\/avatar\/e4b3abeefeb17983433f333a4c54f394?s=96&d=mm&r=g","caption":"maman anonyme"},"url":"https:\/\/www.neufmois.fr\/les-confessions\/author\/anonyme"}]}},"amp_enabled":true,"_links":{"self":[{"href":"https:\/\/www.neufmois.fr\/les-confessions\/wp-json\/wp\/v2\/posts\/208"}],"collection":[{"href":"https:\/\/www.neufmois.fr\/les-confessions\/wp-json\/wp\/v2\/posts"}],"about":[{"href":"https:\/\/www.neufmois.fr\/les-confessions\/wp-json\/wp\/v2\/types\/post"}],"author":[{"embeddable":true,"href":"https:\/\/www.neufmois.fr\/les-confessions\/wp-json\/wp\/v2\/users\/461446"}],"replies":[{"embeddable":true,"href":"https:\/\/www.neufmois.fr\/les-confessions\/wp-json\/wp\/v2\/comments?post=208"}],"version-history":[{"count":0,"href":"https:\/\/www.neufmois.fr\/les-confessions\/wp-json\/wp\/v2\/posts\/208\/revisions"}],"wp:attachment":[{"href":"https:\/\/www.neufmois.fr\/les-confessions\/wp-json\/wp\/v2\/media?parent=208"}],"wp:term":[{"taxonomy":"category","embeddable":true,"href":"https:\/\/www.neufmois.fr\/les-confessions\/wp-json\/wp\/v2\/categories?post=208"},{"taxonomy":"post_tag","embeddable":true,"href":"https:\/\/www.neufmois.fr\/les-confessions\/wp-json\/wp\/v2\/tags?post=208"}],"curies":[{"name":"wp","href":"https:\/\/api.w.org\/{rel}","templated":true}]}}