{"id":207,"date":"2012-04-10T00:05:00","date_gmt":"2012-04-10T00:05:00","guid":{"rendered":"https:\/\/www.neufmois.fr\/les-confessions\/?p=207"},"modified":"2012-04-10T00:05:00","modified_gmt":"2012-04-10T00:05:00","slug":"grossesse-ou-regle-a-vorte-avis","status":"publish","type":"post","link":"https:\/\/www.neufmois.fr\/les-confessions\/grossesse-ou-regle-a-vorte-avis","title":{"rendered":"grossesse ou regle a vorte avis"},"content":{"rendered":"<p>Bonjour a toute<br \/>\nJe voudrais avoir une aide<br \/>\nMal de le bas de ventre o niveau des ovaires et mal au sein au mamelon mais dernier r\u00e8gle \u00e9t\u00e9 le 18 mars mais j\u2019avais encor mon implant que j\u2019ai fait retirer 9jours apr\u00e8s donc le 27mars et je voulais savoir si vous penser que sa pourrais \u00eatre un signe de grossesse ou un signe de r\u00e8gle pour info je d\u00e9sire avoir un b\u00e9b\u00e9 don le retrais de  l implant merci de me donner votre avis  <\/p>\n","protected":false},"excerpt":{"rendered":"<p>Bonjour a toute Je voudrais avoir une aide Mal de le bas de ventre o niveau des ovaires et mal au sein au mamelon mais dernier r\u00e8gle \u00e9t\u00e9 le 18 mars mais j\u2019avais encor mon implant que j\u2019ai fait retirer 9jours apr\u00e8s donc le 27mars et je voulais savoir si vous penser que sa pourrais \u00eatre un signe de grossesse ou un signe de r\u00e8gle pour info je d\u00e9sire avoir un b\u00e9b\u00e9 don le retrais de l implant merci de me donner votre avis<\/p>\n","protected":false},"author":461446,"featured_media":0,"comment_status":"open","ping_status":"open","sticky":false,"template":"","format":"standard","meta":[],"categories":[1],"tags":[],"yoast_head":"<!-- This site is optimized with the Yoast SEO plugin v20.4 - https:\/\/yoast.com\/wordpress\/plugins\/seo\/ -->\n<title>grossesse ou regle a vorte avis - Les confessions<\/title>\n<meta name=\"robots\" content=\"index, follow, max-snippet:-1, max-image-preview:large, max-video-preview:-1\" \/>\n<link rel=\"canonical\" href=\"https:\/\/www.neufmois.fr\/les-confessions\/grossesse-ou-regle-a-vorte-avis\" \/>\n<meta property=\"og:locale\" content=\"fr_FR\" \/>\n<meta property=\"og:type\" content=\"article\" \/>\n<meta property=\"og:title\" content=\"grossesse ou regle a vorte avis - Les confessions\" \/>\n<meta property=\"og:description\" content=\"Bonjour a toute Je voudrais avoir une aide Mal de le bas de ventre o niveau des ovaires et mal au sein au mamelon mais dernier r\u00e8gle \u00e9t\u00e9 le 18 mars mais j\u2019avais encor mon implant que j\u2019ai fait retirer 9jours apr\u00e8s donc le 27mars et je voulais savoir si vous penser que sa pourrais \u00eatre un signe de grossesse ou un signe de r\u00e8gle pour info je d\u00e9sire avoir un b\u00e9b\u00e9 don le retrais de l implant merci de me donner votre avis\" \/>\n<meta property=\"og:url\" content=\"https:\/\/www.neufmois.fr\/les-confessions\/grossesse-ou-regle-a-vorte-avis\" \/>\n<meta property=\"og:site_name\" content=\"Les confessions\" \/>\n<meta property=\"article:published_time\" content=\"2012-04-10T00:05:00+00:00\" \/>\n<meta name=\"author\" content=\"maman anonyme\" \/>\n<meta name=\"twitter:card\" content=\"summary_large_image\" \/>\n<meta name=\"twitter:label1\" content=\"\u00c9crit par\" \/>\n\t<meta name=\"twitter:data1\" content=\"maman anonyme\" \/>\n<script type=\"application\/ld+json\" class=\"yoast-schema-graph\">{\"@context\":\"https:\/\/schema.org\",\"@graph\":[{\"@type\":\"WebPage\",\"@id\":\"https:\/\/www.neufmois.fr\/les-confessions\/grossesse-ou-regle-a-vorte-avis\",\"url\":\"https:\/\/www.neufmois.fr\/les-confessions\/grossesse-ou-regle-a-vorte-avis\",\"name\":\"grossesse ou regle a vorte avis - Les confessions\",\"isPartOf\":{\"@id\":\"https:\/\/www.neufmois.fr\/les-confessions\/#website\"},\"datePublished\":\"2012-04-10T00:05:00+00:00\",\"dateModified\":\"2012-04-10T00:05:00+00:00\",\"author\":{\"@id\":\"https:\/\/www.neufmois.fr\/les-confessions\/#\/schema\/person\/893fe127c653ae6741f53a67962f8b5d\"},\"breadcrumb\":{\"@id\":\"https:\/\/www.neufmois.fr\/les-confessions\/grossesse-ou-regle-a-vorte-avis#breadcrumb\"},\"inLanguage\":\"fr-FR\",\"potentialAction\":[{\"@type\":\"ReadAction\",\"target\":[\"https:\/\/www.neufmois.fr\/les-confessions\/grossesse-ou-regle-a-vorte-avis\"]}]},{\"@type\":\"BreadcrumbList\",\"@id\":\"https:\/\/www.neufmois.fr\/les-confessions\/grossesse-ou-regle-a-vorte-avis#breadcrumb\",\"itemListElement\":[{\"@type\":\"ListItem\",\"position\":1,\"name\":\"Accueil\",\"item\":\"https:\/\/www.neufmois.fr\/les-confessions\/\"},{\"@type\":\"ListItem\",\"position\":2,\"name\":\"grossesse ou regle a vorte avis\"}]},{\"@type\":\"WebSite\",\"@id\":\"https:\/\/www.neufmois.fr\/les-confessions\/#website\",\"url\":\"https:\/\/www.neufmois.fr\/les-confessions\/\",\"name\":\"Les confessions\",\"description\":\" Les confessions\",\"potentialAction\":[{\"@type\":\"SearchAction\",\"target\":{\"@type\":\"EntryPoint\",\"urlTemplate\":\"https:\/\/www.neufmois.fr\/les-confessions\/?s={search_term_string}\"},\"query-input\":\"required name=search_term_string\"}],\"inLanguage\":\"fr-FR\"},{\"@type\":\"Person\",\"@id\":\"https:\/\/www.neufmois.fr\/les-confessions\/#\/schema\/person\/893fe127c653ae6741f53a67962f8b5d\",\"name\":\"maman anonyme\",\"image\":{\"@type\":\"ImageObject\",\"inLanguage\":\"fr-FR\",\"@id\":\"https:\/\/www.neufmois.fr\/les-confessions\/#\/schema\/person\/image\/\",\"url\":\"https:\/\/secure.gravatar.com\/avatar\/e4b3abeefeb17983433f333a4c54f394?s=96&d=mm&r=g\",\"contentUrl\":\"https:\/\/secure.gravatar.com\/avatar\/e4b3abeefeb17983433f333a4c54f394?s=96&d=mm&r=g\",\"caption\":\"maman anonyme\"},\"url\":\"https:\/\/www.neufmois.fr\/les-confessions\/author\/anonyme\"}]}<\/script>\n<!-- \/ Yoast SEO plugin. -->","yoast_head_json":{"title":"grossesse ou regle a vorte avis - Les confessions","robots":{"index":"index","follow":"follow","max-snippet":"max-snippet:-1","max-image-preview":"max-image-preview:large","max-video-preview":"max-video-preview:-1"},"canonical":"https:\/\/www.neufmois.fr\/les-confessions\/grossesse-ou-regle-a-vorte-avis","og_locale":"fr_FR","og_type":"article","og_title":"grossesse ou regle a vorte avis - Les confessions","og_description":"Bonjour a toute Je voudrais avoir une aide Mal de le bas de ventre o niveau des ovaires et mal au sein au mamelon mais dernier r\u00e8gle \u00e9t\u00e9 le 18 mars mais j\u2019avais encor mon implant que j\u2019ai fait retirer 9jours apr\u00e8s donc le 27mars et je voulais savoir si vous penser que sa pourrais \u00eatre un signe de grossesse ou un signe de r\u00e8gle pour info je d\u00e9sire avoir un b\u00e9b\u00e9 don le retrais de l implant merci de me donner votre avis","og_url":"https:\/\/www.neufmois.fr\/les-confessions\/grossesse-ou-regle-a-vorte-avis","og_site_name":"Les confessions","article_published_time":"2012-04-10T00:05:00+00:00","author":"maman anonyme","twitter_card":"summary_large_image","twitter_misc":{"\u00c9crit par":"maman anonyme"},"schema":{"@context":"https:\/\/schema.org","@graph":[{"@type":"WebPage","@id":"https:\/\/www.neufmois.fr\/les-confessions\/grossesse-ou-regle-a-vorte-avis","url":"https:\/\/www.neufmois.fr\/les-confessions\/grossesse-ou-regle-a-vorte-avis","name":"grossesse ou regle a vorte avis - Les confessions","isPartOf":{"@id":"https:\/\/www.neufmois.fr\/les-confessions\/#website"},"datePublished":"2012-04-10T00:05:00+00:00","dateModified":"2012-04-10T00:05:00+00:00","author":{"@id":"https:\/\/www.neufmois.fr\/les-confessions\/#\/schema\/person\/893fe127c653ae6741f53a67962f8b5d"},"breadcrumb":{"@id":"https:\/\/www.neufmois.fr\/les-confessions\/grossesse-ou-regle-a-vorte-avis#breadcrumb"},"inLanguage":"fr-FR","potentialAction":[{"@type":"ReadAction","target":["https:\/\/www.neufmois.fr\/les-confessions\/grossesse-ou-regle-a-vorte-avis"]}]},{"@type":"BreadcrumbList","@id":"https:\/\/www.neufmois.fr\/les-confessions\/grossesse-ou-regle-a-vorte-avis#breadcrumb","itemListElement":[{"@type":"ListItem","position":1,"name":"Accueil","item":"https:\/\/www.neufmois.fr\/les-confessions\/"},{"@type":"ListItem","position":2,"name":"grossesse ou regle a vorte avis"}]},{"@type":"WebSite","@id":"https:\/\/www.neufmois.fr\/les-confessions\/#website","url":"https:\/\/www.neufmois.fr\/les-confessions\/","name":"Les confessions","description":" Les confessions","potentialAction":[{"@type":"SearchAction","target":{"@type":"EntryPoint","urlTemplate":"https:\/\/www.neufmois.fr\/les-confessions\/?s={search_term_string}"},"query-input":"required name=search_term_string"}],"inLanguage":"fr-FR"},{"@type":"Person","@id":"https:\/\/www.neufmois.fr\/les-confessions\/#\/schema\/person\/893fe127c653ae6741f53a67962f8b5d","name":"maman anonyme","image":{"@type":"ImageObject","inLanguage":"fr-FR","@id":"https:\/\/www.neufmois.fr\/les-confessions\/#\/schema\/person\/image\/","url":"https:\/\/secure.gravatar.com\/avatar\/e4b3abeefeb17983433f333a4c54f394?s=96&d=mm&r=g","contentUrl":"https:\/\/secure.gravatar.com\/avatar\/e4b3abeefeb17983433f333a4c54f394?s=96&d=mm&r=g","caption":"maman anonyme"},"url":"https:\/\/www.neufmois.fr\/les-confessions\/author\/anonyme"}]}},"amp_enabled":true,"_links":{"self":[{"href":"https:\/\/www.neufmois.fr\/les-confessions\/wp-json\/wp\/v2\/posts\/207"}],"collection":[{"href":"https:\/\/www.neufmois.fr\/les-confessions\/wp-json\/wp\/v2\/posts"}],"about":[{"href":"https:\/\/www.neufmois.fr\/les-confessions\/wp-json\/wp\/v2\/types\/post"}],"author":[{"embeddable":true,"href":"https:\/\/www.neufmois.fr\/les-confessions\/wp-json\/wp\/v2\/users\/461446"}],"replies":[{"embeddable":true,"href":"https:\/\/www.neufmois.fr\/les-confessions\/wp-json\/wp\/v2\/comments?post=207"}],"version-history":[{"count":0,"href":"https:\/\/www.neufmois.fr\/les-confessions\/wp-json\/wp\/v2\/posts\/207\/revisions"}],"wp:attachment":[{"href":"https:\/\/www.neufmois.fr\/les-confessions\/wp-json\/wp\/v2\/media?parent=207"}],"wp:term":[{"taxonomy":"category","embeddable":true,"href":"https:\/\/www.neufmois.fr\/les-confessions\/wp-json\/wp\/v2\/categories?post=207"},{"taxonomy":"post_tag","embeddable":true,"href":"https:\/\/www.neufmois.fr\/les-confessions\/wp-json\/wp\/v2\/tags?post=207"}],"curies":[{"name":"wp","href":"https:\/\/api.w.org\/{rel}","templated":true}]}}