{"id":202,"date":"2012-04-23T13:49:00","date_gmt":"2012-04-23T13:49:00","guid":{"rendered":"https:\/\/www.neufmois.fr\/les-confessions\/?p=202"},"modified":"2012-04-23T13:49:00","modified_gmt":"2012-04-23T13:49:00","slug":"union-libre-partir-ou-pas","status":"publish","type":"post","link":"https:\/\/www.neufmois.fr\/les-confessions\/union-libre-partir-ou-pas","title":{"rendered":"UNION LIBRE PARTIR OU PAS"},"content":{"rendered":"<p>Je vis avec mon conjoint depuis 5 ans, nous avons 2 enfants moi 2 garcons de 17 et 10 ans lui 2 filles de 13 et 10 ans chacun d&rsquo;une pr\u00e9c\u00e9dentes unions et un petit gar\u00e7on de 3 ans ensemble. Mon 1er est parti vivre vivre chez sons pere depuis septembre 2011 et sa grande depuis janvier 2012 apres m&rsquo;avoir pourri la vie pendant 5 ans, mon conjoint ne supporte pas mon 2\u00e8me garcon, il dit qu&rsquo;il est mou qu&rsquo;il est bete et j&rsquo;en passe, moi sa 2 fille est en train de suivre le meme chemin que sa soeur, elle me r\u00e9ponds, souffle quand je parle, l\u00e9ve les yeux au ciel et beaucoup d&rsquo;autre que je passe. Quand les 2 grands son parti je me suis dis que cela irai mieux mais rien ne change maintenant je ne supporte plus sa fille quand elle vient tous les 15 jours je lui est dis que je ne l&rsquo;aimai pas et elle l&rsquo;a dis a son pere qu&rsquo;elle ne m&rsquo;aimai pas non plus. mais le plus gros probleme c&rsquo;est que je crois que tous ces problemes on jouer sur moi et mon amour que je lui porte, je ne supporte plus qu&rsquo;il me touche, meme un bisous me derange, je ne reve que de partir, depuis janvier quand sa fille est parti il y a eu de tres gros probleme entre moi sa famille, la mere des filles et je ne supporte plus tous ca.  Je voudrai partir mais il y a notre enfant car je ne connais personne ici et si je pars je voudrai retourner dans ma region la bretagne qui est a 600km. pour ces filles ces lui qui avait eu la garde et j&rsquo;ai peur qu&rsquo;il ne me laisse pas mon petit car je vais n&rsquo;aurai pas de travail si je pars et je vais chez ma m\u00e8re, et comment faire pour la maison je l&rsquo;ai d\u00e9cid\u00e9 de vendre mais je ne lui est pas dis que je voulai partir je lui est dis que la maison \u00e9tais trop grande. Je ne suis pas rentr\u00e9 dans les d\u00e9tails car se serrai trop long. si vous avez des conseils je suis preneuse. merci d&rsquo;avance<\/p>\n","protected":false},"excerpt":{"rendered":"<p>Je vis avec mon conjoint depuis 5 ans, nous avons 2 enfants moi 2 garcons de 17 et 10 ans lui 2 filles de 13 et 10 ans chacun d&rsquo;une pr\u00e9c\u00e9dentes unions et un petit gar\u00e7on de 3 ans ensemble. Mon 1er est parti vivre vivre chez sons pere depuis septembre 2011 et sa grande depuis janvier 2012 apres m&rsquo;avoir pourri la vie pendant 5 ans, mon conjoint ne supporte pas mon 2\u00e8me garcon, il dit qu&rsquo;il est mou qu&rsquo;il est bete et j&rsquo;en passe, moi sa 2 fille est<\/p>\n","protected":false},"author":461446,"featured_media":0,"comment_status":"open","ping_status":"open","sticky":false,"template":"","format":"standard","meta":[],"categories":[1],"tags":[],"yoast_head":"<!-- This site is optimized with the Yoast SEO plugin v20.4 - https:\/\/yoast.com\/wordpress\/plugins\/seo\/ -->\n<title>UNION LIBRE PARTIR OU PAS - Les confessions<\/title>\n<meta name=\"robots\" content=\"index, follow, max-snippet:-1, max-image-preview:large, max-video-preview:-1\" \/>\n<link rel=\"canonical\" href=\"https:\/\/www.neufmois.fr\/les-confessions\/union-libre-partir-ou-pas\" \/>\n<meta property=\"og:locale\" content=\"fr_FR\" \/>\n<meta property=\"og:type\" content=\"article\" \/>\n<meta property=\"og:title\" content=\"UNION LIBRE PARTIR OU PAS - Les confessions\" \/>\n<meta property=\"og:description\" content=\"Je vis avec mon conjoint depuis 5 ans, nous avons 2 enfants moi 2 garcons de 17 et 10 ans lui 2 filles de 13 et 10 ans chacun d&rsquo;une pr\u00e9c\u00e9dentes unions et un petit gar\u00e7on de 3 ans ensemble. Mon 1er est parti vivre vivre chez sons pere depuis septembre 2011 et sa grande depuis janvier 2012 apres m&rsquo;avoir pourri la vie pendant 5 ans, mon conjoint ne supporte pas mon 2\u00e8me garcon, il dit qu&rsquo;il est mou qu&rsquo;il est bete et j&rsquo;en passe, moi sa 2 fille est\" \/>\n<meta property=\"og:url\" content=\"https:\/\/www.neufmois.fr\/les-confessions\/union-libre-partir-ou-pas\" \/>\n<meta property=\"og:site_name\" content=\"Les confessions\" \/>\n<meta property=\"article:published_time\" content=\"2012-04-23T13:49:00+00:00\" \/>\n<meta name=\"author\" content=\"maman anonyme\" \/>\n<meta name=\"twitter:card\" content=\"summary_large_image\" \/>\n<meta name=\"twitter:label1\" content=\"\u00c9crit par\" \/>\n\t<meta name=\"twitter:data1\" content=\"maman anonyme\" \/>\n\t<meta name=\"twitter:label2\" content=\"Dur\u00e9e de lecture estim\u00e9e\" \/>\n\t<meta name=\"twitter:data2\" content=\"2 minutes\" \/>\n<script type=\"application\/ld+json\" class=\"yoast-schema-graph\">{\"@context\":\"https:\/\/schema.org\",\"@graph\":[{\"@type\":\"WebPage\",\"@id\":\"https:\/\/www.neufmois.fr\/les-confessions\/union-libre-partir-ou-pas\",\"url\":\"https:\/\/www.neufmois.fr\/les-confessions\/union-libre-partir-ou-pas\",\"name\":\"UNION LIBRE PARTIR OU PAS - Les confessions\",\"isPartOf\":{\"@id\":\"https:\/\/www.neufmois.fr\/les-confessions\/#website\"},\"datePublished\":\"2012-04-23T13:49:00+00:00\",\"dateModified\":\"2012-04-23T13:49:00+00:00\",\"author\":{\"@id\":\"https:\/\/www.neufmois.fr\/les-confessions\/#\/schema\/person\/893fe127c653ae6741f53a67962f8b5d\"},\"breadcrumb\":{\"@id\":\"https:\/\/www.neufmois.fr\/les-confessions\/union-libre-partir-ou-pas#breadcrumb\"},\"inLanguage\":\"fr-FR\",\"potentialAction\":[{\"@type\":\"ReadAction\",\"target\":[\"https:\/\/www.neufmois.fr\/les-confessions\/union-libre-partir-ou-pas\"]}]},{\"@type\":\"BreadcrumbList\",\"@id\":\"https:\/\/www.neufmois.fr\/les-confessions\/union-libre-partir-ou-pas#breadcrumb\",\"itemListElement\":[{\"@type\":\"ListItem\",\"position\":1,\"name\":\"Accueil\",\"item\":\"https:\/\/www.neufmois.fr\/les-confessions\/\"},{\"@type\":\"ListItem\",\"position\":2,\"name\":\"UNION LIBRE PARTIR OU PAS\"}]},{\"@type\":\"WebSite\",\"@id\":\"https:\/\/www.neufmois.fr\/les-confessions\/#website\",\"url\":\"https:\/\/www.neufmois.fr\/les-confessions\/\",\"name\":\"Les confessions\",\"description\":\" Les confessions\",\"potentialAction\":[{\"@type\":\"SearchAction\",\"target\":{\"@type\":\"EntryPoint\",\"urlTemplate\":\"https:\/\/www.neufmois.fr\/les-confessions\/?s={search_term_string}\"},\"query-input\":\"required name=search_term_string\"}],\"inLanguage\":\"fr-FR\"},{\"@type\":\"Person\",\"@id\":\"https:\/\/www.neufmois.fr\/les-confessions\/#\/schema\/person\/893fe127c653ae6741f53a67962f8b5d\",\"name\":\"maman anonyme\",\"image\":{\"@type\":\"ImageObject\",\"inLanguage\":\"fr-FR\",\"@id\":\"https:\/\/www.neufmois.fr\/les-confessions\/#\/schema\/person\/image\/\",\"url\":\"https:\/\/secure.gravatar.com\/avatar\/e4b3abeefeb17983433f333a4c54f394?s=96&d=mm&r=g\",\"contentUrl\":\"https:\/\/secure.gravatar.com\/avatar\/e4b3abeefeb17983433f333a4c54f394?s=96&d=mm&r=g\",\"caption\":\"maman anonyme\"},\"url\":\"https:\/\/www.neufmois.fr\/les-confessions\/author\/anonyme\"}]}<\/script>\n<!-- \/ Yoast SEO plugin. -->","yoast_head_json":{"title":"UNION LIBRE PARTIR OU PAS - Les confessions","robots":{"index":"index","follow":"follow","max-snippet":"max-snippet:-1","max-image-preview":"max-image-preview:large","max-video-preview":"max-video-preview:-1"},"canonical":"https:\/\/www.neufmois.fr\/les-confessions\/union-libre-partir-ou-pas","og_locale":"fr_FR","og_type":"article","og_title":"UNION LIBRE PARTIR OU PAS - Les confessions","og_description":"Je vis avec mon conjoint depuis 5 ans, nous avons 2 enfants moi 2 garcons de 17 et 10 ans lui 2 filles de 13 et 10 ans chacun d&rsquo;une pr\u00e9c\u00e9dentes unions et un petit gar\u00e7on de 3 ans ensemble. Mon 1er est parti vivre vivre chez sons pere depuis septembre 2011 et sa grande depuis janvier 2012 apres m&rsquo;avoir pourri la vie pendant 5 ans, mon conjoint ne supporte pas mon 2\u00e8me garcon, il dit qu&rsquo;il est mou qu&rsquo;il est bete et j&rsquo;en passe, moi sa 2 fille est","og_url":"https:\/\/www.neufmois.fr\/les-confessions\/union-libre-partir-ou-pas","og_site_name":"Les confessions","article_published_time":"2012-04-23T13:49:00+00:00","author":"maman anonyme","twitter_card":"summary_large_image","twitter_misc":{"\u00c9crit par":"maman anonyme","Dur\u00e9e de lecture estim\u00e9e":"2 minutes"},"schema":{"@context":"https:\/\/schema.org","@graph":[{"@type":"WebPage","@id":"https:\/\/www.neufmois.fr\/les-confessions\/union-libre-partir-ou-pas","url":"https:\/\/www.neufmois.fr\/les-confessions\/union-libre-partir-ou-pas","name":"UNION LIBRE PARTIR OU PAS - Les confessions","isPartOf":{"@id":"https:\/\/www.neufmois.fr\/les-confessions\/#website"},"datePublished":"2012-04-23T13:49:00+00:00","dateModified":"2012-04-23T13:49:00+00:00","author":{"@id":"https:\/\/www.neufmois.fr\/les-confessions\/#\/schema\/person\/893fe127c653ae6741f53a67962f8b5d"},"breadcrumb":{"@id":"https:\/\/www.neufmois.fr\/les-confessions\/union-libre-partir-ou-pas#breadcrumb"},"inLanguage":"fr-FR","potentialAction":[{"@type":"ReadAction","target":["https:\/\/www.neufmois.fr\/les-confessions\/union-libre-partir-ou-pas"]}]},{"@type":"BreadcrumbList","@id":"https:\/\/www.neufmois.fr\/les-confessions\/union-libre-partir-ou-pas#breadcrumb","itemListElement":[{"@type":"ListItem","position":1,"name":"Accueil","item":"https:\/\/www.neufmois.fr\/les-confessions\/"},{"@type":"ListItem","position":2,"name":"UNION LIBRE PARTIR OU PAS"}]},{"@type":"WebSite","@id":"https:\/\/www.neufmois.fr\/les-confessions\/#website","url":"https:\/\/www.neufmois.fr\/les-confessions\/","name":"Les confessions","description":" Les confessions","potentialAction":[{"@type":"SearchAction","target":{"@type":"EntryPoint","urlTemplate":"https:\/\/www.neufmois.fr\/les-confessions\/?s={search_term_string}"},"query-input":"required name=search_term_string"}],"inLanguage":"fr-FR"},{"@type":"Person","@id":"https:\/\/www.neufmois.fr\/les-confessions\/#\/schema\/person\/893fe127c653ae6741f53a67962f8b5d","name":"maman anonyme","image":{"@type":"ImageObject","inLanguage":"fr-FR","@id":"https:\/\/www.neufmois.fr\/les-confessions\/#\/schema\/person\/image\/","url":"https:\/\/secure.gravatar.com\/avatar\/e4b3abeefeb17983433f333a4c54f394?s=96&d=mm&r=g","contentUrl":"https:\/\/secure.gravatar.com\/avatar\/e4b3abeefeb17983433f333a4c54f394?s=96&d=mm&r=g","caption":"maman anonyme"},"url":"https:\/\/www.neufmois.fr\/les-confessions\/author\/anonyme"}]}},"amp_enabled":true,"_links":{"self":[{"href":"https:\/\/www.neufmois.fr\/les-confessions\/wp-json\/wp\/v2\/posts\/202"}],"collection":[{"href":"https:\/\/www.neufmois.fr\/les-confessions\/wp-json\/wp\/v2\/posts"}],"about":[{"href":"https:\/\/www.neufmois.fr\/les-confessions\/wp-json\/wp\/v2\/types\/post"}],"author":[{"embeddable":true,"href":"https:\/\/www.neufmois.fr\/les-confessions\/wp-json\/wp\/v2\/users\/461446"}],"replies":[{"embeddable":true,"href":"https:\/\/www.neufmois.fr\/les-confessions\/wp-json\/wp\/v2\/comments?post=202"}],"version-history":[{"count":0,"href":"https:\/\/www.neufmois.fr\/les-confessions\/wp-json\/wp\/v2\/posts\/202\/revisions"}],"wp:attachment":[{"href":"https:\/\/www.neufmois.fr\/les-confessions\/wp-json\/wp\/v2\/media?parent=202"}],"wp:term":[{"taxonomy":"category","embeddable":true,"href":"https:\/\/www.neufmois.fr\/les-confessions\/wp-json\/wp\/v2\/categories?post=202"},{"taxonomy":"post_tag","embeddable":true,"href":"https:\/\/www.neufmois.fr\/les-confessions\/wp-json\/wp\/v2\/tags?post=202"}],"curies":[{"name":"wp","href":"https:\/\/api.w.org\/{rel}","templated":true}]}}