{"id":198,"date":"2012-05-08T20:14:00","date_gmt":"2012-05-08T20:14:00","guid":{"rendered":"https:\/\/www.neufmois.fr\/les-confessions\/?p=198"},"modified":"2012-05-08T20:14:00","modified_gmt":"2012-05-08T20:14:00","slug":"premier-bebe-et-grossesse-compliquer-physiquement-et-moralement","status":"publish","type":"post","link":"https:\/\/www.neufmois.fr\/les-confessions\/premier-bebe-et-grossesse-compliquer-physiquement-et-moralement","title":{"rendered":"premier bebe et grossesse compliquer physiquement  et moralement"},"content":{"rendered":"<p>bonjour \u00e0 toutes<\/p>\n<p>je suis enceinte de 8 mois,tout le monde me dit que je dois \u00eatre epanouie, oui j&rsquo;ai voulu ce bebe et je le veux toujours mais rien ne c&rsquo;est passe comme prevu! d&rsquo;abord j&rsquo;habite loin de famille proche, et les trois premier mois tout en travaillant en tant que serveuse, j&rsquo;avais de violentes naus\u00e9es et une responsable tres dure!Arriv\u00e9 le quatrieme mois a force de speeder j&rsquo;ai eu des contractions et tres peur de perdre ma pitchounette, je me suis retrouve cloue au lit sans jamais voir personne car je ne connais personne et mon pauvre cheri qui travaille enorme pas tres dispo, j&rsquo;ai finis par deprimer violemment, puis j&rsquo;ai enfin pue recommencer a sortir un peu mais voila je supporte pas que l&rsquo;on touche a mon ventre et je fatigue tres vite je suis devenue renferme moi si sociable et si blagueuse actuellement je vois le jour J approche et je suis morte de trouille, je me sens tres seule pas mes seules sorties son medicales et je ne connais personne avez vous des idees pour que je puisse etre plus detendus et avoir envie de bouger<\/p>\n","protected":false},"excerpt":{"rendered":"<p>bonjour \u00e0 toutes je suis enceinte de 8 mois,tout le monde me dit que je dois \u00eatre epanouie, oui j&rsquo;ai voulu ce bebe et je le veux toujours mais rien ne c&rsquo;est passe comme prevu! d&rsquo;abord j&rsquo;habite loin de famille proche, et les trois premier mois tout en travaillant en tant que serveuse, j&rsquo;avais de violentes naus\u00e9es et une responsable tres dure!Arriv\u00e9 le quatrieme mois a force de speeder j&rsquo;ai eu des contractions et tres peur de perdre ma pitchounette, je me suis retrouve cloue au lit sans jamais voir<\/p>\n","protected":false},"author":461446,"featured_media":0,"comment_status":"open","ping_status":"open","sticky":false,"template":"","format":"standard","meta":[],"categories":[1],"tags":[],"yoast_head":"<!-- This site is optimized with the Yoast SEO plugin v20.4 - https:\/\/yoast.com\/wordpress\/plugins\/seo\/ -->\n<title>premier bebe et grossesse compliquer physiquement et moralement - Les confessions<\/title>\n<meta name=\"robots\" content=\"index, follow, max-snippet:-1, max-image-preview:large, max-video-preview:-1\" \/>\n<link rel=\"canonical\" href=\"https:\/\/www.neufmois.fr\/les-confessions\/premier-bebe-et-grossesse-compliquer-physiquement-et-moralement\" \/>\n<meta property=\"og:locale\" content=\"fr_FR\" \/>\n<meta property=\"og:type\" content=\"article\" \/>\n<meta property=\"og:title\" content=\"premier bebe et grossesse compliquer physiquement et moralement - Les confessions\" \/>\n<meta property=\"og:description\" content=\"bonjour \u00e0 toutes je suis enceinte de 8 mois,tout le monde me dit que je dois \u00eatre epanouie, oui j&rsquo;ai voulu ce bebe et je le veux toujours mais rien ne c&rsquo;est passe comme prevu! d&rsquo;abord j&rsquo;habite loin de famille proche, et les trois premier mois tout en travaillant en tant que serveuse, j&rsquo;avais de violentes naus\u00e9es et une responsable tres dure!Arriv\u00e9 le quatrieme mois a force de speeder j&rsquo;ai eu des contractions et tres peur de perdre ma pitchounette, je me suis retrouve cloue au lit sans jamais voir\" \/>\n<meta property=\"og:url\" content=\"https:\/\/www.neufmois.fr\/les-confessions\/premier-bebe-et-grossesse-compliquer-physiquement-et-moralement\" \/>\n<meta property=\"og:site_name\" content=\"Les confessions\" \/>\n<meta property=\"article:published_time\" content=\"2012-05-08T20:14:00+00:00\" \/>\n<meta name=\"author\" content=\"maman anonyme\" \/>\n<meta name=\"twitter:card\" content=\"summary_large_image\" \/>\n<meta name=\"twitter:label1\" content=\"\u00c9crit par\" \/>\n\t<meta name=\"twitter:data1\" content=\"maman anonyme\" \/>\n\t<meta name=\"twitter:label2\" content=\"Dur\u00e9e de lecture estim\u00e9e\" \/>\n\t<meta name=\"twitter:data2\" content=\"1 minute\" \/>\n<script type=\"application\/ld+json\" class=\"yoast-schema-graph\">{\"@context\":\"https:\/\/schema.org\",\"@graph\":[{\"@type\":\"WebPage\",\"@id\":\"https:\/\/www.neufmois.fr\/les-confessions\/premier-bebe-et-grossesse-compliquer-physiquement-et-moralement\",\"url\":\"https:\/\/www.neufmois.fr\/les-confessions\/premier-bebe-et-grossesse-compliquer-physiquement-et-moralement\",\"name\":\"premier bebe et grossesse compliquer physiquement et moralement - Les confessions\",\"isPartOf\":{\"@id\":\"https:\/\/www.neufmois.fr\/les-confessions\/#website\"},\"datePublished\":\"2012-05-08T20:14:00+00:00\",\"dateModified\":\"2012-05-08T20:14:00+00:00\",\"author\":{\"@id\":\"https:\/\/www.neufmois.fr\/les-confessions\/#\/schema\/person\/893fe127c653ae6741f53a67962f8b5d\"},\"breadcrumb\":{\"@id\":\"https:\/\/www.neufmois.fr\/les-confessions\/premier-bebe-et-grossesse-compliquer-physiquement-et-moralement#breadcrumb\"},\"inLanguage\":\"fr-FR\",\"potentialAction\":[{\"@type\":\"ReadAction\",\"target\":[\"https:\/\/www.neufmois.fr\/les-confessions\/premier-bebe-et-grossesse-compliquer-physiquement-et-moralement\"]}]},{\"@type\":\"BreadcrumbList\",\"@id\":\"https:\/\/www.neufmois.fr\/les-confessions\/premier-bebe-et-grossesse-compliquer-physiquement-et-moralement#breadcrumb\",\"itemListElement\":[{\"@type\":\"ListItem\",\"position\":1,\"name\":\"Accueil\",\"item\":\"https:\/\/www.neufmois.fr\/les-confessions\/\"},{\"@type\":\"ListItem\",\"position\":2,\"name\":\"premier bebe et grossesse compliquer physiquement et moralement\"}]},{\"@type\":\"WebSite\",\"@id\":\"https:\/\/www.neufmois.fr\/les-confessions\/#website\",\"url\":\"https:\/\/www.neufmois.fr\/les-confessions\/\",\"name\":\"Les confessions\",\"description\":\" Les confessions\",\"potentialAction\":[{\"@type\":\"SearchAction\",\"target\":{\"@type\":\"EntryPoint\",\"urlTemplate\":\"https:\/\/www.neufmois.fr\/les-confessions\/?s={search_term_string}\"},\"query-input\":\"required name=search_term_string\"}],\"inLanguage\":\"fr-FR\"},{\"@type\":\"Person\",\"@id\":\"https:\/\/www.neufmois.fr\/les-confessions\/#\/schema\/person\/893fe127c653ae6741f53a67962f8b5d\",\"name\":\"maman anonyme\",\"image\":{\"@type\":\"ImageObject\",\"inLanguage\":\"fr-FR\",\"@id\":\"https:\/\/www.neufmois.fr\/les-confessions\/#\/schema\/person\/image\/\",\"url\":\"https:\/\/secure.gravatar.com\/avatar\/e4b3abeefeb17983433f333a4c54f394?s=96&d=mm&r=g\",\"contentUrl\":\"https:\/\/secure.gravatar.com\/avatar\/e4b3abeefeb17983433f333a4c54f394?s=96&d=mm&r=g\",\"caption\":\"maman anonyme\"},\"url\":\"https:\/\/www.neufmois.fr\/les-confessions\/author\/anonyme\"}]}<\/script>\n<!-- \/ Yoast SEO plugin. -->","yoast_head_json":{"title":"premier bebe et grossesse compliquer physiquement et moralement - Les confessions","robots":{"index":"index","follow":"follow","max-snippet":"max-snippet:-1","max-image-preview":"max-image-preview:large","max-video-preview":"max-video-preview:-1"},"canonical":"https:\/\/www.neufmois.fr\/les-confessions\/premier-bebe-et-grossesse-compliquer-physiquement-et-moralement","og_locale":"fr_FR","og_type":"article","og_title":"premier bebe et grossesse compliquer physiquement et moralement - Les confessions","og_description":"bonjour \u00e0 toutes je suis enceinte de 8 mois,tout le monde me dit que je dois \u00eatre epanouie, oui j&rsquo;ai voulu ce bebe et je le veux toujours mais rien ne c&rsquo;est passe comme prevu! d&rsquo;abord j&rsquo;habite loin de famille proche, et les trois premier mois tout en travaillant en tant que serveuse, j&rsquo;avais de violentes naus\u00e9es et une responsable tres dure!Arriv\u00e9 le quatrieme mois a force de speeder j&rsquo;ai eu des contractions et tres peur de perdre ma pitchounette, je me suis retrouve cloue au lit sans jamais voir","og_url":"https:\/\/www.neufmois.fr\/les-confessions\/premier-bebe-et-grossesse-compliquer-physiquement-et-moralement","og_site_name":"Les confessions","article_published_time":"2012-05-08T20:14:00+00:00","author":"maman anonyme","twitter_card":"summary_large_image","twitter_misc":{"\u00c9crit par":"maman anonyme","Dur\u00e9e de lecture estim\u00e9e":"1 minute"},"schema":{"@context":"https:\/\/schema.org","@graph":[{"@type":"WebPage","@id":"https:\/\/www.neufmois.fr\/les-confessions\/premier-bebe-et-grossesse-compliquer-physiquement-et-moralement","url":"https:\/\/www.neufmois.fr\/les-confessions\/premier-bebe-et-grossesse-compliquer-physiquement-et-moralement","name":"premier bebe et grossesse compliquer physiquement et moralement - Les confessions","isPartOf":{"@id":"https:\/\/www.neufmois.fr\/les-confessions\/#website"},"datePublished":"2012-05-08T20:14:00+00:00","dateModified":"2012-05-08T20:14:00+00:00","author":{"@id":"https:\/\/www.neufmois.fr\/les-confessions\/#\/schema\/person\/893fe127c653ae6741f53a67962f8b5d"},"breadcrumb":{"@id":"https:\/\/www.neufmois.fr\/les-confessions\/premier-bebe-et-grossesse-compliquer-physiquement-et-moralement#breadcrumb"},"inLanguage":"fr-FR","potentialAction":[{"@type":"ReadAction","target":["https:\/\/www.neufmois.fr\/les-confessions\/premier-bebe-et-grossesse-compliquer-physiquement-et-moralement"]}]},{"@type":"BreadcrumbList","@id":"https:\/\/www.neufmois.fr\/les-confessions\/premier-bebe-et-grossesse-compliquer-physiquement-et-moralement#breadcrumb","itemListElement":[{"@type":"ListItem","position":1,"name":"Accueil","item":"https:\/\/www.neufmois.fr\/les-confessions\/"},{"@type":"ListItem","position":2,"name":"premier bebe et grossesse compliquer physiquement et moralement"}]},{"@type":"WebSite","@id":"https:\/\/www.neufmois.fr\/les-confessions\/#website","url":"https:\/\/www.neufmois.fr\/les-confessions\/","name":"Les confessions","description":" Les confessions","potentialAction":[{"@type":"SearchAction","target":{"@type":"EntryPoint","urlTemplate":"https:\/\/www.neufmois.fr\/les-confessions\/?s={search_term_string}"},"query-input":"required name=search_term_string"}],"inLanguage":"fr-FR"},{"@type":"Person","@id":"https:\/\/www.neufmois.fr\/les-confessions\/#\/schema\/person\/893fe127c653ae6741f53a67962f8b5d","name":"maman anonyme","image":{"@type":"ImageObject","inLanguage":"fr-FR","@id":"https:\/\/www.neufmois.fr\/les-confessions\/#\/schema\/person\/image\/","url":"https:\/\/secure.gravatar.com\/avatar\/e4b3abeefeb17983433f333a4c54f394?s=96&d=mm&r=g","contentUrl":"https:\/\/secure.gravatar.com\/avatar\/e4b3abeefeb17983433f333a4c54f394?s=96&d=mm&r=g","caption":"maman anonyme"},"url":"https:\/\/www.neufmois.fr\/les-confessions\/author\/anonyme"}]}},"amp_enabled":true,"_links":{"self":[{"href":"https:\/\/www.neufmois.fr\/les-confessions\/wp-json\/wp\/v2\/posts\/198"}],"collection":[{"href":"https:\/\/www.neufmois.fr\/les-confessions\/wp-json\/wp\/v2\/posts"}],"about":[{"href":"https:\/\/www.neufmois.fr\/les-confessions\/wp-json\/wp\/v2\/types\/post"}],"author":[{"embeddable":true,"href":"https:\/\/www.neufmois.fr\/les-confessions\/wp-json\/wp\/v2\/users\/461446"}],"replies":[{"embeddable":true,"href":"https:\/\/www.neufmois.fr\/les-confessions\/wp-json\/wp\/v2\/comments?post=198"}],"version-history":[{"count":0,"href":"https:\/\/www.neufmois.fr\/les-confessions\/wp-json\/wp\/v2\/posts\/198\/revisions"}],"wp:attachment":[{"href":"https:\/\/www.neufmois.fr\/les-confessions\/wp-json\/wp\/v2\/media?parent=198"}],"wp:term":[{"taxonomy":"category","embeddable":true,"href":"https:\/\/www.neufmois.fr\/les-confessions\/wp-json\/wp\/v2\/categories?post=198"},{"taxonomy":"post_tag","embeddable":true,"href":"https:\/\/www.neufmois.fr\/les-confessions\/wp-json\/wp\/v2\/tags?post=198"}],"curies":[{"name":"wp","href":"https:\/\/api.w.org\/{rel}","templated":true}]}}