{"id":196,"date":"2012-05-10T02:44:00","date_gmt":"2012-05-10T02:44:00","guid":{"rendered":"https:\/\/www.neufmois.fr\/les-confessions\/?p=196"},"modified":"2012-05-10T02:44:00","modified_gmt":"2012-05-10T02:44:00","slug":"pere-qui-nassume-pas-financierement","status":"publish","type":"post","link":"https:\/\/www.neufmois.fr\/les-confessions\/pere-qui-nassume-pas-financierement","title":{"rendered":"p\u00e8re qui n&rsquo;assume pas financi\u00e8rement"},"content":{"rendered":"<p>jen ai marre de gal\u00e9rer depuis 2 ans avec mon fils, seule \u00e0 assumer financi\u00e8rement, je r\u00e9clame un peu d&rsquo;aide , rien a faire, il va dire qu&rsquo;il a pas de sous, et il est pas solvable par la justice car au rsa, il voit son fils chez sa m\u00e8re car jai pas confiance en lui, il vient de se prendre (pour la premi\u00e8re fois de sa vie \u00e0 31 ans ) un appart, \u00e7a me blaze encore plus car je vais vraiment encore batailler pour avoir ne serait ce que 50 euros pour donner \u00e0 manger a son fils&#8230;pfff help que puis je faire? faire pression sur la famille, d\u00e9ja fait, la justice, pas solvable, moi je suis endett\u00e9e depuis 2 ans car jessaie de m&rsquo;en sortir, mais l\u00e0 j&rsquo;en peux vraiment plus&#8230;je me dis des fois mais prkoi jai fait un enfant, prkoi jai \u00e9cout\u00e9 ses belles paroles&#8230;il m&rsquo;a d\u00e9truit ma vie<\/p>\n","protected":false},"excerpt":{"rendered":"<p>jen ai marre de gal\u00e9rer depuis 2 ans avec mon fils, seule \u00e0 assumer financi\u00e8rement, je r\u00e9clame un peu d&rsquo;aide , rien a faire, il va dire qu&rsquo;il a pas de sous, et il est pas solvable par la justice car au rsa, il voit son fils chez sa m\u00e8re car jai pas confiance en lui, il vient de se prendre (pour la premi\u00e8re fois de sa vie \u00e0 31 ans ) un appart, \u00e7a me blaze encore plus car je vais vraiment encore batailler pour avoir ne serait ce<\/p>\n","protected":false},"author":461446,"featured_media":0,"comment_status":"open","ping_status":"open","sticky":false,"template":"","format":"standard","meta":[],"categories":[1],"tags":[],"yoast_head":"<!-- This site is optimized with the Yoast SEO plugin v20.4 - https:\/\/yoast.com\/wordpress\/plugins\/seo\/ -->\n<title>p\u00e8re qui n&#039;assume pas financi\u00e8rement - Les confessions<\/title>\n<meta name=\"robots\" content=\"index, follow, max-snippet:-1, max-image-preview:large, max-video-preview:-1\" \/>\n<link rel=\"canonical\" href=\"https:\/\/www.neufmois.fr\/les-confessions\/pere-qui-nassume-pas-financierement\" \/>\n<meta property=\"og:locale\" content=\"fr_FR\" \/>\n<meta property=\"og:type\" content=\"article\" \/>\n<meta property=\"og:title\" content=\"p\u00e8re qui n&#039;assume pas financi\u00e8rement - Les confessions\" \/>\n<meta property=\"og:description\" content=\"jen ai marre de gal\u00e9rer depuis 2 ans avec mon fils, seule \u00e0 assumer financi\u00e8rement, je r\u00e9clame un peu d&rsquo;aide , rien a faire, il va dire qu&rsquo;il a pas de sous, et il est pas solvable par la justice car au rsa, il voit son fils chez sa m\u00e8re car jai pas confiance en lui, il vient de se prendre (pour la premi\u00e8re fois de sa vie \u00e0 31 ans ) un appart, \u00e7a me blaze encore plus car je vais vraiment encore batailler pour avoir ne serait ce\" \/>\n<meta property=\"og:url\" content=\"https:\/\/www.neufmois.fr\/les-confessions\/pere-qui-nassume-pas-financierement\" \/>\n<meta property=\"og:site_name\" content=\"Les confessions\" \/>\n<meta property=\"article:published_time\" content=\"2012-05-10T02:44:00+00:00\" \/>\n<meta name=\"author\" content=\"maman anonyme\" \/>\n<meta name=\"twitter:card\" content=\"summary_large_image\" \/>\n<meta name=\"twitter:label1\" content=\"\u00c9crit par\" \/>\n\t<meta name=\"twitter:data1\" content=\"maman anonyme\" \/>\n\t<meta name=\"twitter:label2\" content=\"Dur\u00e9e de lecture estim\u00e9e\" \/>\n\t<meta name=\"twitter:data2\" content=\"1 minute\" \/>\n<script type=\"application\/ld+json\" class=\"yoast-schema-graph\">{\"@context\":\"https:\/\/schema.org\",\"@graph\":[{\"@type\":\"WebPage\",\"@id\":\"https:\/\/www.neufmois.fr\/les-confessions\/pere-qui-nassume-pas-financierement\",\"url\":\"https:\/\/www.neufmois.fr\/les-confessions\/pere-qui-nassume-pas-financierement\",\"name\":\"p\u00e8re qui n'assume pas financi\u00e8rement - Les confessions\",\"isPartOf\":{\"@id\":\"https:\/\/www.neufmois.fr\/les-confessions\/#website\"},\"datePublished\":\"2012-05-10T02:44:00+00:00\",\"dateModified\":\"2012-05-10T02:44:00+00:00\",\"author\":{\"@id\":\"https:\/\/www.neufmois.fr\/les-confessions\/#\/schema\/person\/893fe127c653ae6741f53a67962f8b5d\"},\"breadcrumb\":{\"@id\":\"https:\/\/www.neufmois.fr\/les-confessions\/pere-qui-nassume-pas-financierement#breadcrumb\"},\"inLanguage\":\"fr-FR\",\"potentialAction\":[{\"@type\":\"ReadAction\",\"target\":[\"https:\/\/www.neufmois.fr\/les-confessions\/pere-qui-nassume-pas-financierement\"]}]},{\"@type\":\"BreadcrumbList\",\"@id\":\"https:\/\/www.neufmois.fr\/les-confessions\/pere-qui-nassume-pas-financierement#breadcrumb\",\"itemListElement\":[{\"@type\":\"ListItem\",\"position\":1,\"name\":\"Accueil\",\"item\":\"https:\/\/www.neufmois.fr\/les-confessions\/\"},{\"@type\":\"ListItem\",\"position\":2,\"name\":\"p\u00e8re qui n&rsquo;assume pas financi\u00e8rement\"}]},{\"@type\":\"WebSite\",\"@id\":\"https:\/\/www.neufmois.fr\/les-confessions\/#website\",\"url\":\"https:\/\/www.neufmois.fr\/les-confessions\/\",\"name\":\"Les confessions\",\"description\":\" Les confessions\",\"potentialAction\":[{\"@type\":\"SearchAction\",\"target\":{\"@type\":\"EntryPoint\",\"urlTemplate\":\"https:\/\/www.neufmois.fr\/les-confessions\/?s={search_term_string}\"},\"query-input\":\"required name=search_term_string\"}],\"inLanguage\":\"fr-FR\"},{\"@type\":\"Person\",\"@id\":\"https:\/\/www.neufmois.fr\/les-confessions\/#\/schema\/person\/893fe127c653ae6741f53a67962f8b5d\",\"name\":\"maman anonyme\",\"image\":{\"@type\":\"ImageObject\",\"inLanguage\":\"fr-FR\",\"@id\":\"https:\/\/www.neufmois.fr\/les-confessions\/#\/schema\/person\/image\/\",\"url\":\"https:\/\/secure.gravatar.com\/avatar\/e4b3abeefeb17983433f333a4c54f394?s=96&d=mm&r=g\",\"contentUrl\":\"https:\/\/secure.gravatar.com\/avatar\/e4b3abeefeb17983433f333a4c54f394?s=96&d=mm&r=g\",\"caption\":\"maman anonyme\"},\"url\":\"https:\/\/www.neufmois.fr\/les-confessions\/author\/anonyme\"}]}<\/script>\n<!-- \/ Yoast SEO plugin. -->","yoast_head_json":{"title":"p\u00e8re qui n'assume pas financi\u00e8rement - Les confessions","robots":{"index":"index","follow":"follow","max-snippet":"max-snippet:-1","max-image-preview":"max-image-preview:large","max-video-preview":"max-video-preview:-1"},"canonical":"https:\/\/www.neufmois.fr\/les-confessions\/pere-qui-nassume-pas-financierement","og_locale":"fr_FR","og_type":"article","og_title":"p\u00e8re qui n'assume pas financi\u00e8rement - Les confessions","og_description":"jen ai marre de gal\u00e9rer depuis 2 ans avec mon fils, seule \u00e0 assumer financi\u00e8rement, je r\u00e9clame un peu d&rsquo;aide , rien a faire, il va dire qu&rsquo;il a pas de sous, et il est pas solvable par la justice car au rsa, il voit son fils chez sa m\u00e8re car jai pas confiance en lui, il vient de se prendre (pour la premi\u00e8re fois de sa vie \u00e0 31 ans ) un appart, \u00e7a me blaze encore plus car je vais vraiment encore batailler pour avoir ne serait ce","og_url":"https:\/\/www.neufmois.fr\/les-confessions\/pere-qui-nassume-pas-financierement","og_site_name":"Les confessions","article_published_time":"2012-05-10T02:44:00+00:00","author":"maman anonyme","twitter_card":"summary_large_image","twitter_misc":{"\u00c9crit par":"maman anonyme","Dur\u00e9e de lecture estim\u00e9e":"1 minute"},"schema":{"@context":"https:\/\/schema.org","@graph":[{"@type":"WebPage","@id":"https:\/\/www.neufmois.fr\/les-confessions\/pere-qui-nassume-pas-financierement","url":"https:\/\/www.neufmois.fr\/les-confessions\/pere-qui-nassume-pas-financierement","name":"p\u00e8re qui n'assume pas financi\u00e8rement - Les confessions","isPartOf":{"@id":"https:\/\/www.neufmois.fr\/les-confessions\/#website"},"datePublished":"2012-05-10T02:44:00+00:00","dateModified":"2012-05-10T02:44:00+00:00","author":{"@id":"https:\/\/www.neufmois.fr\/les-confessions\/#\/schema\/person\/893fe127c653ae6741f53a67962f8b5d"},"breadcrumb":{"@id":"https:\/\/www.neufmois.fr\/les-confessions\/pere-qui-nassume-pas-financierement#breadcrumb"},"inLanguage":"fr-FR","potentialAction":[{"@type":"ReadAction","target":["https:\/\/www.neufmois.fr\/les-confessions\/pere-qui-nassume-pas-financierement"]}]},{"@type":"BreadcrumbList","@id":"https:\/\/www.neufmois.fr\/les-confessions\/pere-qui-nassume-pas-financierement#breadcrumb","itemListElement":[{"@type":"ListItem","position":1,"name":"Accueil","item":"https:\/\/www.neufmois.fr\/les-confessions\/"},{"@type":"ListItem","position":2,"name":"p\u00e8re qui n&rsquo;assume pas financi\u00e8rement"}]},{"@type":"WebSite","@id":"https:\/\/www.neufmois.fr\/les-confessions\/#website","url":"https:\/\/www.neufmois.fr\/les-confessions\/","name":"Les confessions","description":" Les confessions","potentialAction":[{"@type":"SearchAction","target":{"@type":"EntryPoint","urlTemplate":"https:\/\/www.neufmois.fr\/les-confessions\/?s={search_term_string}"},"query-input":"required name=search_term_string"}],"inLanguage":"fr-FR"},{"@type":"Person","@id":"https:\/\/www.neufmois.fr\/les-confessions\/#\/schema\/person\/893fe127c653ae6741f53a67962f8b5d","name":"maman anonyme","image":{"@type":"ImageObject","inLanguage":"fr-FR","@id":"https:\/\/www.neufmois.fr\/les-confessions\/#\/schema\/person\/image\/","url":"https:\/\/secure.gravatar.com\/avatar\/e4b3abeefeb17983433f333a4c54f394?s=96&d=mm&r=g","contentUrl":"https:\/\/secure.gravatar.com\/avatar\/e4b3abeefeb17983433f333a4c54f394?s=96&d=mm&r=g","caption":"maman anonyme"},"url":"https:\/\/www.neufmois.fr\/les-confessions\/author\/anonyme"}]}},"amp_enabled":true,"_links":{"self":[{"href":"https:\/\/www.neufmois.fr\/les-confessions\/wp-json\/wp\/v2\/posts\/196"}],"collection":[{"href":"https:\/\/www.neufmois.fr\/les-confessions\/wp-json\/wp\/v2\/posts"}],"about":[{"href":"https:\/\/www.neufmois.fr\/les-confessions\/wp-json\/wp\/v2\/types\/post"}],"author":[{"embeddable":true,"href":"https:\/\/www.neufmois.fr\/les-confessions\/wp-json\/wp\/v2\/users\/461446"}],"replies":[{"embeddable":true,"href":"https:\/\/www.neufmois.fr\/les-confessions\/wp-json\/wp\/v2\/comments?post=196"}],"version-history":[{"count":0,"href":"https:\/\/www.neufmois.fr\/les-confessions\/wp-json\/wp\/v2\/posts\/196\/revisions"}],"wp:attachment":[{"href":"https:\/\/www.neufmois.fr\/les-confessions\/wp-json\/wp\/v2\/media?parent=196"}],"wp:term":[{"taxonomy":"category","embeddable":true,"href":"https:\/\/www.neufmois.fr\/les-confessions\/wp-json\/wp\/v2\/categories?post=196"},{"taxonomy":"post_tag","embeddable":true,"href":"https:\/\/www.neufmois.fr\/les-confessions\/wp-json\/wp\/v2\/tags?post=196"}],"curies":[{"name":"wp","href":"https:\/\/api.w.org\/{rel}","templated":true}]}}