{"id":193,"date":"2012-05-11T15:19:00","date_gmt":"2012-05-11T15:19:00","guid":{"rendered":"https:\/\/www.neufmois.fr\/les-confessions\/?p=193"},"modified":"2012-05-11T15:19:00","modified_gmt":"2012-05-11T15:19:00","slug":"parait-que-je-prend-mon-homme-pour-mon-ennemis","status":"publish","type":"post","link":"https:\/\/www.neufmois.fr\/les-confessions\/parait-que-je-prend-mon-homme-pour-mon-ennemis","title":{"rendered":"parait que je prend mon homme pour mon ennemis"},"content":{"rendered":"<p>voila, depuis le debut de ma grossesse beaucoup de choses ont etaient chamboul\u00e9es, je n&rsquo;ai plus le controle de rien surtout pas de mon corp, qui n&rsquo;en fait qu&rsquo;a sa tete! Clou\u00e9e a la maison depuis le 4eme mois je suis a 8 mois maintenant, j&rsquo;avoue etre un peu sur la defensive!Mon cheri que j&rsquo;aime de tout mon coeur comme tout le monde a des petits defauts qui alors qu&rsquo;avant etaient supportable m&rsquo;exaspere maintenant! et j&rsquo;ai l&rsquo;impression qu&rsquo;il cherche la bagarre tout le temps! il critique tout! aujourd&rsquo;hui au cour d&rsquo;une enieme dispute il m&rsquo;a envoye en pleine figure que je le prenait pour mon ennemi et que des qu&rsquo;il rentre a la maison je me herisse et que je le surveillais! j&rsquo;avoue ne pas etre une fille facile a vivre mais je ne pense pas etre un monstre je ne sais plus quoi faire car quand je prend sur moi ca me retombe dessus parce que mon moral chute et il veut savoir pourquoi! je n&rsquo;ai jamais etais diplomate mais cette grossesse me perturbe enormement et je n&rsquo;arrive pas a etre rationnel surtout quand on vient me provoquer alors que j&rsquo;essaye d&rsquo;etre calme si vous avez des conseils je prends! le pire c&rsquo;est que je l&rsquo;aime de tout mon coeur et je vois qu&rsquo;il est malheureux!<\/p>\n","protected":false},"excerpt":{"rendered":"<p>voila, depuis le debut de ma grossesse beaucoup de choses ont etaient chamboul\u00e9es, je n&rsquo;ai plus le controle de rien surtout pas de mon corp, qui n&rsquo;en fait qu&rsquo;a sa tete! Clou\u00e9e a la maison depuis le 4eme mois je suis a 8 mois maintenant, j&rsquo;avoue etre un peu sur la defensive!Mon cheri que j&rsquo;aime de tout mon coeur comme tout le monde a des petits defauts qui alors qu&rsquo;avant etaient supportable m&rsquo;exaspere maintenant! et j&rsquo;ai l&rsquo;impression qu&rsquo;il cherche la bagarre tout le temps! il critique tout! aujourd&rsquo;hui au cour<\/p>\n","protected":false},"author":461446,"featured_media":0,"comment_status":"open","ping_status":"open","sticky":false,"template":"","format":"standard","meta":[],"categories":[1],"tags":[],"yoast_head":"<!-- This site is optimized with the Yoast SEO plugin v20.4 - https:\/\/yoast.com\/wordpress\/plugins\/seo\/ -->\n<title>parait que je prend mon homme pour mon ennemis - Les confessions<\/title>\n<meta name=\"robots\" content=\"index, follow, max-snippet:-1, max-image-preview:large, max-video-preview:-1\" \/>\n<link rel=\"canonical\" href=\"https:\/\/www.neufmois.fr\/les-confessions\/parait-que-je-prend-mon-homme-pour-mon-ennemis\" \/>\n<meta property=\"og:locale\" content=\"fr_FR\" \/>\n<meta property=\"og:type\" content=\"article\" \/>\n<meta property=\"og:title\" content=\"parait que je prend mon homme pour mon ennemis - Les confessions\" \/>\n<meta property=\"og:description\" content=\"voila, depuis le debut de ma grossesse beaucoup de choses ont etaient chamboul\u00e9es, je n&rsquo;ai plus le controle de rien surtout pas de mon corp, qui n&rsquo;en fait qu&rsquo;a sa tete! Clou\u00e9e a la maison depuis le 4eme mois je suis a 8 mois maintenant, j&rsquo;avoue etre un peu sur la defensive!Mon cheri que j&rsquo;aime de tout mon coeur comme tout le monde a des petits defauts qui alors qu&rsquo;avant etaient supportable m&rsquo;exaspere maintenant! et j&rsquo;ai l&rsquo;impression qu&rsquo;il cherche la bagarre tout le temps! il critique tout! aujourd&rsquo;hui au cour\" \/>\n<meta property=\"og:url\" content=\"https:\/\/www.neufmois.fr\/les-confessions\/parait-que-je-prend-mon-homme-pour-mon-ennemis\" \/>\n<meta property=\"og:site_name\" content=\"Les confessions\" \/>\n<meta property=\"article:published_time\" content=\"2012-05-11T15:19:00+00:00\" \/>\n<meta name=\"author\" content=\"maman anonyme\" \/>\n<meta name=\"twitter:card\" content=\"summary_large_image\" \/>\n<meta name=\"twitter:label1\" content=\"\u00c9crit par\" \/>\n\t<meta name=\"twitter:data1\" content=\"maman anonyme\" \/>\n\t<meta name=\"twitter:label2\" content=\"Dur\u00e9e de lecture estim\u00e9e\" \/>\n\t<meta name=\"twitter:data2\" content=\"1 minute\" \/>\n<script type=\"application\/ld+json\" class=\"yoast-schema-graph\">{\"@context\":\"https:\/\/schema.org\",\"@graph\":[{\"@type\":\"WebPage\",\"@id\":\"https:\/\/www.neufmois.fr\/les-confessions\/parait-que-je-prend-mon-homme-pour-mon-ennemis\",\"url\":\"https:\/\/www.neufmois.fr\/les-confessions\/parait-que-je-prend-mon-homme-pour-mon-ennemis\",\"name\":\"parait que je prend mon homme pour mon ennemis - Les confessions\",\"isPartOf\":{\"@id\":\"https:\/\/www.neufmois.fr\/les-confessions\/#website\"},\"datePublished\":\"2012-05-11T15:19:00+00:00\",\"dateModified\":\"2012-05-11T15:19:00+00:00\",\"author\":{\"@id\":\"https:\/\/www.neufmois.fr\/les-confessions\/#\/schema\/person\/893fe127c653ae6741f53a67962f8b5d\"},\"breadcrumb\":{\"@id\":\"https:\/\/www.neufmois.fr\/les-confessions\/parait-que-je-prend-mon-homme-pour-mon-ennemis#breadcrumb\"},\"inLanguage\":\"fr-FR\",\"potentialAction\":[{\"@type\":\"ReadAction\",\"target\":[\"https:\/\/www.neufmois.fr\/les-confessions\/parait-que-je-prend-mon-homme-pour-mon-ennemis\"]}]},{\"@type\":\"BreadcrumbList\",\"@id\":\"https:\/\/www.neufmois.fr\/les-confessions\/parait-que-je-prend-mon-homme-pour-mon-ennemis#breadcrumb\",\"itemListElement\":[{\"@type\":\"ListItem\",\"position\":1,\"name\":\"Accueil\",\"item\":\"https:\/\/www.neufmois.fr\/les-confessions\/\"},{\"@type\":\"ListItem\",\"position\":2,\"name\":\"parait que je prend mon homme pour mon ennemis\"}]},{\"@type\":\"WebSite\",\"@id\":\"https:\/\/www.neufmois.fr\/les-confessions\/#website\",\"url\":\"https:\/\/www.neufmois.fr\/les-confessions\/\",\"name\":\"Les confessions\",\"description\":\" Les confessions\",\"potentialAction\":[{\"@type\":\"SearchAction\",\"target\":{\"@type\":\"EntryPoint\",\"urlTemplate\":\"https:\/\/www.neufmois.fr\/les-confessions\/?s={search_term_string}\"},\"query-input\":\"required name=search_term_string\"}],\"inLanguage\":\"fr-FR\"},{\"@type\":\"Person\",\"@id\":\"https:\/\/www.neufmois.fr\/les-confessions\/#\/schema\/person\/893fe127c653ae6741f53a67962f8b5d\",\"name\":\"maman anonyme\",\"image\":{\"@type\":\"ImageObject\",\"inLanguage\":\"fr-FR\",\"@id\":\"https:\/\/www.neufmois.fr\/les-confessions\/#\/schema\/person\/image\/\",\"url\":\"https:\/\/secure.gravatar.com\/avatar\/e4b3abeefeb17983433f333a4c54f394?s=96&d=mm&r=g\",\"contentUrl\":\"https:\/\/secure.gravatar.com\/avatar\/e4b3abeefeb17983433f333a4c54f394?s=96&d=mm&r=g\",\"caption\":\"maman anonyme\"},\"url\":\"https:\/\/www.neufmois.fr\/les-confessions\/author\/anonyme\"}]}<\/script>\n<!-- \/ Yoast SEO plugin. -->","yoast_head_json":{"title":"parait que je prend mon homme pour mon ennemis - Les confessions","robots":{"index":"index","follow":"follow","max-snippet":"max-snippet:-1","max-image-preview":"max-image-preview:large","max-video-preview":"max-video-preview:-1"},"canonical":"https:\/\/www.neufmois.fr\/les-confessions\/parait-que-je-prend-mon-homme-pour-mon-ennemis","og_locale":"fr_FR","og_type":"article","og_title":"parait que je prend mon homme pour mon ennemis - Les confessions","og_description":"voila, depuis le debut de ma grossesse beaucoup de choses ont etaient chamboul\u00e9es, je n&rsquo;ai plus le controle de rien surtout pas de mon corp, qui n&rsquo;en fait qu&rsquo;a sa tete! Clou\u00e9e a la maison depuis le 4eme mois je suis a 8 mois maintenant, j&rsquo;avoue etre un peu sur la defensive!Mon cheri que j&rsquo;aime de tout mon coeur comme tout le monde a des petits defauts qui alors qu&rsquo;avant etaient supportable m&rsquo;exaspere maintenant! et j&rsquo;ai l&rsquo;impression qu&rsquo;il cherche la bagarre tout le temps! il critique tout! aujourd&rsquo;hui au cour","og_url":"https:\/\/www.neufmois.fr\/les-confessions\/parait-que-je-prend-mon-homme-pour-mon-ennemis","og_site_name":"Les confessions","article_published_time":"2012-05-11T15:19:00+00:00","author":"maman anonyme","twitter_card":"summary_large_image","twitter_misc":{"\u00c9crit par":"maman anonyme","Dur\u00e9e de lecture estim\u00e9e":"1 minute"},"schema":{"@context":"https:\/\/schema.org","@graph":[{"@type":"WebPage","@id":"https:\/\/www.neufmois.fr\/les-confessions\/parait-que-je-prend-mon-homme-pour-mon-ennemis","url":"https:\/\/www.neufmois.fr\/les-confessions\/parait-que-je-prend-mon-homme-pour-mon-ennemis","name":"parait que je prend mon homme pour mon ennemis - Les confessions","isPartOf":{"@id":"https:\/\/www.neufmois.fr\/les-confessions\/#website"},"datePublished":"2012-05-11T15:19:00+00:00","dateModified":"2012-05-11T15:19:00+00:00","author":{"@id":"https:\/\/www.neufmois.fr\/les-confessions\/#\/schema\/person\/893fe127c653ae6741f53a67962f8b5d"},"breadcrumb":{"@id":"https:\/\/www.neufmois.fr\/les-confessions\/parait-que-je-prend-mon-homme-pour-mon-ennemis#breadcrumb"},"inLanguage":"fr-FR","potentialAction":[{"@type":"ReadAction","target":["https:\/\/www.neufmois.fr\/les-confessions\/parait-que-je-prend-mon-homme-pour-mon-ennemis"]}]},{"@type":"BreadcrumbList","@id":"https:\/\/www.neufmois.fr\/les-confessions\/parait-que-je-prend-mon-homme-pour-mon-ennemis#breadcrumb","itemListElement":[{"@type":"ListItem","position":1,"name":"Accueil","item":"https:\/\/www.neufmois.fr\/les-confessions\/"},{"@type":"ListItem","position":2,"name":"parait que je prend mon homme pour mon ennemis"}]},{"@type":"WebSite","@id":"https:\/\/www.neufmois.fr\/les-confessions\/#website","url":"https:\/\/www.neufmois.fr\/les-confessions\/","name":"Les confessions","description":" Les confessions","potentialAction":[{"@type":"SearchAction","target":{"@type":"EntryPoint","urlTemplate":"https:\/\/www.neufmois.fr\/les-confessions\/?s={search_term_string}"},"query-input":"required name=search_term_string"}],"inLanguage":"fr-FR"},{"@type":"Person","@id":"https:\/\/www.neufmois.fr\/les-confessions\/#\/schema\/person\/893fe127c653ae6741f53a67962f8b5d","name":"maman anonyme","image":{"@type":"ImageObject","inLanguage":"fr-FR","@id":"https:\/\/www.neufmois.fr\/les-confessions\/#\/schema\/person\/image\/","url":"https:\/\/secure.gravatar.com\/avatar\/e4b3abeefeb17983433f333a4c54f394?s=96&d=mm&r=g","contentUrl":"https:\/\/secure.gravatar.com\/avatar\/e4b3abeefeb17983433f333a4c54f394?s=96&d=mm&r=g","caption":"maman anonyme"},"url":"https:\/\/www.neufmois.fr\/les-confessions\/author\/anonyme"}]}},"amp_enabled":true,"_links":{"self":[{"href":"https:\/\/www.neufmois.fr\/les-confessions\/wp-json\/wp\/v2\/posts\/193"}],"collection":[{"href":"https:\/\/www.neufmois.fr\/les-confessions\/wp-json\/wp\/v2\/posts"}],"about":[{"href":"https:\/\/www.neufmois.fr\/les-confessions\/wp-json\/wp\/v2\/types\/post"}],"author":[{"embeddable":true,"href":"https:\/\/www.neufmois.fr\/les-confessions\/wp-json\/wp\/v2\/users\/461446"}],"replies":[{"embeddable":true,"href":"https:\/\/www.neufmois.fr\/les-confessions\/wp-json\/wp\/v2\/comments?post=193"}],"version-history":[{"count":0,"href":"https:\/\/www.neufmois.fr\/les-confessions\/wp-json\/wp\/v2\/posts\/193\/revisions"}],"wp:attachment":[{"href":"https:\/\/www.neufmois.fr\/les-confessions\/wp-json\/wp\/v2\/media?parent=193"}],"wp:term":[{"taxonomy":"category","embeddable":true,"href":"https:\/\/www.neufmois.fr\/les-confessions\/wp-json\/wp\/v2\/categories?post=193"},{"taxonomy":"post_tag","embeddable":true,"href":"https:\/\/www.neufmois.fr\/les-confessions\/wp-json\/wp\/v2\/tags?post=193"}],"curies":[{"name":"wp","href":"https:\/\/api.w.org\/{rel}","templated":true}]}}