{"id":191,"date":"2012-05-18T00:20:00","date_gmt":"2012-05-18T00:20:00","guid":{"rendered":"https:\/\/www.neufmois.fr\/les-confessions\/?p=191"},"modified":"2012-05-18T00:20:00","modified_gmt":"2012-05-18T00:20:00","slug":"je-vie-une-vie-qui-nai-pas-la-mienne","status":"publish","type":"post","link":"https:\/\/www.neufmois.fr\/les-confessions\/je-vie-une-vie-qui-nai-pas-la-mienne","title":{"rendered":"je vie une vie qui n&rsquo;ai pas la mienne"},"content":{"rendered":"<p>voila je me confesse j&rsquo;ai une adorable petite princesse une homme peu pr\u00e9sent \u00ab\u00a0a cause de sont boulo\u00a0\u00bb mes g\u00e9nial je ne travail plus depuis la naissance de ma puce car j&rsquo;ai eu des soucis avec mon employeur la je cherche un boulo a mi temp car les temps sont dur et je ne trouve rien on a de plus en plus de mal a joindre les deux bouts je suis a bout de nerfs heureusement que ma fille et la.<br \/>\nje n&rsquo;ai plus de vie social mes soit disant amis j&rsquo;ai l&rsquo;impression de les faire chier( je suis une des seul avec un gosse\u00a0\u00bb de plus on a d\u00e9m\u00e9nager il y a peu de temp du coup je ne vois plus personnes les journ\u00e9es sont extremement longue je suis dans une vie de femme au foyer est c&rsquo;est tous se que je redout\u00e9 mon homme et la que le week end et il m&rsquo;aide tr\u00e9s tr\u00e9s peut dans la maison et au niveaux relation intime cela fait presque 2 mois que notre couple est mort on mais sa sur le compte de la fatigue et du stresse mais j&rsquo;aime mon homme j&rsquo;ai envi de rallumer la flamme j&rsquo;ai pris bcp de poide durant ma grossesse et a l&rsquo;heur acctuelle je n&rsquo;ai plus confiance en moi je ne c plus trop ou j&rsquo;en suis si ma princesse n&rsquo;\u00e9tait pas la j&rsquo;urais couler depuis longtemp avait vous des conseil pour que je puisse enfin sortir la t\u00e8te de l&rsquo;eau et vivre enfin dsl pour le paver mais sa fait du bien <\/p>\n","protected":false},"excerpt":{"rendered":"<p>voila je me confesse j&rsquo;ai une adorable petite princesse une homme peu pr\u00e9sent \u00ab\u00a0a cause de sont boulo\u00a0\u00bb mes g\u00e9nial je ne travail plus depuis la naissance de ma puce car j&rsquo;ai eu des soucis avec mon employeur la je cherche un boulo a mi temp car les temps sont dur et je ne trouve rien on a de plus en plus de mal a joindre les deux bouts je suis a bout de nerfs heureusement que ma fille et la. je n&rsquo;ai plus de vie social mes soit disant<\/p>\n","protected":false},"author":461446,"featured_media":0,"comment_status":"open","ping_status":"open","sticky":false,"template":"","format":"standard","meta":[],"categories":[1],"tags":[],"yoast_head":"<!-- This site is optimized with the Yoast SEO plugin v20.4 - https:\/\/yoast.com\/wordpress\/plugins\/seo\/ -->\n<title>je vie une vie qui n&#039;ai pas la mienne  - Les confessions<\/title>\n<meta name=\"robots\" content=\"index, follow, max-snippet:-1, max-image-preview:large, max-video-preview:-1\" \/>\n<link rel=\"canonical\" href=\"https:\/\/www.neufmois.fr\/les-confessions\/je-vie-une-vie-qui-nai-pas-la-mienne\" \/>\n<meta property=\"og:locale\" content=\"fr_FR\" \/>\n<meta property=\"og:type\" content=\"article\" \/>\n<meta property=\"og:title\" content=\"je vie une vie qui n&#039;ai pas la mienne  - Les confessions\" \/>\n<meta property=\"og:description\" content=\"voila je me confesse j&rsquo;ai une adorable petite princesse une homme peu pr\u00e9sent \u00ab\u00a0a cause de sont boulo\u00a0\u00bb mes g\u00e9nial je ne travail plus depuis la naissance de ma puce car j&rsquo;ai eu des soucis avec mon employeur la je cherche un boulo a mi temp car les temps sont dur et je ne trouve rien on a de plus en plus de mal a joindre les deux bouts je suis a bout de nerfs heureusement que ma fille et la. je n&rsquo;ai plus de vie social mes soit disant\" \/>\n<meta property=\"og:url\" content=\"https:\/\/www.neufmois.fr\/les-confessions\/je-vie-une-vie-qui-nai-pas-la-mienne\" \/>\n<meta property=\"og:site_name\" content=\"Les confessions\" \/>\n<meta property=\"article:published_time\" content=\"2012-05-18T00:20:00+00:00\" \/>\n<meta name=\"author\" content=\"maman anonyme\" \/>\n<meta name=\"twitter:card\" content=\"summary_large_image\" \/>\n<meta name=\"twitter:label1\" content=\"\u00c9crit par\" \/>\n\t<meta name=\"twitter:data1\" content=\"maman anonyme\" \/>\n\t<meta name=\"twitter:label2\" content=\"Dur\u00e9e de lecture estim\u00e9e\" \/>\n\t<meta name=\"twitter:data2\" content=\"1 minute\" \/>\n<script type=\"application\/ld+json\" class=\"yoast-schema-graph\">{\"@context\":\"https:\/\/schema.org\",\"@graph\":[{\"@type\":\"WebPage\",\"@id\":\"https:\/\/www.neufmois.fr\/les-confessions\/je-vie-une-vie-qui-nai-pas-la-mienne\",\"url\":\"https:\/\/www.neufmois.fr\/les-confessions\/je-vie-une-vie-qui-nai-pas-la-mienne\",\"name\":\"je vie une vie qui n'ai pas la mienne - Les confessions\",\"isPartOf\":{\"@id\":\"https:\/\/www.neufmois.fr\/les-confessions\/#website\"},\"datePublished\":\"2012-05-18T00:20:00+00:00\",\"dateModified\":\"2012-05-18T00:20:00+00:00\",\"author\":{\"@id\":\"https:\/\/www.neufmois.fr\/les-confessions\/#\/schema\/person\/893fe127c653ae6741f53a67962f8b5d\"},\"breadcrumb\":{\"@id\":\"https:\/\/www.neufmois.fr\/les-confessions\/je-vie-une-vie-qui-nai-pas-la-mienne#breadcrumb\"},\"inLanguage\":\"fr-FR\",\"potentialAction\":[{\"@type\":\"ReadAction\",\"target\":[\"https:\/\/www.neufmois.fr\/les-confessions\/je-vie-une-vie-qui-nai-pas-la-mienne\"]}]},{\"@type\":\"BreadcrumbList\",\"@id\":\"https:\/\/www.neufmois.fr\/les-confessions\/je-vie-une-vie-qui-nai-pas-la-mienne#breadcrumb\",\"itemListElement\":[{\"@type\":\"ListItem\",\"position\":1,\"name\":\"Accueil\",\"item\":\"https:\/\/www.neufmois.fr\/les-confessions\/\"},{\"@type\":\"ListItem\",\"position\":2,\"name\":\"je vie une vie qui n&rsquo;ai pas la mienne\"}]},{\"@type\":\"WebSite\",\"@id\":\"https:\/\/www.neufmois.fr\/les-confessions\/#website\",\"url\":\"https:\/\/www.neufmois.fr\/les-confessions\/\",\"name\":\"Les confessions\",\"description\":\" Les confessions\",\"potentialAction\":[{\"@type\":\"SearchAction\",\"target\":{\"@type\":\"EntryPoint\",\"urlTemplate\":\"https:\/\/www.neufmois.fr\/les-confessions\/?s={search_term_string}\"},\"query-input\":\"required name=search_term_string\"}],\"inLanguage\":\"fr-FR\"},{\"@type\":\"Person\",\"@id\":\"https:\/\/www.neufmois.fr\/les-confessions\/#\/schema\/person\/893fe127c653ae6741f53a67962f8b5d\",\"name\":\"maman anonyme\",\"image\":{\"@type\":\"ImageObject\",\"inLanguage\":\"fr-FR\",\"@id\":\"https:\/\/www.neufmois.fr\/les-confessions\/#\/schema\/person\/image\/\",\"url\":\"https:\/\/secure.gravatar.com\/avatar\/e4b3abeefeb17983433f333a4c54f394?s=96&d=mm&r=g\",\"contentUrl\":\"https:\/\/secure.gravatar.com\/avatar\/e4b3abeefeb17983433f333a4c54f394?s=96&d=mm&r=g\",\"caption\":\"maman anonyme\"},\"url\":\"https:\/\/www.neufmois.fr\/les-confessions\/author\/anonyme\"}]}<\/script>\n<!-- \/ Yoast SEO plugin. -->","yoast_head_json":{"title":"je vie une vie qui n'ai pas la mienne  - Les confessions","robots":{"index":"index","follow":"follow","max-snippet":"max-snippet:-1","max-image-preview":"max-image-preview:large","max-video-preview":"max-video-preview:-1"},"canonical":"https:\/\/www.neufmois.fr\/les-confessions\/je-vie-une-vie-qui-nai-pas-la-mienne","og_locale":"fr_FR","og_type":"article","og_title":"je vie une vie qui n'ai pas la mienne  - Les confessions","og_description":"voila je me confesse j&rsquo;ai une adorable petite princesse une homme peu pr\u00e9sent \u00ab\u00a0a cause de sont boulo\u00a0\u00bb mes g\u00e9nial je ne travail plus depuis la naissance de ma puce car j&rsquo;ai eu des soucis avec mon employeur la je cherche un boulo a mi temp car les temps sont dur et je ne trouve rien on a de plus en plus de mal a joindre les deux bouts je suis a bout de nerfs heureusement que ma fille et la. je n&rsquo;ai plus de vie social mes soit disant","og_url":"https:\/\/www.neufmois.fr\/les-confessions\/je-vie-une-vie-qui-nai-pas-la-mienne","og_site_name":"Les confessions","article_published_time":"2012-05-18T00:20:00+00:00","author":"maman anonyme","twitter_card":"summary_large_image","twitter_misc":{"\u00c9crit par":"maman anonyme","Dur\u00e9e de lecture estim\u00e9e":"1 minute"},"schema":{"@context":"https:\/\/schema.org","@graph":[{"@type":"WebPage","@id":"https:\/\/www.neufmois.fr\/les-confessions\/je-vie-une-vie-qui-nai-pas-la-mienne","url":"https:\/\/www.neufmois.fr\/les-confessions\/je-vie-une-vie-qui-nai-pas-la-mienne","name":"je vie une vie qui n'ai pas la mienne - Les confessions","isPartOf":{"@id":"https:\/\/www.neufmois.fr\/les-confessions\/#website"},"datePublished":"2012-05-18T00:20:00+00:00","dateModified":"2012-05-18T00:20:00+00:00","author":{"@id":"https:\/\/www.neufmois.fr\/les-confessions\/#\/schema\/person\/893fe127c653ae6741f53a67962f8b5d"},"breadcrumb":{"@id":"https:\/\/www.neufmois.fr\/les-confessions\/je-vie-une-vie-qui-nai-pas-la-mienne#breadcrumb"},"inLanguage":"fr-FR","potentialAction":[{"@type":"ReadAction","target":["https:\/\/www.neufmois.fr\/les-confessions\/je-vie-une-vie-qui-nai-pas-la-mienne"]}]},{"@type":"BreadcrumbList","@id":"https:\/\/www.neufmois.fr\/les-confessions\/je-vie-une-vie-qui-nai-pas-la-mienne#breadcrumb","itemListElement":[{"@type":"ListItem","position":1,"name":"Accueil","item":"https:\/\/www.neufmois.fr\/les-confessions\/"},{"@type":"ListItem","position":2,"name":"je vie une vie qui n&rsquo;ai pas la mienne"}]},{"@type":"WebSite","@id":"https:\/\/www.neufmois.fr\/les-confessions\/#website","url":"https:\/\/www.neufmois.fr\/les-confessions\/","name":"Les confessions","description":" Les confessions","potentialAction":[{"@type":"SearchAction","target":{"@type":"EntryPoint","urlTemplate":"https:\/\/www.neufmois.fr\/les-confessions\/?s={search_term_string}"},"query-input":"required name=search_term_string"}],"inLanguage":"fr-FR"},{"@type":"Person","@id":"https:\/\/www.neufmois.fr\/les-confessions\/#\/schema\/person\/893fe127c653ae6741f53a67962f8b5d","name":"maman anonyme","image":{"@type":"ImageObject","inLanguage":"fr-FR","@id":"https:\/\/www.neufmois.fr\/les-confessions\/#\/schema\/person\/image\/","url":"https:\/\/secure.gravatar.com\/avatar\/e4b3abeefeb17983433f333a4c54f394?s=96&d=mm&r=g","contentUrl":"https:\/\/secure.gravatar.com\/avatar\/e4b3abeefeb17983433f333a4c54f394?s=96&d=mm&r=g","caption":"maman anonyme"},"url":"https:\/\/www.neufmois.fr\/les-confessions\/author\/anonyme"}]}},"amp_enabled":true,"_links":{"self":[{"href":"https:\/\/www.neufmois.fr\/les-confessions\/wp-json\/wp\/v2\/posts\/191"}],"collection":[{"href":"https:\/\/www.neufmois.fr\/les-confessions\/wp-json\/wp\/v2\/posts"}],"about":[{"href":"https:\/\/www.neufmois.fr\/les-confessions\/wp-json\/wp\/v2\/types\/post"}],"author":[{"embeddable":true,"href":"https:\/\/www.neufmois.fr\/les-confessions\/wp-json\/wp\/v2\/users\/461446"}],"replies":[{"embeddable":true,"href":"https:\/\/www.neufmois.fr\/les-confessions\/wp-json\/wp\/v2\/comments?post=191"}],"version-history":[{"count":0,"href":"https:\/\/www.neufmois.fr\/les-confessions\/wp-json\/wp\/v2\/posts\/191\/revisions"}],"wp:attachment":[{"href":"https:\/\/www.neufmois.fr\/les-confessions\/wp-json\/wp\/v2\/media?parent=191"}],"wp:term":[{"taxonomy":"category","embeddable":true,"href":"https:\/\/www.neufmois.fr\/les-confessions\/wp-json\/wp\/v2\/categories?post=191"},{"taxonomy":"post_tag","embeddable":true,"href":"https:\/\/www.neufmois.fr\/les-confessions\/wp-json\/wp\/v2\/tags?post=191"}],"curies":[{"name":"wp","href":"https:\/\/api.w.org\/{rel}","templated":true}]}}