{"id":186,"date":"2012-05-30T23:01:00","date_gmt":"2012-05-30T23:01:00","guid":{"rendered":"https:\/\/www.neufmois.fr\/les-confessions\/?p=186"},"modified":"2012-05-30T23:01:00","modified_gmt":"2012-05-30T23:01:00","slug":"reconnaissance-de-son-enfant","status":"publish","type":"post","link":"https:\/\/www.neufmois.fr\/les-confessions\/reconnaissance-de-son-enfant","title":{"rendered":"reconnaissance de son enfant"},"content":{"rendered":"<p>bonjour \u00e0 toutes,<br \/>\nje viens vers vous car je suis perdue et ne sait plus quoi penser. Mon bout de choux a 6 mois et j&rsquo;ai \u00e9t\u00e9 seule tout au long de ma grossesse, pour l&rsquo;accouchement et jusqu&rsquo;\u00e0 maintenant.<br \/>\nMon ex conjoint m&rsquo;a quitt\u00e9 apr\u00e8s plus de 10 ans de vie commune et s&rsquo;est remis avec une personne ayant d\u00e9j\u00e0 un enfant 15 jours apr\u00e8s notre rupture. Cela a \u00e9t\u00e9 un choc car il ne voulait pas d&rsquo;enfant.<br \/>\nIl est venu voir son enfant 1 mois apr\u00e8s sa naissance et ses visites \u00e9taient durant tout l&rsquo;hiver une moyenne de 2 fois 1h tous les 15 jours. depuis fin avril nous ne l&rsquo;avons pas revu, il appelle pour avoir des nouvelles une fois par semaine quand il a le temps.<br \/>\nil me reproche de ce fait de pas le tenir au courant quand mon enfant est malade, et aujourd&rsquo;hui m&rsquo;annonce qu&rsquo;il va reconnaitre son enfant. Il me demande donc tous les documents de naissance, me demande l&rsquo;autorisation d&rsquo;ajouter son nom de famille. il souhaite avoir des droits de garde (ce que je refuse) et m&rsquo;invite \u00e0 collaborer car cela sera plus simple pour moi que de nous pr\u00e9senter devant des juges.<br \/>\nIl n&rsquo;a jamais voulu de cet enfant je n&rsquo;ai pas du tout confiance pour qu&rsquo;il puisse l&rsquo;avoir. mon bout de choux est la plus belle chose de mavie et je veux me battre pour pas que l&rsquo;on me l&rsquo;enl\u00e8ve.<br \/>\nAuriez vous des conseils s&rsquo;il vous plait?<br \/>\nJ&rsquo;avais fait une reconnaissance anticip\u00e9e, est ce que cela peut cahnger des choses?<\/p>\n<p>Merci pour vos conseils.<\/p>\n","protected":false},"excerpt":{"rendered":"<p>bonjour \u00e0 toutes, je viens vers vous car je suis perdue et ne sait plus quoi penser. Mon bout de choux a 6 mois et j&rsquo;ai \u00e9t\u00e9 seule tout au long de ma grossesse, pour l&rsquo;accouchement et jusqu&rsquo;\u00e0 maintenant. Mon ex conjoint m&rsquo;a quitt\u00e9 apr\u00e8s plus de 10 ans de vie commune et s&rsquo;est remis avec une personne ayant d\u00e9j\u00e0 un enfant 15 jours apr\u00e8s notre rupture. Cela a \u00e9t\u00e9 un choc car il ne voulait pas d&rsquo;enfant. Il est venu voir son enfant 1 mois apr\u00e8s sa naissance et<\/p>\n","protected":false},"author":461446,"featured_media":0,"comment_status":"open","ping_status":"open","sticky":false,"template":"","format":"standard","meta":[],"categories":[1],"tags":[],"yoast_head":"<!-- This site is optimized with the Yoast SEO plugin v20.4 - https:\/\/yoast.com\/wordpress\/plugins\/seo\/ -->\n<title>reconnaissance de son enfant - Les confessions<\/title>\n<meta name=\"robots\" content=\"index, follow, max-snippet:-1, max-image-preview:large, max-video-preview:-1\" \/>\n<link rel=\"canonical\" href=\"https:\/\/www.neufmois.fr\/les-confessions\/reconnaissance-de-son-enfant\" \/>\n<meta property=\"og:locale\" content=\"fr_FR\" \/>\n<meta property=\"og:type\" content=\"article\" \/>\n<meta property=\"og:title\" content=\"reconnaissance de son enfant - Les confessions\" \/>\n<meta property=\"og:description\" content=\"bonjour \u00e0 toutes, je viens vers vous car je suis perdue et ne sait plus quoi penser. Mon bout de choux a 6 mois et j&rsquo;ai \u00e9t\u00e9 seule tout au long de ma grossesse, pour l&rsquo;accouchement et jusqu&rsquo;\u00e0 maintenant. Mon ex conjoint m&rsquo;a quitt\u00e9 apr\u00e8s plus de 10 ans de vie commune et s&rsquo;est remis avec une personne ayant d\u00e9j\u00e0 un enfant 15 jours apr\u00e8s notre rupture. Cela a \u00e9t\u00e9 un choc car il ne voulait pas d&rsquo;enfant. Il est venu voir son enfant 1 mois apr\u00e8s sa naissance et\" \/>\n<meta property=\"og:url\" content=\"https:\/\/www.neufmois.fr\/les-confessions\/reconnaissance-de-son-enfant\" \/>\n<meta property=\"og:site_name\" content=\"Les confessions\" \/>\n<meta property=\"article:published_time\" content=\"2012-05-30T23:01:00+00:00\" \/>\n<meta name=\"author\" content=\"maman anonyme\" \/>\n<meta name=\"twitter:card\" content=\"summary_large_image\" \/>\n<meta name=\"twitter:label1\" content=\"\u00c9crit par\" \/>\n\t<meta name=\"twitter:data1\" content=\"maman anonyme\" \/>\n\t<meta name=\"twitter:label2\" content=\"Dur\u00e9e de lecture estim\u00e9e\" \/>\n\t<meta name=\"twitter:data2\" content=\"1 minute\" \/>\n<script type=\"application\/ld+json\" class=\"yoast-schema-graph\">{\"@context\":\"https:\/\/schema.org\",\"@graph\":[{\"@type\":\"WebPage\",\"@id\":\"https:\/\/www.neufmois.fr\/les-confessions\/reconnaissance-de-son-enfant\",\"url\":\"https:\/\/www.neufmois.fr\/les-confessions\/reconnaissance-de-son-enfant\",\"name\":\"reconnaissance de son enfant - Les confessions\",\"isPartOf\":{\"@id\":\"https:\/\/www.neufmois.fr\/les-confessions\/#website\"},\"datePublished\":\"2012-05-30T23:01:00+00:00\",\"dateModified\":\"2012-05-30T23:01:00+00:00\",\"author\":{\"@id\":\"https:\/\/www.neufmois.fr\/les-confessions\/#\/schema\/person\/893fe127c653ae6741f53a67962f8b5d\"},\"breadcrumb\":{\"@id\":\"https:\/\/www.neufmois.fr\/les-confessions\/reconnaissance-de-son-enfant#breadcrumb\"},\"inLanguage\":\"fr-FR\",\"potentialAction\":[{\"@type\":\"ReadAction\",\"target\":[\"https:\/\/www.neufmois.fr\/les-confessions\/reconnaissance-de-son-enfant\"]}]},{\"@type\":\"BreadcrumbList\",\"@id\":\"https:\/\/www.neufmois.fr\/les-confessions\/reconnaissance-de-son-enfant#breadcrumb\",\"itemListElement\":[{\"@type\":\"ListItem\",\"position\":1,\"name\":\"Accueil\",\"item\":\"https:\/\/www.neufmois.fr\/les-confessions\/\"},{\"@type\":\"ListItem\",\"position\":2,\"name\":\"reconnaissance de son enfant\"}]},{\"@type\":\"WebSite\",\"@id\":\"https:\/\/www.neufmois.fr\/les-confessions\/#website\",\"url\":\"https:\/\/www.neufmois.fr\/les-confessions\/\",\"name\":\"Les confessions\",\"description\":\" Les confessions\",\"potentialAction\":[{\"@type\":\"SearchAction\",\"target\":{\"@type\":\"EntryPoint\",\"urlTemplate\":\"https:\/\/www.neufmois.fr\/les-confessions\/?s={search_term_string}\"},\"query-input\":\"required name=search_term_string\"}],\"inLanguage\":\"fr-FR\"},{\"@type\":\"Person\",\"@id\":\"https:\/\/www.neufmois.fr\/les-confessions\/#\/schema\/person\/893fe127c653ae6741f53a67962f8b5d\",\"name\":\"maman anonyme\",\"image\":{\"@type\":\"ImageObject\",\"inLanguage\":\"fr-FR\",\"@id\":\"https:\/\/www.neufmois.fr\/les-confessions\/#\/schema\/person\/image\/\",\"url\":\"https:\/\/secure.gravatar.com\/avatar\/e4b3abeefeb17983433f333a4c54f394?s=96&d=mm&r=g\",\"contentUrl\":\"https:\/\/secure.gravatar.com\/avatar\/e4b3abeefeb17983433f333a4c54f394?s=96&d=mm&r=g\",\"caption\":\"maman anonyme\"},\"url\":\"https:\/\/www.neufmois.fr\/les-confessions\/author\/anonyme\"}]}<\/script>\n<!-- \/ Yoast SEO plugin. -->","yoast_head_json":{"title":"reconnaissance de son enfant - Les confessions","robots":{"index":"index","follow":"follow","max-snippet":"max-snippet:-1","max-image-preview":"max-image-preview:large","max-video-preview":"max-video-preview:-1"},"canonical":"https:\/\/www.neufmois.fr\/les-confessions\/reconnaissance-de-son-enfant","og_locale":"fr_FR","og_type":"article","og_title":"reconnaissance de son enfant - Les confessions","og_description":"bonjour \u00e0 toutes, je viens vers vous car je suis perdue et ne sait plus quoi penser. Mon bout de choux a 6 mois et j&rsquo;ai \u00e9t\u00e9 seule tout au long de ma grossesse, pour l&rsquo;accouchement et jusqu&rsquo;\u00e0 maintenant. Mon ex conjoint m&rsquo;a quitt\u00e9 apr\u00e8s plus de 10 ans de vie commune et s&rsquo;est remis avec une personne ayant d\u00e9j\u00e0 un enfant 15 jours apr\u00e8s notre rupture. Cela a \u00e9t\u00e9 un choc car il ne voulait pas d&rsquo;enfant. Il est venu voir son enfant 1 mois apr\u00e8s sa naissance et","og_url":"https:\/\/www.neufmois.fr\/les-confessions\/reconnaissance-de-son-enfant","og_site_name":"Les confessions","article_published_time":"2012-05-30T23:01:00+00:00","author":"maman anonyme","twitter_card":"summary_large_image","twitter_misc":{"\u00c9crit par":"maman anonyme","Dur\u00e9e de lecture estim\u00e9e":"1 minute"},"schema":{"@context":"https:\/\/schema.org","@graph":[{"@type":"WebPage","@id":"https:\/\/www.neufmois.fr\/les-confessions\/reconnaissance-de-son-enfant","url":"https:\/\/www.neufmois.fr\/les-confessions\/reconnaissance-de-son-enfant","name":"reconnaissance de son enfant - Les confessions","isPartOf":{"@id":"https:\/\/www.neufmois.fr\/les-confessions\/#website"},"datePublished":"2012-05-30T23:01:00+00:00","dateModified":"2012-05-30T23:01:00+00:00","author":{"@id":"https:\/\/www.neufmois.fr\/les-confessions\/#\/schema\/person\/893fe127c653ae6741f53a67962f8b5d"},"breadcrumb":{"@id":"https:\/\/www.neufmois.fr\/les-confessions\/reconnaissance-de-son-enfant#breadcrumb"},"inLanguage":"fr-FR","potentialAction":[{"@type":"ReadAction","target":["https:\/\/www.neufmois.fr\/les-confessions\/reconnaissance-de-son-enfant"]}]},{"@type":"BreadcrumbList","@id":"https:\/\/www.neufmois.fr\/les-confessions\/reconnaissance-de-son-enfant#breadcrumb","itemListElement":[{"@type":"ListItem","position":1,"name":"Accueil","item":"https:\/\/www.neufmois.fr\/les-confessions\/"},{"@type":"ListItem","position":2,"name":"reconnaissance de son enfant"}]},{"@type":"WebSite","@id":"https:\/\/www.neufmois.fr\/les-confessions\/#website","url":"https:\/\/www.neufmois.fr\/les-confessions\/","name":"Les confessions","description":" Les confessions","potentialAction":[{"@type":"SearchAction","target":{"@type":"EntryPoint","urlTemplate":"https:\/\/www.neufmois.fr\/les-confessions\/?s={search_term_string}"},"query-input":"required name=search_term_string"}],"inLanguage":"fr-FR"},{"@type":"Person","@id":"https:\/\/www.neufmois.fr\/les-confessions\/#\/schema\/person\/893fe127c653ae6741f53a67962f8b5d","name":"maman anonyme","image":{"@type":"ImageObject","inLanguage":"fr-FR","@id":"https:\/\/www.neufmois.fr\/les-confessions\/#\/schema\/person\/image\/","url":"https:\/\/secure.gravatar.com\/avatar\/e4b3abeefeb17983433f333a4c54f394?s=96&d=mm&r=g","contentUrl":"https:\/\/secure.gravatar.com\/avatar\/e4b3abeefeb17983433f333a4c54f394?s=96&d=mm&r=g","caption":"maman anonyme"},"url":"https:\/\/www.neufmois.fr\/les-confessions\/author\/anonyme"}]}},"amp_enabled":true,"_links":{"self":[{"href":"https:\/\/www.neufmois.fr\/les-confessions\/wp-json\/wp\/v2\/posts\/186"}],"collection":[{"href":"https:\/\/www.neufmois.fr\/les-confessions\/wp-json\/wp\/v2\/posts"}],"about":[{"href":"https:\/\/www.neufmois.fr\/les-confessions\/wp-json\/wp\/v2\/types\/post"}],"author":[{"embeddable":true,"href":"https:\/\/www.neufmois.fr\/les-confessions\/wp-json\/wp\/v2\/users\/461446"}],"replies":[{"embeddable":true,"href":"https:\/\/www.neufmois.fr\/les-confessions\/wp-json\/wp\/v2\/comments?post=186"}],"version-history":[{"count":0,"href":"https:\/\/www.neufmois.fr\/les-confessions\/wp-json\/wp\/v2\/posts\/186\/revisions"}],"wp:attachment":[{"href":"https:\/\/www.neufmois.fr\/les-confessions\/wp-json\/wp\/v2\/media?parent=186"}],"wp:term":[{"taxonomy":"category","embeddable":true,"href":"https:\/\/www.neufmois.fr\/les-confessions\/wp-json\/wp\/v2\/categories?post=186"},{"taxonomy":"post_tag","embeddable":true,"href":"https:\/\/www.neufmois.fr\/les-confessions\/wp-json\/wp\/v2\/tags?post=186"}],"curies":[{"name":"wp","href":"https:\/\/api.w.org\/{rel}","templated":true}]}}