{"id":176,"date":"2012-07-10T15:58:00","date_gmt":"2012-07-10T15:58:00","guid":{"rendered":"https:\/\/www.neufmois.fr\/les-confessions\/?p=176"},"modified":"2012-07-10T15:58:00","modified_gmt":"2012-07-10T15:58:00","slug":"maman-au-foyer-et-separation-conjugale","status":"publish","type":"post","link":"https:\/\/www.neufmois.fr\/les-confessions\/maman-au-foyer-et-separation-conjugale","title":{"rendered":"Maman au foyer et s\u00e9paration conjugale"},"content":{"rendered":"<p>Je viens vers vous car je me sens d\u00e9sempar\u00e9e et coinc\u00e9e dans ma situation. Nous nous disputons r\u00e9guli\u00e8rement avec mon conjoint, jusqu&rsquo;au point de remettre en question le fait de vivre ensemble. Dans ces moments l\u00e0, nous envisageons s\u00e9rieusement la s\u00e9paration. Je suis \u00e9puis\u00e9e de ces disputes \u00e0 r\u00e9p\u00e9tition maid j&rsquo;ai l&rsquo;impression d&rsquo;\u00eatre dans une impasse. Je suis maman au foyer depuis la naissance de notre petit gar\u00e7on qui a 18 mois. J&rsquo;ai tr\u00e8s peur  de ne pas avoir la garde de notre enfant si l&rsquo;on se s\u00e9pare, comme pour le moment je n&rsquo;ai aucun revenu. Il me faudrait aussi trouver un logement. Tout \u00e7a me semble insurmontable. Je n&rsquo;imagine pas une seule seconde ne plus avoir la garde de notre enfant. Ce serait une souffrance invivable. Depuis qu&rsquo;il est n\u00e9 c&rsquo;est moi qui m&rsquo;occupe de lui jour et nuit. Est-ce que vous pensez que dans ma situation je pourrais tout de m\u00eame avoir la garde de notre enfant? Avez-vous des conseils \u00e0 me donner? D&rsquo;avance, merci.<\/p>\n","protected":false},"excerpt":{"rendered":"<p>Je viens vers vous car je me sens d\u00e9sempar\u00e9e et coinc\u00e9e dans ma situation. Nous nous disputons r\u00e9guli\u00e8rement avec mon conjoint, jusqu&rsquo;au point de remettre en question le fait de vivre ensemble. Dans ces moments l\u00e0, nous envisageons s\u00e9rieusement la s\u00e9paration. Je suis \u00e9puis\u00e9e de ces disputes \u00e0 r\u00e9p\u00e9tition maid j&rsquo;ai l&rsquo;impression d&rsquo;\u00eatre dans une impasse. Je suis maman au foyer depuis la naissance de notre petit gar\u00e7on qui a 18 mois. J&rsquo;ai tr\u00e8s peur de ne pas avoir la garde de notre enfant si l&rsquo;on se s\u00e9pare, comme pour<\/p>\n","protected":false},"author":461446,"featured_media":0,"comment_status":"open","ping_status":"open","sticky":false,"template":"","format":"standard","meta":[],"categories":[1],"tags":[],"yoast_head":"<!-- This site is optimized with the Yoast SEO plugin v20.4 - https:\/\/yoast.com\/wordpress\/plugins\/seo\/ -->\n<title>Maman au foyer et s\u00e9paration conjugale - Les confessions<\/title>\n<meta name=\"robots\" content=\"index, follow, max-snippet:-1, max-image-preview:large, max-video-preview:-1\" \/>\n<link rel=\"canonical\" href=\"https:\/\/www.neufmois.fr\/les-confessions\/maman-au-foyer-et-separation-conjugale\" \/>\n<meta property=\"og:locale\" content=\"fr_FR\" \/>\n<meta property=\"og:type\" content=\"article\" \/>\n<meta property=\"og:title\" content=\"Maman au foyer et s\u00e9paration conjugale - Les confessions\" \/>\n<meta property=\"og:description\" content=\"Je viens vers vous car je me sens d\u00e9sempar\u00e9e et coinc\u00e9e dans ma situation. Nous nous disputons r\u00e9guli\u00e8rement avec mon conjoint, jusqu&rsquo;au point de remettre en question le fait de vivre ensemble. Dans ces moments l\u00e0, nous envisageons s\u00e9rieusement la s\u00e9paration. Je suis \u00e9puis\u00e9e de ces disputes \u00e0 r\u00e9p\u00e9tition maid j&rsquo;ai l&rsquo;impression d&rsquo;\u00eatre dans une impasse. Je suis maman au foyer depuis la naissance de notre petit gar\u00e7on qui a 18 mois. J&rsquo;ai tr\u00e8s peur de ne pas avoir la garde de notre enfant si l&rsquo;on se s\u00e9pare, comme pour\" \/>\n<meta property=\"og:url\" content=\"https:\/\/www.neufmois.fr\/les-confessions\/maman-au-foyer-et-separation-conjugale\" \/>\n<meta property=\"og:site_name\" content=\"Les confessions\" \/>\n<meta property=\"article:published_time\" content=\"2012-07-10T15:58:00+00:00\" \/>\n<meta name=\"author\" content=\"maman anonyme\" \/>\n<meta name=\"twitter:card\" content=\"summary_large_image\" \/>\n<meta name=\"twitter:label1\" content=\"\u00c9crit par\" \/>\n\t<meta name=\"twitter:data1\" content=\"maman anonyme\" \/>\n\t<meta name=\"twitter:label2\" content=\"Dur\u00e9e de lecture estim\u00e9e\" \/>\n\t<meta name=\"twitter:data2\" content=\"1 minute\" \/>\n<script type=\"application\/ld+json\" class=\"yoast-schema-graph\">{\"@context\":\"https:\/\/schema.org\",\"@graph\":[{\"@type\":\"WebPage\",\"@id\":\"https:\/\/www.neufmois.fr\/les-confessions\/maman-au-foyer-et-separation-conjugale\",\"url\":\"https:\/\/www.neufmois.fr\/les-confessions\/maman-au-foyer-et-separation-conjugale\",\"name\":\"Maman au foyer et s\u00e9paration conjugale - Les confessions\",\"isPartOf\":{\"@id\":\"https:\/\/www.neufmois.fr\/les-confessions\/#website\"},\"datePublished\":\"2012-07-10T15:58:00+00:00\",\"dateModified\":\"2012-07-10T15:58:00+00:00\",\"author\":{\"@id\":\"https:\/\/www.neufmois.fr\/les-confessions\/#\/schema\/person\/893fe127c653ae6741f53a67962f8b5d\"},\"breadcrumb\":{\"@id\":\"https:\/\/www.neufmois.fr\/les-confessions\/maman-au-foyer-et-separation-conjugale#breadcrumb\"},\"inLanguage\":\"fr-FR\",\"potentialAction\":[{\"@type\":\"ReadAction\",\"target\":[\"https:\/\/www.neufmois.fr\/les-confessions\/maman-au-foyer-et-separation-conjugale\"]}]},{\"@type\":\"BreadcrumbList\",\"@id\":\"https:\/\/www.neufmois.fr\/les-confessions\/maman-au-foyer-et-separation-conjugale#breadcrumb\",\"itemListElement\":[{\"@type\":\"ListItem\",\"position\":1,\"name\":\"Accueil\",\"item\":\"https:\/\/www.neufmois.fr\/les-confessions\/\"},{\"@type\":\"ListItem\",\"position\":2,\"name\":\"Maman au foyer et s\u00e9paration conjugale\"}]},{\"@type\":\"WebSite\",\"@id\":\"https:\/\/www.neufmois.fr\/les-confessions\/#website\",\"url\":\"https:\/\/www.neufmois.fr\/les-confessions\/\",\"name\":\"Les confessions\",\"description\":\" Les confessions\",\"potentialAction\":[{\"@type\":\"SearchAction\",\"target\":{\"@type\":\"EntryPoint\",\"urlTemplate\":\"https:\/\/www.neufmois.fr\/les-confessions\/?s={search_term_string}\"},\"query-input\":\"required name=search_term_string\"}],\"inLanguage\":\"fr-FR\"},{\"@type\":\"Person\",\"@id\":\"https:\/\/www.neufmois.fr\/les-confessions\/#\/schema\/person\/893fe127c653ae6741f53a67962f8b5d\",\"name\":\"maman anonyme\",\"image\":{\"@type\":\"ImageObject\",\"inLanguage\":\"fr-FR\",\"@id\":\"https:\/\/www.neufmois.fr\/les-confessions\/#\/schema\/person\/image\/\",\"url\":\"https:\/\/secure.gravatar.com\/avatar\/e4b3abeefeb17983433f333a4c54f394?s=96&d=mm&r=g\",\"contentUrl\":\"https:\/\/secure.gravatar.com\/avatar\/e4b3abeefeb17983433f333a4c54f394?s=96&d=mm&r=g\",\"caption\":\"maman anonyme\"},\"url\":\"https:\/\/www.neufmois.fr\/les-confessions\/author\/anonyme\"}]}<\/script>\n<!-- \/ Yoast SEO plugin. -->","yoast_head_json":{"title":"Maman au foyer et s\u00e9paration conjugale - Les confessions","robots":{"index":"index","follow":"follow","max-snippet":"max-snippet:-1","max-image-preview":"max-image-preview:large","max-video-preview":"max-video-preview:-1"},"canonical":"https:\/\/www.neufmois.fr\/les-confessions\/maman-au-foyer-et-separation-conjugale","og_locale":"fr_FR","og_type":"article","og_title":"Maman au foyer et s\u00e9paration conjugale - Les confessions","og_description":"Je viens vers vous car je me sens d\u00e9sempar\u00e9e et coinc\u00e9e dans ma situation. Nous nous disputons r\u00e9guli\u00e8rement avec mon conjoint, jusqu&rsquo;au point de remettre en question le fait de vivre ensemble. Dans ces moments l\u00e0, nous envisageons s\u00e9rieusement la s\u00e9paration. Je suis \u00e9puis\u00e9e de ces disputes \u00e0 r\u00e9p\u00e9tition maid j&rsquo;ai l&rsquo;impression d&rsquo;\u00eatre dans une impasse. Je suis maman au foyer depuis la naissance de notre petit gar\u00e7on qui a 18 mois. J&rsquo;ai tr\u00e8s peur de ne pas avoir la garde de notre enfant si l&rsquo;on se s\u00e9pare, comme pour","og_url":"https:\/\/www.neufmois.fr\/les-confessions\/maman-au-foyer-et-separation-conjugale","og_site_name":"Les confessions","article_published_time":"2012-07-10T15:58:00+00:00","author":"maman anonyme","twitter_card":"summary_large_image","twitter_misc":{"\u00c9crit par":"maman anonyme","Dur\u00e9e de lecture estim\u00e9e":"1 minute"},"schema":{"@context":"https:\/\/schema.org","@graph":[{"@type":"WebPage","@id":"https:\/\/www.neufmois.fr\/les-confessions\/maman-au-foyer-et-separation-conjugale","url":"https:\/\/www.neufmois.fr\/les-confessions\/maman-au-foyer-et-separation-conjugale","name":"Maman au foyer et s\u00e9paration conjugale - Les confessions","isPartOf":{"@id":"https:\/\/www.neufmois.fr\/les-confessions\/#website"},"datePublished":"2012-07-10T15:58:00+00:00","dateModified":"2012-07-10T15:58:00+00:00","author":{"@id":"https:\/\/www.neufmois.fr\/les-confessions\/#\/schema\/person\/893fe127c653ae6741f53a67962f8b5d"},"breadcrumb":{"@id":"https:\/\/www.neufmois.fr\/les-confessions\/maman-au-foyer-et-separation-conjugale#breadcrumb"},"inLanguage":"fr-FR","potentialAction":[{"@type":"ReadAction","target":["https:\/\/www.neufmois.fr\/les-confessions\/maman-au-foyer-et-separation-conjugale"]}]},{"@type":"BreadcrumbList","@id":"https:\/\/www.neufmois.fr\/les-confessions\/maman-au-foyer-et-separation-conjugale#breadcrumb","itemListElement":[{"@type":"ListItem","position":1,"name":"Accueil","item":"https:\/\/www.neufmois.fr\/les-confessions\/"},{"@type":"ListItem","position":2,"name":"Maman au foyer et s\u00e9paration conjugale"}]},{"@type":"WebSite","@id":"https:\/\/www.neufmois.fr\/les-confessions\/#website","url":"https:\/\/www.neufmois.fr\/les-confessions\/","name":"Les confessions","description":" Les confessions","potentialAction":[{"@type":"SearchAction","target":{"@type":"EntryPoint","urlTemplate":"https:\/\/www.neufmois.fr\/les-confessions\/?s={search_term_string}"},"query-input":"required name=search_term_string"}],"inLanguage":"fr-FR"},{"@type":"Person","@id":"https:\/\/www.neufmois.fr\/les-confessions\/#\/schema\/person\/893fe127c653ae6741f53a67962f8b5d","name":"maman anonyme","image":{"@type":"ImageObject","inLanguage":"fr-FR","@id":"https:\/\/www.neufmois.fr\/les-confessions\/#\/schema\/person\/image\/","url":"https:\/\/secure.gravatar.com\/avatar\/e4b3abeefeb17983433f333a4c54f394?s=96&d=mm&r=g","contentUrl":"https:\/\/secure.gravatar.com\/avatar\/e4b3abeefeb17983433f333a4c54f394?s=96&d=mm&r=g","caption":"maman anonyme"},"url":"https:\/\/www.neufmois.fr\/les-confessions\/author\/anonyme"}]}},"amp_enabled":true,"_links":{"self":[{"href":"https:\/\/www.neufmois.fr\/les-confessions\/wp-json\/wp\/v2\/posts\/176"}],"collection":[{"href":"https:\/\/www.neufmois.fr\/les-confessions\/wp-json\/wp\/v2\/posts"}],"about":[{"href":"https:\/\/www.neufmois.fr\/les-confessions\/wp-json\/wp\/v2\/types\/post"}],"author":[{"embeddable":true,"href":"https:\/\/www.neufmois.fr\/les-confessions\/wp-json\/wp\/v2\/users\/461446"}],"replies":[{"embeddable":true,"href":"https:\/\/www.neufmois.fr\/les-confessions\/wp-json\/wp\/v2\/comments?post=176"}],"version-history":[{"count":0,"href":"https:\/\/www.neufmois.fr\/les-confessions\/wp-json\/wp\/v2\/posts\/176\/revisions"}],"wp:attachment":[{"href":"https:\/\/www.neufmois.fr\/les-confessions\/wp-json\/wp\/v2\/media?parent=176"}],"wp:term":[{"taxonomy":"category","embeddable":true,"href":"https:\/\/www.neufmois.fr\/les-confessions\/wp-json\/wp\/v2\/categories?post=176"},{"taxonomy":"post_tag","embeddable":true,"href":"https:\/\/www.neufmois.fr\/les-confessions\/wp-json\/wp\/v2\/tags?post=176"}],"curies":[{"name":"wp","href":"https:\/\/api.w.org\/{rel}","templated":true}]}}