{"id":172,"date":"2012-08-04T23:20:00","date_gmt":"2012-08-04T23:20:00","guid":{"rendered":"https:\/\/www.neufmois.fr\/les-confessions\/?p=172"},"modified":"2012-08-04T23:20:00","modified_gmt":"2012-08-04T23:20:00","slug":"si-seule","status":"publish","type":"post","link":"https:\/\/www.neufmois.fr\/les-confessions\/si-seule","title":{"rendered":"si seule!!!:("},"content":{"rendered":"<p>je suis maman d&rsquo;une petite fille que j\u2019\u00e9l\u00e8ve seule s\u00e9par\u00e9 de sont papa car j&rsquo;ai subi des violence conjugale, j attends mon deuxi\u00e8me enfants pour fin septembre c&rsquo;est un gar\u00e7on,je me sens seule je n&rsquo;es pas de famille ma maman d\u00e9c\u00e9d\u00e9 il y a 7 ans,je connais pas mon p\u00e8re,et j&rsquo;ai deux grande soeurs qui sens foute de moi alors que j&rsquo;ai toujours \u00e9tais la pour elle,je ne les vois plus,mes amis mon toujours poignarder dans le dos,donc je suis constamment seule avec ma fille,j&rsquo;ai mon compagnon mais il n&rsquo;es pas tout le temps avec moi il a c&rsquo;est amis sa petite vie,moi je bosse plus depuis 1 ans et je dois m occuper seule de ma fille,j&rsquo;ai tellement souffert dans ma vie que l\u00e0 c&rsquo;est la d\u00e9prime je me demande pourquoi je suis si seule!je suis pas quelqu&rsquo;un de m\u00e9chant bien au contraire j&rsquo;aide toujours mon prochain m\u00eame si je n&rsquo;es rien,je me sens tellement mal d\u2019\u00eatre si seule mon compagnon la remarquer mais je me sens tellement ma alaise de lui dire que je souffre de pas avoir de famille!!!!!jsuis normale?<\/p>\n","protected":false},"excerpt":{"rendered":"<p>je suis maman d&rsquo;une petite fille que j\u2019\u00e9l\u00e8ve seule s\u00e9par\u00e9 de sont papa car j&rsquo;ai subi des violence conjugale, j attends mon deuxi\u00e8me enfants pour fin septembre c&rsquo;est un gar\u00e7on,je me sens seule je n&rsquo;es pas de famille ma maman d\u00e9c\u00e9d\u00e9 il y a 7 ans,je connais pas mon p\u00e8re,et j&rsquo;ai deux grande soeurs qui sens foute de moi alors que j&rsquo;ai toujours \u00e9tais la pour elle,je ne les vois plus,mes amis mon toujours poignarder dans le dos,donc je suis constamment seule avec ma fille,j&rsquo;ai mon compagnon mais il n&rsquo;es<\/p>\n","protected":false},"author":461446,"featured_media":0,"comment_status":"open","ping_status":"open","sticky":false,"template":"","format":"standard","meta":[],"categories":[1],"tags":[],"yoast_head":"<!-- This site is optimized with the Yoast SEO plugin v20.4 - https:\/\/yoast.com\/wordpress\/plugins\/seo\/ -->\n<title>si seule!!!:( - Les confessions<\/title>\n<meta name=\"robots\" content=\"index, follow, max-snippet:-1, max-image-preview:large, max-video-preview:-1\" \/>\n<link rel=\"canonical\" href=\"https:\/\/www.neufmois.fr\/les-confessions\/si-seule\" \/>\n<meta property=\"og:locale\" content=\"fr_FR\" \/>\n<meta property=\"og:type\" content=\"article\" \/>\n<meta property=\"og:title\" content=\"si seule!!!:( - Les confessions\" \/>\n<meta property=\"og:description\" content=\"je suis maman d&rsquo;une petite fille que j\u2019\u00e9l\u00e8ve seule s\u00e9par\u00e9 de sont papa car j&rsquo;ai subi des violence conjugale, j attends mon deuxi\u00e8me enfants pour fin septembre c&rsquo;est un gar\u00e7on,je me sens seule je n&rsquo;es pas de famille ma maman d\u00e9c\u00e9d\u00e9 il y a 7 ans,je connais pas mon p\u00e8re,et j&rsquo;ai deux grande soeurs qui sens foute de moi alors que j&rsquo;ai toujours \u00e9tais la pour elle,je ne les vois plus,mes amis mon toujours poignarder dans le dos,donc je suis constamment seule avec ma fille,j&rsquo;ai mon compagnon mais il n&rsquo;es\" \/>\n<meta property=\"og:url\" content=\"https:\/\/www.neufmois.fr\/les-confessions\/si-seule\" \/>\n<meta property=\"og:site_name\" content=\"Les confessions\" \/>\n<meta property=\"article:published_time\" content=\"2012-08-04T23:20:00+00:00\" \/>\n<meta name=\"author\" content=\"maman anonyme\" \/>\n<meta name=\"twitter:card\" content=\"summary_large_image\" \/>\n<meta name=\"twitter:label1\" content=\"\u00c9crit par\" \/>\n\t<meta name=\"twitter:data1\" content=\"maman anonyme\" \/>\n\t<meta name=\"twitter:label2\" content=\"Dur\u00e9e de lecture estim\u00e9e\" \/>\n\t<meta name=\"twitter:data2\" content=\"1 minute\" \/>\n<script type=\"application\/ld+json\" class=\"yoast-schema-graph\">{\"@context\":\"https:\/\/schema.org\",\"@graph\":[{\"@type\":\"WebPage\",\"@id\":\"https:\/\/www.neufmois.fr\/les-confessions\/si-seule\",\"url\":\"https:\/\/www.neufmois.fr\/les-confessions\/si-seule\",\"name\":\"si seule!!!:( - Les confessions\",\"isPartOf\":{\"@id\":\"https:\/\/www.neufmois.fr\/les-confessions\/#website\"},\"datePublished\":\"2012-08-04T23:20:00+00:00\",\"dateModified\":\"2012-08-04T23:20:00+00:00\",\"author\":{\"@id\":\"https:\/\/www.neufmois.fr\/les-confessions\/#\/schema\/person\/893fe127c653ae6741f53a67962f8b5d\"},\"breadcrumb\":{\"@id\":\"https:\/\/www.neufmois.fr\/les-confessions\/si-seule#breadcrumb\"},\"inLanguage\":\"fr-FR\",\"potentialAction\":[{\"@type\":\"ReadAction\",\"target\":[\"https:\/\/www.neufmois.fr\/les-confessions\/si-seule\"]}]},{\"@type\":\"BreadcrumbList\",\"@id\":\"https:\/\/www.neufmois.fr\/les-confessions\/si-seule#breadcrumb\",\"itemListElement\":[{\"@type\":\"ListItem\",\"position\":1,\"name\":\"Accueil\",\"item\":\"https:\/\/www.neufmois.fr\/les-confessions\/\"},{\"@type\":\"ListItem\",\"position\":2,\"name\":\"si seule!!!:(\"}]},{\"@type\":\"WebSite\",\"@id\":\"https:\/\/www.neufmois.fr\/les-confessions\/#website\",\"url\":\"https:\/\/www.neufmois.fr\/les-confessions\/\",\"name\":\"Les confessions\",\"description\":\" Les confessions\",\"potentialAction\":[{\"@type\":\"SearchAction\",\"target\":{\"@type\":\"EntryPoint\",\"urlTemplate\":\"https:\/\/www.neufmois.fr\/les-confessions\/?s={search_term_string}\"},\"query-input\":\"required name=search_term_string\"}],\"inLanguage\":\"fr-FR\"},{\"@type\":\"Person\",\"@id\":\"https:\/\/www.neufmois.fr\/les-confessions\/#\/schema\/person\/893fe127c653ae6741f53a67962f8b5d\",\"name\":\"maman anonyme\",\"image\":{\"@type\":\"ImageObject\",\"inLanguage\":\"fr-FR\",\"@id\":\"https:\/\/www.neufmois.fr\/les-confessions\/#\/schema\/person\/image\/\",\"url\":\"https:\/\/secure.gravatar.com\/avatar\/e4b3abeefeb17983433f333a4c54f394?s=96&d=mm&r=g\",\"contentUrl\":\"https:\/\/secure.gravatar.com\/avatar\/e4b3abeefeb17983433f333a4c54f394?s=96&d=mm&r=g\",\"caption\":\"maman anonyme\"},\"url\":\"https:\/\/www.neufmois.fr\/les-confessions\/author\/anonyme\"}]}<\/script>\n<!-- \/ Yoast SEO plugin. -->","yoast_head_json":{"title":"si seule!!!:( - Les confessions","robots":{"index":"index","follow":"follow","max-snippet":"max-snippet:-1","max-image-preview":"max-image-preview:large","max-video-preview":"max-video-preview:-1"},"canonical":"https:\/\/www.neufmois.fr\/les-confessions\/si-seule","og_locale":"fr_FR","og_type":"article","og_title":"si seule!!!:( - Les confessions","og_description":"je suis maman d&rsquo;une petite fille que j\u2019\u00e9l\u00e8ve seule s\u00e9par\u00e9 de sont papa car j&rsquo;ai subi des violence conjugale, j attends mon deuxi\u00e8me enfants pour fin septembre c&rsquo;est un gar\u00e7on,je me sens seule je n&rsquo;es pas de famille ma maman d\u00e9c\u00e9d\u00e9 il y a 7 ans,je connais pas mon p\u00e8re,et j&rsquo;ai deux grande soeurs qui sens foute de moi alors que j&rsquo;ai toujours \u00e9tais la pour elle,je ne les vois plus,mes amis mon toujours poignarder dans le dos,donc je suis constamment seule avec ma fille,j&rsquo;ai mon compagnon mais il n&rsquo;es","og_url":"https:\/\/www.neufmois.fr\/les-confessions\/si-seule","og_site_name":"Les confessions","article_published_time":"2012-08-04T23:20:00+00:00","author":"maman anonyme","twitter_card":"summary_large_image","twitter_misc":{"\u00c9crit par":"maman anonyme","Dur\u00e9e de lecture estim\u00e9e":"1 minute"},"schema":{"@context":"https:\/\/schema.org","@graph":[{"@type":"WebPage","@id":"https:\/\/www.neufmois.fr\/les-confessions\/si-seule","url":"https:\/\/www.neufmois.fr\/les-confessions\/si-seule","name":"si seule!!!:( - Les confessions","isPartOf":{"@id":"https:\/\/www.neufmois.fr\/les-confessions\/#website"},"datePublished":"2012-08-04T23:20:00+00:00","dateModified":"2012-08-04T23:20:00+00:00","author":{"@id":"https:\/\/www.neufmois.fr\/les-confessions\/#\/schema\/person\/893fe127c653ae6741f53a67962f8b5d"},"breadcrumb":{"@id":"https:\/\/www.neufmois.fr\/les-confessions\/si-seule#breadcrumb"},"inLanguage":"fr-FR","potentialAction":[{"@type":"ReadAction","target":["https:\/\/www.neufmois.fr\/les-confessions\/si-seule"]}]},{"@type":"BreadcrumbList","@id":"https:\/\/www.neufmois.fr\/les-confessions\/si-seule#breadcrumb","itemListElement":[{"@type":"ListItem","position":1,"name":"Accueil","item":"https:\/\/www.neufmois.fr\/les-confessions\/"},{"@type":"ListItem","position":2,"name":"si seule!!!:("}]},{"@type":"WebSite","@id":"https:\/\/www.neufmois.fr\/les-confessions\/#website","url":"https:\/\/www.neufmois.fr\/les-confessions\/","name":"Les confessions","description":" Les confessions","potentialAction":[{"@type":"SearchAction","target":{"@type":"EntryPoint","urlTemplate":"https:\/\/www.neufmois.fr\/les-confessions\/?s={search_term_string}"},"query-input":"required name=search_term_string"}],"inLanguage":"fr-FR"},{"@type":"Person","@id":"https:\/\/www.neufmois.fr\/les-confessions\/#\/schema\/person\/893fe127c653ae6741f53a67962f8b5d","name":"maman anonyme","image":{"@type":"ImageObject","inLanguage":"fr-FR","@id":"https:\/\/www.neufmois.fr\/les-confessions\/#\/schema\/person\/image\/","url":"https:\/\/secure.gravatar.com\/avatar\/e4b3abeefeb17983433f333a4c54f394?s=96&d=mm&r=g","contentUrl":"https:\/\/secure.gravatar.com\/avatar\/e4b3abeefeb17983433f333a4c54f394?s=96&d=mm&r=g","caption":"maman anonyme"},"url":"https:\/\/www.neufmois.fr\/les-confessions\/author\/anonyme"}]}},"amp_enabled":true,"_links":{"self":[{"href":"https:\/\/www.neufmois.fr\/les-confessions\/wp-json\/wp\/v2\/posts\/172"}],"collection":[{"href":"https:\/\/www.neufmois.fr\/les-confessions\/wp-json\/wp\/v2\/posts"}],"about":[{"href":"https:\/\/www.neufmois.fr\/les-confessions\/wp-json\/wp\/v2\/types\/post"}],"author":[{"embeddable":true,"href":"https:\/\/www.neufmois.fr\/les-confessions\/wp-json\/wp\/v2\/users\/461446"}],"replies":[{"embeddable":true,"href":"https:\/\/www.neufmois.fr\/les-confessions\/wp-json\/wp\/v2\/comments?post=172"}],"version-history":[{"count":0,"href":"https:\/\/www.neufmois.fr\/les-confessions\/wp-json\/wp\/v2\/posts\/172\/revisions"}],"wp:attachment":[{"href":"https:\/\/www.neufmois.fr\/les-confessions\/wp-json\/wp\/v2\/media?parent=172"}],"wp:term":[{"taxonomy":"category","embeddable":true,"href":"https:\/\/www.neufmois.fr\/les-confessions\/wp-json\/wp\/v2\/categories?post=172"},{"taxonomy":"post_tag","embeddable":true,"href":"https:\/\/www.neufmois.fr\/les-confessions\/wp-json\/wp\/v2\/tags?post=172"}],"curies":[{"name":"wp","href":"https:\/\/api.w.org\/{rel}","templated":true}]}}