{"id":171,"date":"2012-08-05T04:49:00","date_gmt":"2012-08-05T04:49:00","guid":{"rendered":"https:\/\/www.neufmois.fr\/les-confessions\/?p=171"},"modified":"2012-08-05T04:49:00","modified_gmt":"2012-08-05T04:49:00","slug":"suis-je-une-mauvaise-mere","status":"publish","type":"post","link":"https:\/\/www.neufmois.fr\/les-confessions\/suis-je-une-mauvaise-mere","title":{"rendered":"suis je une mauvaise m\u00e8re"},"content":{"rendered":"<p>bonjour,<\/p>\n<p>j&rsquo;ai un petit gar\u00e7on d&rsquo;un mois et j&rsquo;en peux plus et \u00e7a me fait mal.<\/p>\n<p>cet enfant on l&rsquo;a d\u00e9sir\u00e9, on a mis 3 ans \u00e0 l&rsquo;avoir avec ins\u00e9mination et maintenant par moment on regrette presque.<br \/>\nl&rsquo;accouchement a \u00e9t\u00e9 \u00e9prouvant par c\u00e9sarienne mais j&rsquo;ai \u00e9t\u00e9 malmen\u00e9 \u00e0 la maternit\u00e9 j&rsquo;ai eu entorses ligaments du bassin avec pubalgie aigue et personne ne me croyait quand je disais je pouvais pas bouger . elles m&rsquo;ont brusquait pour le 1er lever et je me suis retrouv\u00e9e avec h\u00e9matome et induration \u00e0 la cicatrice. j&rsquo;ai mis 3 semaines \u00e0 pouvoir remarcher normalement.<br \/>\nje pensais que mon probl\u00e8me venait de l\u00e0 mais mon conjoint \u00e0 la m\u00eame r\u00e9action que moi.<\/p>\n<p>on s&rsquo;entend bien et on s&rsquo;engeule pas quand un craque l&rsquo;autre prend le relais et c&rsquo;est souvent moi qui prend le relais. mais voil\u00e0 quand mon conjoint bosse de nuit comme en ce moment, je suis d\u00e9pass\u00e9e, je craque.<br \/>\nmon b\u00e9b\u00e9 r\u00e9clame le biberon toutes les 3H00 et met une heure pour le boire. je suis d\u00e9pass\u00e9e car il me r\u00e9clame le biberon et quand je lui met la t\u00e9tine il la veut pas et \u00e7a me met hors de moi car je ne comprend pas ce qu&rsquo;il veut.<br \/>\nje m&rsquo;\u00e9nerve et \u00e7a m&rsquo;arrive de crier.<\/p>\n<p>je me sens mis\u00e9rable, je dors pas, je sors pas, je vois personne.<br \/>\nles beaux parents sont venus 2 week end pour prendre le relais et avec eux tout se passe bien le petit fait m\u00eame presque ses nuits et \u00e7a me d\u00e9prime encore plus car je sais que le probl\u00e8me vient de moi.<\/p>\n<p>ma belle m\u00e8re me dit qu&rsquo;on est de bon parents qu&rsquo;eux aussi on gal\u00e9r\u00e9 comme nous et avait de mauvaises pens\u00e9e en regrettant d&rsquo;avoir fait un b\u00e9b\u00e9 mais c&rsquo;est juste que \u00e7a traverse l&rsquo;esprit c&rsquo;est les nerfs qui parle et pas les parents.<\/p>\n<p>je sais pas quand j&rsquo;en parle \u00e0 certaines femme j&rsquo;ai l&rsquo;impression de passer pour un monstre alors que mon conjoint qui en parle avec des amis , ils lui disent que c&rsquo;\u00e9tait pareil pour eux.<\/p>\n<p>crier, regretter par moment de le faire pour moi c&rsquo;est \u00eatre de mauvais parents. j&rsquo;ai pas l&rsquo;instinct maternel<\/p>\n<p>je sais pas quoi faire<\/p>\n","protected":false},"excerpt":{"rendered":"<p>bonjour, j&rsquo;ai un petit gar\u00e7on d&rsquo;un mois et j&rsquo;en peux plus et \u00e7a me fait mal. cet enfant on l&rsquo;a d\u00e9sir\u00e9, on a mis 3 ans \u00e0 l&rsquo;avoir avec ins\u00e9mination et maintenant par moment on regrette presque. l&rsquo;accouchement a \u00e9t\u00e9 \u00e9prouvant par c\u00e9sarienne mais j&rsquo;ai \u00e9t\u00e9 malmen\u00e9 \u00e0 la maternit\u00e9 j&rsquo;ai eu entorses ligaments du bassin avec pubalgie aigue et personne ne me croyait quand je disais je pouvais pas bouger . elles m&rsquo;ont brusquait pour le 1er lever et je me suis retrouv\u00e9e avec h\u00e9matome et induration \u00e0 la<\/p>\n","protected":false},"author":461446,"featured_media":0,"comment_status":"open","ping_status":"open","sticky":false,"template":"","format":"standard","meta":[],"categories":[1],"tags":[],"yoast_head":"<!-- This site is optimized with the Yoast SEO plugin v20.4 - https:\/\/yoast.com\/wordpress\/plugins\/seo\/ -->\n<title>suis je une mauvaise m\u00e8re - Les confessions<\/title>\n<meta name=\"robots\" content=\"index, follow, max-snippet:-1, max-image-preview:large, max-video-preview:-1\" \/>\n<link rel=\"canonical\" href=\"https:\/\/www.neufmois.fr\/les-confessions\/suis-je-une-mauvaise-mere\" \/>\n<meta property=\"og:locale\" content=\"fr_FR\" \/>\n<meta property=\"og:type\" content=\"article\" \/>\n<meta property=\"og:title\" content=\"suis je une mauvaise m\u00e8re - Les confessions\" \/>\n<meta property=\"og:description\" content=\"bonjour, j&rsquo;ai un petit gar\u00e7on d&rsquo;un mois et j&rsquo;en peux plus et \u00e7a me fait mal. cet enfant on l&rsquo;a d\u00e9sir\u00e9, on a mis 3 ans \u00e0 l&rsquo;avoir avec ins\u00e9mination et maintenant par moment on regrette presque. l&rsquo;accouchement a \u00e9t\u00e9 \u00e9prouvant par c\u00e9sarienne mais j&rsquo;ai \u00e9t\u00e9 malmen\u00e9 \u00e0 la maternit\u00e9 j&rsquo;ai eu entorses ligaments du bassin avec pubalgie aigue et personne ne me croyait quand je disais je pouvais pas bouger . elles m&rsquo;ont brusquait pour le 1er lever et je me suis retrouv\u00e9e avec h\u00e9matome et induration \u00e0 la\" \/>\n<meta property=\"og:url\" content=\"https:\/\/www.neufmois.fr\/les-confessions\/suis-je-une-mauvaise-mere\" \/>\n<meta property=\"og:site_name\" content=\"Les confessions\" \/>\n<meta property=\"article:published_time\" content=\"2012-08-05T04:49:00+00:00\" \/>\n<meta name=\"author\" content=\"maman anonyme\" \/>\n<meta name=\"twitter:card\" content=\"summary_large_image\" \/>\n<meta name=\"twitter:label1\" content=\"\u00c9crit par\" \/>\n\t<meta name=\"twitter:data1\" content=\"maman anonyme\" \/>\n\t<meta name=\"twitter:label2\" content=\"Dur\u00e9e de lecture estim\u00e9e\" \/>\n\t<meta name=\"twitter:data2\" content=\"2 minutes\" \/>\n<script type=\"application\/ld+json\" class=\"yoast-schema-graph\">{\"@context\":\"https:\/\/schema.org\",\"@graph\":[{\"@type\":\"WebPage\",\"@id\":\"https:\/\/www.neufmois.fr\/les-confessions\/suis-je-une-mauvaise-mere\",\"url\":\"https:\/\/www.neufmois.fr\/les-confessions\/suis-je-une-mauvaise-mere\",\"name\":\"suis je une mauvaise m\u00e8re - Les confessions\",\"isPartOf\":{\"@id\":\"https:\/\/www.neufmois.fr\/les-confessions\/#website\"},\"datePublished\":\"2012-08-05T04:49:00+00:00\",\"dateModified\":\"2012-08-05T04:49:00+00:00\",\"author\":{\"@id\":\"https:\/\/www.neufmois.fr\/les-confessions\/#\/schema\/person\/893fe127c653ae6741f53a67962f8b5d\"},\"breadcrumb\":{\"@id\":\"https:\/\/www.neufmois.fr\/les-confessions\/suis-je-une-mauvaise-mere#breadcrumb\"},\"inLanguage\":\"fr-FR\",\"potentialAction\":[{\"@type\":\"ReadAction\",\"target\":[\"https:\/\/www.neufmois.fr\/les-confessions\/suis-je-une-mauvaise-mere\"]}]},{\"@type\":\"BreadcrumbList\",\"@id\":\"https:\/\/www.neufmois.fr\/les-confessions\/suis-je-une-mauvaise-mere#breadcrumb\",\"itemListElement\":[{\"@type\":\"ListItem\",\"position\":1,\"name\":\"Accueil\",\"item\":\"https:\/\/www.neufmois.fr\/les-confessions\/\"},{\"@type\":\"ListItem\",\"position\":2,\"name\":\"suis je une mauvaise m\u00e8re\"}]},{\"@type\":\"WebSite\",\"@id\":\"https:\/\/www.neufmois.fr\/les-confessions\/#website\",\"url\":\"https:\/\/www.neufmois.fr\/les-confessions\/\",\"name\":\"Les confessions\",\"description\":\" Les confessions\",\"potentialAction\":[{\"@type\":\"SearchAction\",\"target\":{\"@type\":\"EntryPoint\",\"urlTemplate\":\"https:\/\/www.neufmois.fr\/les-confessions\/?s={search_term_string}\"},\"query-input\":\"required name=search_term_string\"}],\"inLanguage\":\"fr-FR\"},{\"@type\":\"Person\",\"@id\":\"https:\/\/www.neufmois.fr\/les-confessions\/#\/schema\/person\/893fe127c653ae6741f53a67962f8b5d\",\"name\":\"maman anonyme\",\"image\":{\"@type\":\"ImageObject\",\"inLanguage\":\"fr-FR\",\"@id\":\"https:\/\/www.neufmois.fr\/les-confessions\/#\/schema\/person\/image\/\",\"url\":\"https:\/\/secure.gravatar.com\/avatar\/e4b3abeefeb17983433f333a4c54f394?s=96&d=mm&r=g\",\"contentUrl\":\"https:\/\/secure.gravatar.com\/avatar\/e4b3abeefeb17983433f333a4c54f394?s=96&d=mm&r=g\",\"caption\":\"maman anonyme\"},\"url\":\"https:\/\/www.neufmois.fr\/les-confessions\/author\/anonyme\"}]}<\/script>\n<!-- \/ Yoast SEO plugin. -->","yoast_head_json":{"title":"suis je une mauvaise m\u00e8re - Les confessions","robots":{"index":"index","follow":"follow","max-snippet":"max-snippet:-1","max-image-preview":"max-image-preview:large","max-video-preview":"max-video-preview:-1"},"canonical":"https:\/\/www.neufmois.fr\/les-confessions\/suis-je-une-mauvaise-mere","og_locale":"fr_FR","og_type":"article","og_title":"suis je une mauvaise m\u00e8re - Les confessions","og_description":"bonjour, j&rsquo;ai un petit gar\u00e7on d&rsquo;un mois et j&rsquo;en peux plus et \u00e7a me fait mal. cet enfant on l&rsquo;a d\u00e9sir\u00e9, on a mis 3 ans \u00e0 l&rsquo;avoir avec ins\u00e9mination et maintenant par moment on regrette presque. l&rsquo;accouchement a \u00e9t\u00e9 \u00e9prouvant par c\u00e9sarienne mais j&rsquo;ai \u00e9t\u00e9 malmen\u00e9 \u00e0 la maternit\u00e9 j&rsquo;ai eu entorses ligaments du bassin avec pubalgie aigue et personne ne me croyait quand je disais je pouvais pas bouger . elles m&rsquo;ont brusquait pour le 1er lever et je me suis retrouv\u00e9e avec h\u00e9matome et induration \u00e0 la","og_url":"https:\/\/www.neufmois.fr\/les-confessions\/suis-je-une-mauvaise-mere","og_site_name":"Les confessions","article_published_time":"2012-08-05T04:49:00+00:00","author":"maman anonyme","twitter_card":"summary_large_image","twitter_misc":{"\u00c9crit par":"maman anonyme","Dur\u00e9e de lecture estim\u00e9e":"2 minutes"},"schema":{"@context":"https:\/\/schema.org","@graph":[{"@type":"WebPage","@id":"https:\/\/www.neufmois.fr\/les-confessions\/suis-je-une-mauvaise-mere","url":"https:\/\/www.neufmois.fr\/les-confessions\/suis-je-une-mauvaise-mere","name":"suis je une mauvaise m\u00e8re - Les confessions","isPartOf":{"@id":"https:\/\/www.neufmois.fr\/les-confessions\/#website"},"datePublished":"2012-08-05T04:49:00+00:00","dateModified":"2012-08-05T04:49:00+00:00","author":{"@id":"https:\/\/www.neufmois.fr\/les-confessions\/#\/schema\/person\/893fe127c653ae6741f53a67962f8b5d"},"breadcrumb":{"@id":"https:\/\/www.neufmois.fr\/les-confessions\/suis-je-une-mauvaise-mere#breadcrumb"},"inLanguage":"fr-FR","potentialAction":[{"@type":"ReadAction","target":["https:\/\/www.neufmois.fr\/les-confessions\/suis-je-une-mauvaise-mere"]}]},{"@type":"BreadcrumbList","@id":"https:\/\/www.neufmois.fr\/les-confessions\/suis-je-une-mauvaise-mere#breadcrumb","itemListElement":[{"@type":"ListItem","position":1,"name":"Accueil","item":"https:\/\/www.neufmois.fr\/les-confessions\/"},{"@type":"ListItem","position":2,"name":"suis je une mauvaise m\u00e8re"}]},{"@type":"WebSite","@id":"https:\/\/www.neufmois.fr\/les-confessions\/#website","url":"https:\/\/www.neufmois.fr\/les-confessions\/","name":"Les confessions","description":" Les confessions","potentialAction":[{"@type":"SearchAction","target":{"@type":"EntryPoint","urlTemplate":"https:\/\/www.neufmois.fr\/les-confessions\/?s={search_term_string}"},"query-input":"required name=search_term_string"}],"inLanguage":"fr-FR"},{"@type":"Person","@id":"https:\/\/www.neufmois.fr\/les-confessions\/#\/schema\/person\/893fe127c653ae6741f53a67962f8b5d","name":"maman anonyme","image":{"@type":"ImageObject","inLanguage":"fr-FR","@id":"https:\/\/www.neufmois.fr\/les-confessions\/#\/schema\/person\/image\/","url":"https:\/\/secure.gravatar.com\/avatar\/e4b3abeefeb17983433f333a4c54f394?s=96&d=mm&r=g","contentUrl":"https:\/\/secure.gravatar.com\/avatar\/e4b3abeefeb17983433f333a4c54f394?s=96&d=mm&r=g","caption":"maman anonyme"},"url":"https:\/\/www.neufmois.fr\/les-confessions\/author\/anonyme"}]}},"amp_enabled":true,"_links":{"self":[{"href":"https:\/\/www.neufmois.fr\/les-confessions\/wp-json\/wp\/v2\/posts\/171"}],"collection":[{"href":"https:\/\/www.neufmois.fr\/les-confessions\/wp-json\/wp\/v2\/posts"}],"about":[{"href":"https:\/\/www.neufmois.fr\/les-confessions\/wp-json\/wp\/v2\/types\/post"}],"author":[{"embeddable":true,"href":"https:\/\/www.neufmois.fr\/les-confessions\/wp-json\/wp\/v2\/users\/461446"}],"replies":[{"embeddable":true,"href":"https:\/\/www.neufmois.fr\/les-confessions\/wp-json\/wp\/v2\/comments?post=171"}],"version-history":[{"count":0,"href":"https:\/\/www.neufmois.fr\/les-confessions\/wp-json\/wp\/v2\/posts\/171\/revisions"}],"wp:attachment":[{"href":"https:\/\/www.neufmois.fr\/les-confessions\/wp-json\/wp\/v2\/media?parent=171"}],"wp:term":[{"taxonomy":"category","embeddable":true,"href":"https:\/\/www.neufmois.fr\/les-confessions\/wp-json\/wp\/v2\/categories?post=171"},{"taxonomy":"post_tag","embeddable":true,"href":"https:\/\/www.neufmois.fr\/les-confessions\/wp-json\/wp\/v2\/tags?post=171"}],"curies":[{"name":"wp","href":"https:\/\/api.w.org\/{rel}","templated":true}]}}