{"id":169,"date":"2012-08-15T14:44:00","date_gmt":"2012-08-15T14:44:00","guid":{"rendered":"https:\/\/www.neufmois.fr\/les-confessions\/?p=169"},"modified":"2012-08-15T14:44:00","modified_gmt":"2012-08-15T14:44:00","slug":"je-me-confesse","status":"publish","type":"post","link":"https:\/\/www.neufmois.fr\/les-confessions\/je-me-confesse","title":{"rendered":"je me confesse&#8230;"},"content":{"rendered":"<p>bonjour a toutes..<br \/>\nje me dis que ca va me faire du bien..<br \/>\njai un bebe de bientot 7 mois qui sapelle hugo et qui est merveilleux..tout le monde le trouve beau et apparament il est \u00ab\u00a0facile\u00a0\u00bb comme dirait les autres parents et autres grands parents<br \/>\nc&rsquo;est un enfant voulu et desir\u00e9 par mon mari et moi,notre premier&#8230;<br \/>\ndepuis mon accouchement je regis en veritable lionne aupres de mon fils n&rsquo;ayant laiss\u00e9 que tres peu de place a mon mari qui se sent surement a cot\u00e9 de la plaque du coup..jai vraiment \u00e9t\u00e9 tres dure avec lui..lui faisant comprendre quil ny avait que Moi pour comprendre hugo.<br \/>\naujourdhui il va avoir 7 mois..je fais pratiquement tout ce qui concerne les biberons la bouffe les couches a changer..bref je le gere&#8230;<br \/>\net je craque!<br \/>\nje me sens tout seule..et epuisee!<br \/>\nmon mari que jai rejet\u00e9 ma laiss\u00e9 ger\u00e9 et aujourdhui..s&rsquo;est retir\u00e9 de lorganisation et des soins&#8230;<br \/>\nil agit et soccupe de son fils lorsqu&rsquo;il voit que vraiment je suis a bout!<br \/>\net c&rsquo;est vrai je frole la crise de nerf pour un rien maintenant ..alors que mon fils est adorable!il sourit tout le temps,mange tres bien!fais toutes ces nuits et les siestes(3 par jour)se passent tres bien!<br \/>\nje pense que le probleme de mon abattement est ce dysfonctionnement au sein de mon couple;<br \/>\ncomment faire pour arriver a fonctionner a 3 alors que jai tout voulu gerer???!!!!<br \/>\nje suis perdue et fatiguee<br \/>\net je ne veux pas que mon b\u00e9b\u00e9 souffre de mes sautes dhumeur ainsi que celle de mon mari!<br \/>\nje precise que jaime mon mari plus que tout et que pour un pemier enfant ce n&rsquo;est jamais simple il parait..mais aidez moi&#8230;comment ca se passe avec vos maris.?<br \/>\nmerciiiiiii<br \/>\nsandrina<\/p>\n","protected":false},"excerpt":{"rendered":"<p>bonjour a toutes.. je me dis que ca va me faire du bien.. jai un bebe de bientot 7 mois qui sapelle hugo et qui est merveilleux..tout le monde le trouve beau et apparament il est \u00ab\u00a0facile\u00a0\u00bb comme dirait les autres parents et autres grands parents c&rsquo;est un enfant voulu et desir\u00e9 par mon mari et moi,notre premier&#8230; depuis mon accouchement je regis en veritable lionne aupres de mon fils n&rsquo;ayant laiss\u00e9 que tres peu de place a mon mari qui se sent surement a cot\u00e9 de la plaque du<\/p>\n","protected":false},"author":461446,"featured_media":0,"comment_status":"open","ping_status":"open","sticky":false,"template":"","format":"standard","meta":[],"categories":[1],"tags":[],"yoast_head":"<!-- This site is optimized with the Yoast SEO plugin v20.4 - https:\/\/yoast.com\/wordpress\/plugins\/seo\/ -->\n<title>je me confesse... - Les confessions<\/title>\n<meta name=\"robots\" content=\"index, follow, max-snippet:-1, max-image-preview:large, max-video-preview:-1\" \/>\n<link rel=\"canonical\" href=\"https:\/\/www.neufmois.fr\/les-confessions\/je-me-confesse\" \/>\n<meta property=\"og:locale\" content=\"fr_FR\" \/>\n<meta property=\"og:type\" content=\"article\" \/>\n<meta property=\"og:title\" content=\"je me confesse... - Les confessions\" \/>\n<meta property=\"og:description\" content=\"bonjour a toutes.. je me dis que ca va me faire du bien.. jai un bebe de bientot 7 mois qui sapelle hugo et qui est merveilleux..tout le monde le trouve beau et apparament il est \u00ab\u00a0facile\u00a0\u00bb comme dirait les autres parents et autres grands parents c&rsquo;est un enfant voulu et desir\u00e9 par mon mari et moi,notre premier&#8230; depuis mon accouchement je regis en veritable lionne aupres de mon fils n&rsquo;ayant laiss\u00e9 que tres peu de place a mon mari qui se sent surement a cot\u00e9 de la plaque du\" \/>\n<meta property=\"og:url\" content=\"https:\/\/www.neufmois.fr\/les-confessions\/je-me-confesse\" \/>\n<meta property=\"og:site_name\" content=\"Les confessions\" \/>\n<meta property=\"article:published_time\" content=\"2012-08-15T14:44:00+00:00\" \/>\n<meta name=\"author\" content=\"maman anonyme\" \/>\n<meta name=\"twitter:card\" content=\"summary_large_image\" \/>\n<meta name=\"twitter:label1\" content=\"\u00c9crit par\" \/>\n\t<meta name=\"twitter:data1\" content=\"maman anonyme\" \/>\n\t<meta name=\"twitter:label2\" content=\"Dur\u00e9e de lecture estim\u00e9e\" \/>\n\t<meta name=\"twitter:data2\" content=\"2 minutes\" \/>\n<script type=\"application\/ld+json\" class=\"yoast-schema-graph\">{\"@context\":\"https:\/\/schema.org\",\"@graph\":[{\"@type\":\"WebPage\",\"@id\":\"https:\/\/www.neufmois.fr\/les-confessions\/je-me-confesse\",\"url\":\"https:\/\/www.neufmois.fr\/les-confessions\/je-me-confesse\",\"name\":\"je me confesse... - Les confessions\",\"isPartOf\":{\"@id\":\"https:\/\/www.neufmois.fr\/les-confessions\/#website\"},\"datePublished\":\"2012-08-15T14:44:00+00:00\",\"dateModified\":\"2012-08-15T14:44:00+00:00\",\"author\":{\"@id\":\"https:\/\/www.neufmois.fr\/les-confessions\/#\/schema\/person\/893fe127c653ae6741f53a67962f8b5d\"},\"breadcrumb\":{\"@id\":\"https:\/\/www.neufmois.fr\/les-confessions\/je-me-confesse#breadcrumb\"},\"inLanguage\":\"fr-FR\",\"potentialAction\":[{\"@type\":\"ReadAction\",\"target\":[\"https:\/\/www.neufmois.fr\/les-confessions\/je-me-confesse\"]}]},{\"@type\":\"BreadcrumbList\",\"@id\":\"https:\/\/www.neufmois.fr\/les-confessions\/je-me-confesse#breadcrumb\",\"itemListElement\":[{\"@type\":\"ListItem\",\"position\":1,\"name\":\"Accueil\",\"item\":\"https:\/\/www.neufmois.fr\/les-confessions\/\"},{\"@type\":\"ListItem\",\"position\":2,\"name\":\"je me confesse&#8230;\"}]},{\"@type\":\"WebSite\",\"@id\":\"https:\/\/www.neufmois.fr\/les-confessions\/#website\",\"url\":\"https:\/\/www.neufmois.fr\/les-confessions\/\",\"name\":\"Les confessions\",\"description\":\" Les confessions\",\"potentialAction\":[{\"@type\":\"SearchAction\",\"target\":{\"@type\":\"EntryPoint\",\"urlTemplate\":\"https:\/\/www.neufmois.fr\/les-confessions\/?s={search_term_string}\"},\"query-input\":\"required name=search_term_string\"}],\"inLanguage\":\"fr-FR\"},{\"@type\":\"Person\",\"@id\":\"https:\/\/www.neufmois.fr\/les-confessions\/#\/schema\/person\/893fe127c653ae6741f53a67962f8b5d\",\"name\":\"maman anonyme\",\"image\":{\"@type\":\"ImageObject\",\"inLanguage\":\"fr-FR\",\"@id\":\"https:\/\/www.neufmois.fr\/les-confessions\/#\/schema\/person\/image\/\",\"url\":\"https:\/\/secure.gravatar.com\/avatar\/e4b3abeefeb17983433f333a4c54f394?s=96&d=mm&r=g\",\"contentUrl\":\"https:\/\/secure.gravatar.com\/avatar\/e4b3abeefeb17983433f333a4c54f394?s=96&d=mm&r=g\",\"caption\":\"maman anonyme\"},\"url\":\"https:\/\/www.neufmois.fr\/les-confessions\/author\/anonyme\"}]}<\/script>\n<!-- \/ Yoast SEO plugin. -->","yoast_head_json":{"title":"je me confesse... - Les confessions","robots":{"index":"index","follow":"follow","max-snippet":"max-snippet:-1","max-image-preview":"max-image-preview:large","max-video-preview":"max-video-preview:-1"},"canonical":"https:\/\/www.neufmois.fr\/les-confessions\/je-me-confesse","og_locale":"fr_FR","og_type":"article","og_title":"je me confesse... - Les confessions","og_description":"bonjour a toutes.. je me dis que ca va me faire du bien.. jai un bebe de bientot 7 mois qui sapelle hugo et qui est merveilleux..tout le monde le trouve beau et apparament il est \u00ab\u00a0facile\u00a0\u00bb comme dirait les autres parents et autres grands parents c&rsquo;est un enfant voulu et desir\u00e9 par mon mari et moi,notre premier&#8230; depuis mon accouchement je regis en veritable lionne aupres de mon fils n&rsquo;ayant laiss\u00e9 que tres peu de place a mon mari qui se sent surement a cot\u00e9 de la plaque du","og_url":"https:\/\/www.neufmois.fr\/les-confessions\/je-me-confesse","og_site_name":"Les confessions","article_published_time":"2012-08-15T14:44:00+00:00","author":"maman anonyme","twitter_card":"summary_large_image","twitter_misc":{"\u00c9crit par":"maman anonyme","Dur\u00e9e de lecture estim\u00e9e":"2 minutes"},"schema":{"@context":"https:\/\/schema.org","@graph":[{"@type":"WebPage","@id":"https:\/\/www.neufmois.fr\/les-confessions\/je-me-confesse","url":"https:\/\/www.neufmois.fr\/les-confessions\/je-me-confesse","name":"je me confesse... - Les confessions","isPartOf":{"@id":"https:\/\/www.neufmois.fr\/les-confessions\/#website"},"datePublished":"2012-08-15T14:44:00+00:00","dateModified":"2012-08-15T14:44:00+00:00","author":{"@id":"https:\/\/www.neufmois.fr\/les-confessions\/#\/schema\/person\/893fe127c653ae6741f53a67962f8b5d"},"breadcrumb":{"@id":"https:\/\/www.neufmois.fr\/les-confessions\/je-me-confesse#breadcrumb"},"inLanguage":"fr-FR","potentialAction":[{"@type":"ReadAction","target":["https:\/\/www.neufmois.fr\/les-confessions\/je-me-confesse"]}]},{"@type":"BreadcrumbList","@id":"https:\/\/www.neufmois.fr\/les-confessions\/je-me-confesse#breadcrumb","itemListElement":[{"@type":"ListItem","position":1,"name":"Accueil","item":"https:\/\/www.neufmois.fr\/les-confessions\/"},{"@type":"ListItem","position":2,"name":"je me confesse&#8230;"}]},{"@type":"WebSite","@id":"https:\/\/www.neufmois.fr\/les-confessions\/#website","url":"https:\/\/www.neufmois.fr\/les-confessions\/","name":"Les confessions","description":" Les confessions","potentialAction":[{"@type":"SearchAction","target":{"@type":"EntryPoint","urlTemplate":"https:\/\/www.neufmois.fr\/les-confessions\/?s={search_term_string}"},"query-input":"required name=search_term_string"}],"inLanguage":"fr-FR"},{"@type":"Person","@id":"https:\/\/www.neufmois.fr\/les-confessions\/#\/schema\/person\/893fe127c653ae6741f53a67962f8b5d","name":"maman anonyme","image":{"@type":"ImageObject","inLanguage":"fr-FR","@id":"https:\/\/www.neufmois.fr\/les-confessions\/#\/schema\/person\/image\/","url":"https:\/\/secure.gravatar.com\/avatar\/e4b3abeefeb17983433f333a4c54f394?s=96&d=mm&r=g","contentUrl":"https:\/\/secure.gravatar.com\/avatar\/e4b3abeefeb17983433f333a4c54f394?s=96&d=mm&r=g","caption":"maman anonyme"},"url":"https:\/\/www.neufmois.fr\/les-confessions\/author\/anonyme"}]}},"amp_enabled":true,"_links":{"self":[{"href":"https:\/\/www.neufmois.fr\/les-confessions\/wp-json\/wp\/v2\/posts\/169"}],"collection":[{"href":"https:\/\/www.neufmois.fr\/les-confessions\/wp-json\/wp\/v2\/posts"}],"about":[{"href":"https:\/\/www.neufmois.fr\/les-confessions\/wp-json\/wp\/v2\/types\/post"}],"author":[{"embeddable":true,"href":"https:\/\/www.neufmois.fr\/les-confessions\/wp-json\/wp\/v2\/users\/461446"}],"replies":[{"embeddable":true,"href":"https:\/\/www.neufmois.fr\/les-confessions\/wp-json\/wp\/v2\/comments?post=169"}],"version-history":[{"count":0,"href":"https:\/\/www.neufmois.fr\/les-confessions\/wp-json\/wp\/v2\/posts\/169\/revisions"}],"wp:attachment":[{"href":"https:\/\/www.neufmois.fr\/les-confessions\/wp-json\/wp\/v2\/media?parent=169"}],"wp:term":[{"taxonomy":"category","embeddable":true,"href":"https:\/\/www.neufmois.fr\/les-confessions\/wp-json\/wp\/v2\/categories?post=169"},{"taxonomy":"post_tag","embeddable":true,"href":"https:\/\/www.neufmois.fr\/les-confessions\/wp-json\/wp\/v2\/tags?post=169"}],"curies":[{"name":"wp","href":"https:\/\/api.w.org\/{rel}","templated":true}]}}