{"id":167,"date":"2012-08-22T14:42:00","date_gmt":"2012-08-22T14:42:00","guid":{"rendered":"https:\/\/www.neufmois.fr\/les-confessions\/?p=167"},"modified":"2012-08-22T14:42:00","modified_gmt":"2012-08-22T14:42:00","slug":"dur-dur-sans-les-copines","status":"publish","type":"post","link":"https:\/\/www.neufmois.fr\/les-confessions\/dur-dur-sans-les-copines","title":{"rendered":"Dur dur sans les copines&#8230;"},"content":{"rendered":"<p>Bonjour tout le monde, <\/p>\n<p>Jeune maman, je termine mon cong\u00e9 maternit\u00e9 ce mois ci, mais faute de places en cr\u00e8che, je prolonge mon cong\u00e9 par un cong\u00e9 parental de 6 mois. Enchant\u00e9e par cette persepective, le fait de pouponner me r\u00e9jouit, mais tr\u00e8s vite je me rends bien compte que je vais vite me retrouver seule.<\/p>\n<p>De plus, maman \u00e0 24 ans&#8230;pas mal de mes amies ne me comprennent pas et surtout ne comprennent pas mon mode de vie.<\/p>\n<p>C&rsquo;est pourquoi, je me confesse, enfin je viens \u00e0 vous, pour trouver des ateliers, ou des lieux de rencontres avec d&rsquo;autres mamans ou tout autres propositons.<\/p>\n<p>J&rsquo;ai hate de lire vos r\u00e9ponse. Merci <\/p>\n","protected":false},"excerpt":{"rendered":"<p>Bonjour tout le monde, Jeune maman, je termine mon cong\u00e9 maternit\u00e9 ce mois ci, mais faute de places en cr\u00e8che, je prolonge mon cong\u00e9 par un cong\u00e9 parental de 6 mois. Enchant\u00e9e par cette persepective, le fait de pouponner me r\u00e9jouit, mais tr\u00e8s vite je me rends bien compte que je vais vite me retrouver seule. De plus, maman \u00e0 24 ans&#8230;pas mal de mes amies ne me comprennent pas et surtout ne comprennent pas mon mode de vie. C&rsquo;est pourquoi, je me confesse, enfin je viens \u00e0 vous, pour<\/p>\n","protected":false},"author":461446,"featured_media":0,"comment_status":"open","ping_status":"open","sticky":false,"template":"","format":"standard","meta":[],"categories":[1],"tags":[],"yoast_head":"<!-- This site is optimized with the Yoast SEO plugin v20.4 - https:\/\/yoast.com\/wordpress\/plugins\/seo\/ -->\n<title>Dur dur sans les copines... - Les confessions<\/title>\n<meta name=\"robots\" content=\"index, follow, max-snippet:-1, max-image-preview:large, max-video-preview:-1\" \/>\n<link rel=\"canonical\" href=\"https:\/\/www.neufmois.fr\/les-confessions\/dur-dur-sans-les-copines\" \/>\n<meta property=\"og:locale\" content=\"fr_FR\" \/>\n<meta property=\"og:type\" content=\"article\" \/>\n<meta property=\"og:title\" content=\"Dur dur sans les copines... - Les confessions\" \/>\n<meta property=\"og:description\" content=\"Bonjour tout le monde, Jeune maman, je termine mon cong\u00e9 maternit\u00e9 ce mois ci, mais faute de places en cr\u00e8che, je prolonge mon cong\u00e9 par un cong\u00e9 parental de 6 mois. Enchant\u00e9e par cette persepective, le fait de pouponner me r\u00e9jouit, mais tr\u00e8s vite je me rends bien compte que je vais vite me retrouver seule. De plus, maman \u00e0 24 ans&#8230;pas mal de mes amies ne me comprennent pas et surtout ne comprennent pas mon mode de vie. C&rsquo;est pourquoi, je me confesse, enfin je viens \u00e0 vous, pour\" \/>\n<meta property=\"og:url\" content=\"https:\/\/www.neufmois.fr\/les-confessions\/dur-dur-sans-les-copines\" \/>\n<meta property=\"og:site_name\" content=\"Les confessions\" \/>\n<meta property=\"article:published_time\" content=\"2012-08-22T14:42:00+00:00\" \/>\n<meta name=\"author\" content=\"maman anonyme\" \/>\n<meta name=\"twitter:card\" content=\"summary_large_image\" \/>\n<meta name=\"twitter:label1\" content=\"\u00c9crit par\" \/>\n\t<meta name=\"twitter:data1\" content=\"maman anonyme\" \/>\n\t<meta name=\"twitter:label2\" content=\"Dur\u00e9e de lecture estim\u00e9e\" \/>\n\t<meta name=\"twitter:data2\" content=\"1 minute\" \/>\n<script type=\"application\/ld+json\" class=\"yoast-schema-graph\">{\"@context\":\"https:\/\/schema.org\",\"@graph\":[{\"@type\":\"WebPage\",\"@id\":\"https:\/\/www.neufmois.fr\/les-confessions\/dur-dur-sans-les-copines\",\"url\":\"https:\/\/www.neufmois.fr\/les-confessions\/dur-dur-sans-les-copines\",\"name\":\"Dur dur sans les copines... - Les confessions\",\"isPartOf\":{\"@id\":\"https:\/\/www.neufmois.fr\/les-confessions\/#website\"},\"datePublished\":\"2012-08-22T14:42:00+00:00\",\"dateModified\":\"2012-08-22T14:42:00+00:00\",\"author\":{\"@id\":\"https:\/\/www.neufmois.fr\/les-confessions\/#\/schema\/person\/893fe127c653ae6741f53a67962f8b5d\"},\"breadcrumb\":{\"@id\":\"https:\/\/www.neufmois.fr\/les-confessions\/dur-dur-sans-les-copines#breadcrumb\"},\"inLanguage\":\"fr-FR\",\"potentialAction\":[{\"@type\":\"ReadAction\",\"target\":[\"https:\/\/www.neufmois.fr\/les-confessions\/dur-dur-sans-les-copines\"]}]},{\"@type\":\"BreadcrumbList\",\"@id\":\"https:\/\/www.neufmois.fr\/les-confessions\/dur-dur-sans-les-copines#breadcrumb\",\"itemListElement\":[{\"@type\":\"ListItem\",\"position\":1,\"name\":\"Accueil\",\"item\":\"https:\/\/www.neufmois.fr\/les-confessions\/\"},{\"@type\":\"ListItem\",\"position\":2,\"name\":\"Dur dur sans les copines&#8230;\"}]},{\"@type\":\"WebSite\",\"@id\":\"https:\/\/www.neufmois.fr\/les-confessions\/#website\",\"url\":\"https:\/\/www.neufmois.fr\/les-confessions\/\",\"name\":\"Les confessions\",\"description\":\" Les confessions\",\"potentialAction\":[{\"@type\":\"SearchAction\",\"target\":{\"@type\":\"EntryPoint\",\"urlTemplate\":\"https:\/\/www.neufmois.fr\/les-confessions\/?s={search_term_string}\"},\"query-input\":\"required name=search_term_string\"}],\"inLanguage\":\"fr-FR\"},{\"@type\":\"Person\",\"@id\":\"https:\/\/www.neufmois.fr\/les-confessions\/#\/schema\/person\/893fe127c653ae6741f53a67962f8b5d\",\"name\":\"maman anonyme\",\"image\":{\"@type\":\"ImageObject\",\"inLanguage\":\"fr-FR\",\"@id\":\"https:\/\/www.neufmois.fr\/les-confessions\/#\/schema\/person\/image\/\",\"url\":\"https:\/\/secure.gravatar.com\/avatar\/e4b3abeefeb17983433f333a4c54f394?s=96&d=mm&r=g\",\"contentUrl\":\"https:\/\/secure.gravatar.com\/avatar\/e4b3abeefeb17983433f333a4c54f394?s=96&d=mm&r=g\",\"caption\":\"maman anonyme\"},\"url\":\"https:\/\/www.neufmois.fr\/les-confessions\/author\/anonyme\"}]}<\/script>\n<!-- \/ Yoast SEO plugin. -->","yoast_head_json":{"title":"Dur dur sans les copines... - Les confessions","robots":{"index":"index","follow":"follow","max-snippet":"max-snippet:-1","max-image-preview":"max-image-preview:large","max-video-preview":"max-video-preview:-1"},"canonical":"https:\/\/www.neufmois.fr\/les-confessions\/dur-dur-sans-les-copines","og_locale":"fr_FR","og_type":"article","og_title":"Dur dur sans les copines... - Les confessions","og_description":"Bonjour tout le monde, Jeune maman, je termine mon cong\u00e9 maternit\u00e9 ce mois ci, mais faute de places en cr\u00e8che, je prolonge mon cong\u00e9 par un cong\u00e9 parental de 6 mois. Enchant\u00e9e par cette persepective, le fait de pouponner me r\u00e9jouit, mais tr\u00e8s vite je me rends bien compte que je vais vite me retrouver seule. De plus, maman \u00e0 24 ans&#8230;pas mal de mes amies ne me comprennent pas et surtout ne comprennent pas mon mode de vie. C&rsquo;est pourquoi, je me confesse, enfin je viens \u00e0 vous, pour","og_url":"https:\/\/www.neufmois.fr\/les-confessions\/dur-dur-sans-les-copines","og_site_name":"Les confessions","article_published_time":"2012-08-22T14:42:00+00:00","author":"maman anonyme","twitter_card":"summary_large_image","twitter_misc":{"\u00c9crit par":"maman anonyme","Dur\u00e9e de lecture estim\u00e9e":"1 minute"},"schema":{"@context":"https:\/\/schema.org","@graph":[{"@type":"WebPage","@id":"https:\/\/www.neufmois.fr\/les-confessions\/dur-dur-sans-les-copines","url":"https:\/\/www.neufmois.fr\/les-confessions\/dur-dur-sans-les-copines","name":"Dur dur sans les copines... - Les confessions","isPartOf":{"@id":"https:\/\/www.neufmois.fr\/les-confessions\/#website"},"datePublished":"2012-08-22T14:42:00+00:00","dateModified":"2012-08-22T14:42:00+00:00","author":{"@id":"https:\/\/www.neufmois.fr\/les-confessions\/#\/schema\/person\/893fe127c653ae6741f53a67962f8b5d"},"breadcrumb":{"@id":"https:\/\/www.neufmois.fr\/les-confessions\/dur-dur-sans-les-copines#breadcrumb"},"inLanguage":"fr-FR","potentialAction":[{"@type":"ReadAction","target":["https:\/\/www.neufmois.fr\/les-confessions\/dur-dur-sans-les-copines"]}]},{"@type":"BreadcrumbList","@id":"https:\/\/www.neufmois.fr\/les-confessions\/dur-dur-sans-les-copines#breadcrumb","itemListElement":[{"@type":"ListItem","position":1,"name":"Accueil","item":"https:\/\/www.neufmois.fr\/les-confessions\/"},{"@type":"ListItem","position":2,"name":"Dur dur sans les copines&#8230;"}]},{"@type":"WebSite","@id":"https:\/\/www.neufmois.fr\/les-confessions\/#website","url":"https:\/\/www.neufmois.fr\/les-confessions\/","name":"Les confessions","description":" Les confessions","potentialAction":[{"@type":"SearchAction","target":{"@type":"EntryPoint","urlTemplate":"https:\/\/www.neufmois.fr\/les-confessions\/?s={search_term_string}"},"query-input":"required name=search_term_string"}],"inLanguage":"fr-FR"},{"@type":"Person","@id":"https:\/\/www.neufmois.fr\/les-confessions\/#\/schema\/person\/893fe127c653ae6741f53a67962f8b5d","name":"maman anonyme","image":{"@type":"ImageObject","inLanguage":"fr-FR","@id":"https:\/\/www.neufmois.fr\/les-confessions\/#\/schema\/person\/image\/","url":"https:\/\/secure.gravatar.com\/avatar\/e4b3abeefeb17983433f333a4c54f394?s=96&d=mm&r=g","contentUrl":"https:\/\/secure.gravatar.com\/avatar\/e4b3abeefeb17983433f333a4c54f394?s=96&d=mm&r=g","caption":"maman anonyme"},"url":"https:\/\/www.neufmois.fr\/les-confessions\/author\/anonyme"}]}},"amp_enabled":true,"_links":{"self":[{"href":"https:\/\/www.neufmois.fr\/les-confessions\/wp-json\/wp\/v2\/posts\/167"}],"collection":[{"href":"https:\/\/www.neufmois.fr\/les-confessions\/wp-json\/wp\/v2\/posts"}],"about":[{"href":"https:\/\/www.neufmois.fr\/les-confessions\/wp-json\/wp\/v2\/types\/post"}],"author":[{"embeddable":true,"href":"https:\/\/www.neufmois.fr\/les-confessions\/wp-json\/wp\/v2\/users\/461446"}],"replies":[{"embeddable":true,"href":"https:\/\/www.neufmois.fr\/les-confessions\/wp-json\/wp\/v2\/comments?post=167"}],"version-history":[{"count":0,"href":"https:\/\/www.neufmois.fr\/les-confessions\/wp-json\/wp\/v2\/posts\/167\/revisions"}],"wp:attachment":[{"href":"https:\/\/www.neufmois.fr\/les-confessions\/wp-json\/wp\/v2\/media?parent=167"}],"wp:term":[{"taxonomy":"category","embeddable":true,"href":"https:\/\/www.neufmois.fr\/les-confessions\/wp-json\/wp\/v2\/categories?post=167"},{"taxonomy":"post_tag","embeddable":true,"href":"https:\/\/www.neufmois.fr\/les-confessions\/wp-json\/wp\/v2\/tags?post=167"}],"curies":[{"name":"wp","href":"https:\/\/api.w.org\/{rel}","templated":true}]}}