{"id":157,"date":"2012-11-10T22:26:00","date_gmt":"2012-11-10T22:26:00","guid":{"rendered":"https:\/\/www.neufmois.fr\/les-confessions\/?p=157"},"modified":"2012-11-10T22:26:00","modified_gmt":"2012-11-10T22:26:00","slug":"problemes-avec-ma-fille-de-16-ans","status":"publish","type":"post","link":"https:\/\/www.neufmois.fr\/les-confessions\/problemes-avec-ma-fille-de-16-ans","title":{"rendered":"Probl\u00e8mes avec ma fille de 16 ans"},"content":{"rendered":"<p>Bonjour \u00e0 toutes, je suis d\u00e9sempar\u00e9e par ma fille de 16 ans qui est partie d\u00e9but septembre, c&rsquo;\u00e9tait sa 3\u00e8me fugue. Elle nous mentait depuis des ann\u00e9es et nous cachait tellement de choses, signait les notes \u00e0 ma place, mauvaises fr\u00e9quentations, vol. Elle a rencontr\u00e9 un gars au lyc\u00e9e vivant en foyer et \u00e9tait sous son emprise. Elle a m\u00eame port\u00e9 plainte contre moi et mon compagnon pour violence! Je n&rsquo;ai plus de nouvelles et nous sommes convoqu\u00e9s bient\u00f4t au tribunal pour enfants. J&rsquo;aimerai avoir des t\u00e9moignages de m\u00e8res qui ont v\u00e9cu \u00e7a, c&rsquo;est difficile pour moi qui m&rsquo;en suis toujours occup\u00e9e.<\/p>\n","protected":false},"excerpt":{"rendered":"<p>Bonjour \u00e0 toutes, je suis d\u00e9sempar\u00e9e par ma fille de 16 ans qui est partie d\u00e9but septembre, c&rsquo;\u00e9tait sa 3\u00e8me fugue. Elle nous mentait depuis des ann\u00e9es et nous cachait tellement de choses, signait les notes \u00e0 ma place, mauvaises fr\u00e9quentations, vol. Elle a rencontr\u00e9 un gars au lyc\u00e9e vivant en foyer et \u00e9tait sous son emprise. Elle a m\u00eame port\u00e9 plainte contre moi et mon compagnon pour violence! Je n&rsquo;ai plus de nouvelles et nous sommes convoqu\u00e9s bient\u00f4t au tribunal pour enfants. J&rsquo;aimerai avoir des t\u00e9moignages de m\u00e8res qui<\/p>\n","protected":false},"author":461446,"featured_media":0,"comment_status":"open","ping_status":"open","sticky":false,"template":"","format":"standard","meta":[],"categories":[1],"tags":[],"yoast_head":"<!-- This site is optimized with the Yoast SEO plugin v20.4 - https:\/\/yoast.com\/wordpress\/plugins\/seo\/ -->\n<title>Probl\u00e8mes avec ma fille de 16 ans - Les confessions<\/title>\n<meta name=\"robots\" content=\"index, follow, max-snippet:-1, max-image-preview:large, max-video-preview:-1\" \/>\n<link rel=\"canonical\" href=\"https:\/\/www.neufmois.fr\/les-confessions\/problemes-avec-ma-fille-de-16-ans\" \/>\n<meta property=\"og:locale\" content=\"fr_FR\" \/>\n<meta property=\"og:type\" content=\"article\" \/>\n<meta property=\"og:title\" content=\"Probl\u00e8mes avec ma fille de 16 ans - Les confessions\" \/>\n<meta property=\"og:description\" content=\"Bonjour \u00e0 toutes, je suis d\u00e9sempar\u00e9e par ma fille de 16 ans qui est partie d\u00e9but septembre, c&rsquo;\u00e9tait sa 3\u00e8me fugue. Elle nous mentait depuis des ann\u00e9es et nous cachait tellement de choses, signait les notes \u00e0 ma place, mauvaises fr\u00e9quentations, vol. Elle a rencontr\u00e9 un gars au lyc\u00e9e vivant en foyer et \u00e9tait sous son emprise. Elle a m\u00eame port\u00e9 plainte contre moi et mon compagnon pour violence! Je n&rsquo;ai plus de nouvelles et nous sommes convoqu\u00e9s bient\u00f4t au tribunal pour enfants. J&rsquo;aimerai avoir des t\u00e9moignages de m\u00e8res qui\" \/>\n<meta property=\"og:url\" content=\"https:\/\/www.neufmois.fr\/les-confessions\/problemes-avec-ma-fille-de-16-ans\" \/>\n<meta property=\"og:site_name\" content=\"Les confessions\" \/>\n<meta property=\"article:published_time\" content=\"2012-11-10T22:26:00+00:00\" \/>\n<meta name=\"author\" content=\"maman anonyme\" \/>\n<meta name=\"twitter:card\" content=\"summary_large_image\" \/>\n<meta name=\"twitter:label1\" content=\"\u00c9crit par\" \/>\n\t<meta name=\"twitter:data1\" content=\"maman anonyme\" \/>\n\t<meta name=\"twitter:label2\" content=\"Dur\u00e9e de lecture estim\u00e9e\" \/>\n\t<meta name=\"twitter:data2\" content=\"1 minute\" \/>\n<script type=\"application\/ld+json\" class=\"yoast-schema-graph\">{\"@context\":\"https:\/\/schema.org\",\"@graph\":[{\"@type\":\"WebPage\",\"@id\":\"https:\/\/www.neufmois.fr\/les-confessions\/problemes-avec-ma-fille-de-16-ans\",\"url\":\"https:\/\/www.neufmois.fr\/les-confessions\/problemes-avec-ma-fille-de-16-ans\",\"name\":\"Probl\u00e8mes avec ma fille de 16 ans - Les confessions\",\"isPartOf\":{\"@id\":\"https:\/\/www.neufmois.fr\/les-confessions\/#website\"},\"datePublished\":\"2012-11-10T22:26:00+00:00\",\"dateModified\":\"2012-11-10T22:26:00+00:00\",\"author\":{\"@id\":\"https:\/\/www.neufmois.fr\/les-confessions\/#\/schema\/person\/893fe127c653ae6741f53a67962f8b5d\"},\"breadcrumb\":{\"@id\":\"https:\/\/www.neufmois.fr\/les-confessions\/problemes-avec-ma-fille-de-16-ans#breadcrumb\"},\"inLanguage\":\"fr-FR\",\"potentialAction\":[{\"@type\":\"ReadAction\",\"target\":[\"https:\/\/www.neufmois.fr\/les-confessions\/problemes-avec-ma-fille-de-16-ans\"]}]},{\"@type\":\"BreadcrumbList\",\"@id\":\"https:\/\/www.neufmois.fr\/les-confessions\/problemes-avec-ma-fille-de-16-ans#breadcrumb\",\"itemListElement\":[{\"@type\":\"ListItem\",\"position\":1,\"name\":\"Accueil\",\"item\":\"https:\/\/www.neufmois.fr\/les-confessions\/\"},{\"@type\":\"ListItem\",\"position\":2,\"name\":\"Probl\u00e8mes avec ma fille de 16 ans\"}]},{\"@type\":\"WebSite\",\"@id\":\"https:\/\/www.neufmois.fr\/les-confessions\/#website\",\"url\":\"https:\/\/www.neufmois.fr\/les-confessions\/\",\"name\":\"Les confessions\",\"description\":\" Les confessions\",\"potentialAction\":[{\"@type\":\"SearchAction\",\"target\":{\"@type\":\"EntryPoint\",\"urlTemplate\":\"https:\/\/www.neufmois.fr\/les-confessions\/?s={search_term_string}\"},\"query-input\":\"required name=search_term_string\"}],\"inLanguage\":\"fr-FR\"},{\"@type\":\"Person\",\"@id\":\"https:\/\/www.neufmois.fr\/les-confessions\/#\/schema\/person\/893fe127c653ae6741f53a67962f8b5d\",\"name\":\"maman anonyme\",\"image\":{\"@type\":\"ImageObject\",\"inLanguage\":\"fr-FR\",\"@id\":\"https:\/\/www.neufmois.fr\/les-confessions\/#\/schema\/person\/image\/\",\"url\":\"https:\/\/secure.gravatar.com\/avatar\/e4b3abeefeb17983433f333a4c54f394?s=96&d=mm&r=g\",\"contentUrl\":\"https:\/\/secure.gravatar.com\/avatar\/e4b3abeefeb17983433f333a4c54f394?s=96&d=mm&r=g\",\"caption\":\"maman anonyme\"},\"url\":\"https:\/\/www.neufmois.fr\/les-confessions\/author\/anonyme\"}]}<\/script>\n<!-- \/ Yoast SEO plugin. -->","yoast_head_json":{"title":"Probl\u00e8mes avec ma fille de 16 ans - Les confessions","robots":{"index":"index","follow":"follow","max-snippet":"max-snippet:-1","max-image-preview":"max-image-preview:large","max-video-preview":"max-video-preview:-1"},"canonical":"https:\/\/www.neufmois.fr\/les-confessions\/problemes-avec-ma-fille-de-16-ans","og_locale":"fr_FR","og_type":"article","og_title":"Probl\u00e8mes avec ma fille de 16 ans - Les confessions","og_description":"Bonjour \u00e0 toutes, je suis d\u00e9sempar\u00e9e par ma fille de 16 ans qui est partie d\u00e9but septembre, c&rsquo;\u00e9tait sa 3\u00e8me fugue. Elle nous mentait depuis des ann\u00e9es et nous cachait tellement de choses, signait les notes \u00e0 ma place, mauvaises fr\u00e9quentations, vol. Elle a rencontr\u00e9 un gars au lyc\u00e9e vivant en foyer et \u00e9tait sous son emprise. Elle a m\u00eame port\u00e9 plainte contre moi et mon compagnon pour violence! Je n&rsquo;ai plus de nouvelles et nous sommes convoqu\u00e9s bient\u00f4t au tribunal pour enfants. J&rsquo;aimerai avoir des t\u00e9moignages de m\u00e8res qui","og_url":"https:\/\/www.neufmois.fr\/les-confessions\/problemes-avec-ma-fille-de-16-ans","og_site_name":"Les confessions","article_published_time":"2012-11-10T22:26:00+00:00","author":"maman anonyme","twitter_card":"summary_large_image","twitter_misc":{"\u00c9crit par":"maman anonyme","Dur\u00e9e de lecture estim\u00e9e":"1 minute"},"schema":{"@context":"https:\/\/schema.org","@graph":[{"@type":"WebPage","@id":"https:\/\/www.neufmois.fr\/les-confessions\/problemes-avec-ma-fille-de-16-ans","url":"https:\/\/www.neufmois.fr\/les-confessions\/problemes-avec-ma-fille-de-16-ans","name":"Probl\u00e8mes avec ma fille de 16 ans - Les confessions","isPartOf":{"@id":"https:\/\/www.neufmois.fr\/les-confessions\/#website"},"datePublished":"2012-11-10T22:26:00+00:00","dateModified":"2012-11-10T22:26:00+00:00","author":{"@id":"https:\/\/www.neufmois.fr\/les-confessions\/#\/schema\/person\/893fe127c653ae6741f53a67962f8b5d"},"breadcrumb":{"@id":"https:\/\/www.neufmois.fr\/les-confessions\/problemes-avec-ma-fille-de-16-ans#breadcrumb"},"inLanguage":"fr-FR","potentialAction":[{"@type":"ReadAction","target":["https:\/\/www.neufmois.fr\/les-confessions\/problemes-avec-ma-fille-de-16-ans"]}]},{"@type":"BreadcrumbList","@id":"https:\/\/www.neufmois.fr\/les-confessions\/problemes-avec-ma-fille-de-16-ans#breadcrumb","itemListElement":[{"@type":"ListItem","position":1,"name":"Accueil","item":"https:\/\/www.neufmois.fr\/les-confessions\/"},{"@type":"ListItem","position":2,"name":"Probl\u00e8mes avec ma fille de 16 ans"}]},{"@type":"WebSite","@id":"https:\/\/www.neufmois.fr\/les-confessions\/#website","url":"https:\/\/www.neufmois.fr\/les-confessions\/","name":"Les confessions","description":" Les confessions","potentialAction":[{"@type":"SearchAction","target":{"@type":"EntryPoint","urlTemplate":"https:\/\/www.neufmois.fr\/les-confessions\/?s={search_term_string}"},"query-input":"required name=search_term_string"}],"inLanguage":"fr-FR"},{"@type":"Person","@id":"https:\/\/www.neufmois.fr\/les-confessions\/#\/schema\/person\/893fe127c653ae6741f53a67962f8b5d","name":"maman anonyme","image":{"@type":"ImageObject","inLanguage":"fr-FR","@id":"https:\/\/www.neufmois.fr\/les-confessions\/#\/schema\/person\/image\/","url":"https:\/\/secure.gravatar.com\/avatar\/e4b3abeefeb17983433f333a4c54f394?s=96&d=mm&r=g","contentUrl":"https:\/\/secure.gravatar.com\/avatar\/e4b3abeefeb17983433f333a4c54f394?s=96&d=mm&r=g","caption":"maman anonyme"},"url":"https:\/\/www.neufmois.fr\/les-confessions\/author\/anonyme"}]}},"amp_enabled":true,"_links":{"self":[{"href":"https:\/\/www.neufmois.fr\/les-confessions\/wp-json\/wp\/v2\/posts\/157"}],"collection":[{"href":"https:\/\/www.neufmois.fr\/les-confessions\/wp-json\/wp\/v2\/posts"}],"about":[{"href":"https:\/\/www.neufmois.fr\/les-confessions\/wp-json\/wp\/v2\/types\/post"}],"author":[{"embeddable":true,"href":"https:\/\/www.neufmois.fr\/les-confessions\/wp-json\/wp\/v2\/users\/461446"}],"replies":[{"embeddable":true,"href":"https:\/\/www.neufmois.fr\/les-confessions\/wp-json\/wp\/v2\/comments?post=157"}],"version-history":[{"count":0,"href":"https:\/\/www.neufmois.fr\/les-confessions\/wp-json\/wp\/v2\/posts\/157\/revisions"}],"wp:attachment":[{"href":"https:\/\/www.neufmois.fr\/les-confessions\/wp-json\/wp\/v2\/media?parent=157"}],"wp:term":[{"taxonomy":"category","embeddable":true,"href":"https:\/\/www.neufmois.fr\/les-confessions\/wp-json\/wp\/v2\/categories?post=157"},{"taxonomy":"post_tag","embeddable":true,"href":"https:\/\/www.neufmois.fr\/les-confessions\/wp-json\/wp\/v2\/tags?post=157"}],"curies":[{"name":"wp","href":"https:\/\/api.w.org\/{rel}","templated":true}]}}