{"id":150,"date":"2012-12-13T10:54:00","date_gmt":"2012-12-13T10:54:00","guid":{"rendered":"https:\/\/www.neufmois.fr\/les-confessions\/?p=150"},"modified":"2012-12-13T10:54:00","modified_gmt":"2012-12-13T10:54:00","slug":"avorter-ou-non","status":"publish","type":"post","link":"https:\/\/www.neufmois.fr\/les-confessions\/avorter-ou-non","title":{"rendered":"Avorter ou non?"},"content":{"rendered":"<p>Bonjours a toutes<br \/>\nvoila l&rsquo;une de mes meilleures amies est enceinte de 7 semaines<br \/>\nSon copain lui dit ne pas en vouloir et qu&rsquo;elle doit avorter. Sachant qu&rsquo;elle lui avait dit ne pas \u00eatre sous contraceptifs se mois-ci pour en chang\u00e9 a cause d&rsquo;un probl\u00e8me de tol\u00e9rance. Donc elle devait rester un mois sans rien. Monsieur n&rsquo;a pas voulu mettre capote et lui a dit qu&rsquo;il ferait tr\u00e8s attention. On en voit le r\u00e9sultat&#8230; (ils sont tt deux en tord je vous l&rsquo;accorde).<br \/>\nSon p\u00e8re lui dit d&rsquo;avort\u00e9 \u00e9galement Cella fait 6mois a peu pr\u00e8s qu&rsquo;elle est officiellement avec ce jeune homme de 26ans et elle en a 20. Tout deux en cdi et en recherche d&rsquo;appartement.<br \/>\nDepuis que je la connais elle veut un b\u00e9b\u00e9 et elle ne veut surtout pas avorter mais me dit ne pas avoir le choix comme son p\u00e8re et son homme ne veulent pas qu&rsquo;elle le garde&#8230;<br \/>\nComment lui faire prendre conscience que c&rsquo;est son corps, son choix, Et qu&rsquo;elle risque de le regretter dans quelques temps??? Et est-ce au final judicieux de garde se b\u00e9b\u00e9? <\/p>\n","protected":false},"excerpt":{"rendered":"<p>Bonjours a toutes voila l&rsquo;une de mes meilleures amies est enceinte de 7 semaines Son copain lui dit ne pas en vouloir et qu&rsquo;elle doit avorter. Sachant qu&rsquo;elle lui avait dit ne pas \u00eatre sous contraceptifs se mois-ci pour en chang\u00e9 a cause d&rsquo;un probl\u00e8me de tol\u00e9rance. Donc elle devait rester un mois sans rien. Monsieur n&rsquo;a pas voulu mettre capote et lui a dit qu&rsquo;il ferait tr\u00e8s attention. On en voit le r\u00e9sultat&#8230; (ils sont tt deux en tord je vous l&rsquo;accorde). Son p\u00e8re lui dit d&rsquo;avort\u00e9 \u00e9galement Cella<\/p>\n","protected":false},"author":461446,"featured_media":0,"comment_status":"open","ping_status":"open","sticky":false,"template":"","format":"standard","meta":[],"categories":[1],"tags":[],"yoast_head":"<!-- This site is optimized with the Yoast SEO plugin v20.4 - https:\/\/yoast.com\/wordpress\/plugins\/seo\/ -->\n<title>Avorter ou non? - Les confessions<\/title>\n<meta name=\"robots\" content=\"index, follow, max-snippet:-1, max-image-preview:large, max-video-preview:-1\" \/>\n<link rel=\"canonical\" href=\"https:\/\/www.neufmois.fr\/les-confessions\/avorter-ou-non\" \/>\n<meta property=\"og:locale\" content=\"fr_FR\" \/>\n<meta property=\"og:type\" content=\"article\" \/>\n<meta property=\"og:title\" content=\"Avorter ou non? - Les confessions\" \/>\n<meta property=\"og:description\" content=\"Bonjours a toutes voila l&rsquo;une de mes meilleures amies est enceinte de 7 semaines Son copain lui dit ne pas en vouloir et qu&rsquo;elle doit avorter. Sachant qu&rsquo;elle lui avait dit ne pas \u00eatre sous contraceptifs se mois-ci pour en chang\u00e9 a cause d&rsquo;un probl\u00e8me de tol\u00e9rance. Donc elle devait rester un mois sans rien. Monsieur n&rsquo;a pas voulu mettre capote et lui a dit qu&rsquo;il ferait tr\u00e8s attention. On en voit le r\u00e9sultat&#8230; (ils sont tt deux en tord je vous l&rsquo;accorde). Son p\u00e8re lui dit d&rsquo;avort\u00e9 \u00e9galement Cella\" \/>\n<meta property=\"og:url\" content=\"https:\/\/www.neufmois.fr\/les-confessions\/avorter-ou-non\" \/>\n<meta property=\"og:site_name\" content=\"Les confessions\" \/>\n<meta property=\"article:published_time\" content=\"2012-12-13T10:54:00+00:00\" \/>\n<meta name=\"author\" content=\"maman anonyme\" \/>\n<meta name=\"twitter:card\" content=\"summary_large_image\" \/>\n<meta name=\"twitter:label1\" content=\"\u00c9crit par\" \/>\n\t<meta name=\"twitter:data1\" content=\"maman anonyme\" \/>\n\t<meta name=\"twitter:label2\" content=\"Dur\u00e9e de lecture estim\u00e9e\" \/>\n\t<meta name=\"twitter:data2\" content=\"1 minute\" \/>\n<script type=\"application\/ld+json\" class=\"yoast-schema-graph\">{\"@context\":\"https:\/\/schema.org\",\"@graph\":[{\"@type\":\"WebPage\",\"@id\":\"https:\/\/www.neufmois.fr\/les-confessions\/avorter-ou-non\",\"url\":\"https:\/\/www.neufmois.fr\/les-confessions\/avorter-ou-non\",\"name\":\"Avorter ou non? - Les confessions\",\"isPartOf\":{\"@id\":\"https:\/\/www.neufmois.fr\/les-confessions\/#website\"},\"datePublished\":\"2012-12-13T10:54:00+00:00\",\"dateModified\":\"2012-12-13T10:54:00+00:00\",\"author\":{\"@id\":\"https:\/\/www.neufmois.fr\/les-confessions\/#\/schema\/person\/893fe127c653ae6741f53a67962f8b5d\"},\"breadcrumb\":{\"@id\":\"https:\/\/www.neufmois.fr\/les-confessions\/avorter-ou-non#breadcrumb\"},\"inLanguage\":\"fr-FR\",\"potentialAction\":[{\"@type\":\"ReadAction\",\"target\":[\"https:\/\/www.neufmois.fr\/les-confessions\/avorter-ou-non\"]}]},{\"@type\":\"BreadcrumbList\",\"@id\":\"https:\/\/www.neufmois.fr\/les-confessions\/avorter-ou-non#breadcrumb\",\"itemListElement\":[{\"@type\":\"ListItem\",\"position\":1,\"name\":\"Accueil\",\"item\":\"https:\/\/www.neufmois.fr\/les-confessions\/\"},{\"@type\":\"ListItem\",\"position\":2,\"name\":\"Avorter ou non?\"}]},{\"@type\":\"WebSite\",\"@id\":\"https:\/\/www.neufmois.fr\/les-confessions\/#website\",\"url\":\"https:\/\/www.neufmois.fr\/les-confessions\/\",\"name\":\"Les confessions\",\"description\":\" Les confessions\",\"potentialAction\":[{\"@type\":\"SearchAction\",\"target\":{\"@type\":\"EntryPoint\",\"urlTemplate\":\"https:\/\/www.neufmois.fr\/les-confessions\/?s={search_term_string}\"},\"query-input\":\"required name=search_term_string\"}],\"inLanguage\":\"fr-FR\"},{\"@type\":\"Person\",\"@id\":\"https:\/\/www.neufmois.fr\/les-confessions\/#\/schema\/person\/893fe127c653ae6741f53a67962f8b5d\",\"name\":\"maman anonyme\",\"image\":{\"@type\":\"ImageObject\",\"inLanguage\":\"fr-FR\",\"@id\":\"https:\/\/www.neufmois.fr\/les-confessions\/#\/schema\/person\/image\/\",\"url\":\"https:\/\/secure.gravatar.com\/avatar\/e4b3abeefeb17983433f333a4c54f394?s=96&d=mm&r=g\",\"contentUrl\":\"https:\/\/secure.gravatar.com\/avatar\/e4b3abeefeb17983433f333a4c54f394?s=96&d=mm&r=g\",\"caption\":\"maman anonyme\"},\"url\":\"https:\/\/www.neufmois.fr\/les-confessions\/author\/anonyme\"}]}<\/script>\n<!-- \/ Yoast SEO plugin. -->","yoast_head_json":{"title":"Avorter ou non? - Les confessions","robots":{"index":"index","follow":"follow","max-snippet":"max-snippet:-1","max-image-preview":"max-image-preview:large","max-video-preview":"max-video-preview:-1"},"canonical":"https:\/\/www.neufmois.fr\/les-confessions\/avorter-ou-non","og_locale":"fr_FR","og_type":"article","og_title":"Avorter ou non? - Les confessions","og_description":"Bonjours a toutes voila l&rsquo;une de mes meilleures amies est enceinte de 7 semaines Son copain lui dit ne pas en vouloir et qu&rsquo;elle doit avorter. Sachant qu&rsquo;elle lui avait dit ne pas \u00eatre sous contraceptifs se mois-ci pour en chang\u00e9 a cause d&rsquo;un probl\u00e8me de tol\u00e9rance. Donc elle devait rester un mois sans rien. Monsieur n&rsquo;a pas voulu mettre capote et lui a dit qu&rsquo;il ferait tr\u00e8s attention. On en voit le r\u00e9sultat&#8230; (ils sont tt deux en tord je vous l&rsquo;accorde). Son p\u00e8re lui dit d&rsquo;avort\u00e9 \u00e9galement Cella","og_url":"https:\/\/www.neufmois.fr\/les-confessions\/avorter-ou-non","og_site_name":"Les confessions","article_published_time":"2012-12-13T10:54:00+00:00","author":"maman anonyme","twitter_card":"summary_large_image","twitter_misc":{"\u00c9crit par":"maman anonyme","Dur\u00e9e de lecture estim\u00e9e":"1 minute"},"schema":{"@context":"https:\/\/schema.org","@graph":[{"@type":"WebPage","@id":"https:\/\/www.neufmois.fr\/les-confessions\/avorter-ou-non","url":"https:\/\/www.neufmois.fr\/les-confessions\/avorter-ou-non","name":"Avorter ou non? - Les confessions","isPartOf":{"@id":"https:\/\/www.neufmois.fr\/les-confessions\/#website"},"datePublished":"2012-12-13T10:54:00+00:00","dateModified":"2012-12-13T10:54:00+00:00","author":{"@id":"https:\/\/www.neufmois.fr\/les-confessions\/#\/schema\/person\/893fe127c653ae6741f53a67962f8b5d"},"breadcrumb":{"@id":"https:\/\/www.neufmois.fr\/les-confessions\/avorter-ou-non#breadcrumb"},"inLanguage":"fr-FR","potentialAction":[{"@type":"ReadAction","target":["https:\/\/www.neufmois.fr\/les-confessions\/avorter-ou-non"]}]},{"@type":"BreadcrumbList","@id":"https:\/\/www.neufmois.fr\/les-confessions\/avorter-ou-non#breadcrumb","itemListElement":[{"@type":"ListItem","position":1,"name":"Accueil","item":"https:\/\/www.neufmois.fr\/les-confessions\/"},{"@type":"ListItem","position":2,"name":"Avorter ou non?"}]},{"@type":"WebSite","@id":"https:\/\/www.neufmois.fr\/les-confessions\/#website","url":"https:\/\/www.neufmois.fr\/les-confessions\/","name":"Les confessions","description":" Les confessions","potentialAction":[{"@type":"SearchAction","target":{"@type":"EntryPoint","urlTemplate":"https:\/\/www.neufmois.fr\/les-confessions\/?s={search_term_string}"},"query-input":"required name=search_term_string"}],"inLanguage":"fr-FR"},{"@type":"Person","@id":"https:\/\/www.neufmois.fr\/les-confessions\/#\/schema\/person\/893fe127c653ae6741f53a67962f8b5d","name":"maman anonyme","image":{"@type":"ImageObject","inLanguage":"fr-FR","@id":"https:\/\/www.neufmois.fr\/les-confessions\/#\/schema\/person\/image\/","url":"https:\/\/secure.gravatar.com\/avatar\/e4b3abeefeb17983433f333a4c54f394?s=96&d=mm&r=g","contentUrl":"https:\/\/secure.gravatar.com\/avatar\/e4b3abeefeb17983433f333a4c54f394?s=96&d=mm&r=g","caption":"maman anonyme"},"url":"https:\/\/www.neufmois.fr\/les-confessions\/author\/anonyme"}]}},"amp_enabled":true,"_links":{"self":[{"href":"https:\/\/www.neufmois.fr\/les-confessions\/wp-json\/wp\/v2\/posts\/150"}],"collection":[{"href":"https:\/\/www.neufmois.fr\/les-confessions\/wp-json\/wp\/v2\/posts"}],"about":[{"href":"https:\/\/www.neufmois.fr\/les-confessions\/wp-json\/wp\/v2\/types\/post"}],"author":[{"embeddable":true,"href":"https:\/\/www.neufmois.fr\/les-confessions\/wp-json\/wp\/v2\/users\/461446"}],"replies":[{"embeddable":true,"href":"https:\/\/www.neufmois.fr\/les-confessions\/wp-json\/wp\/v2\/comments?post=150"}],"version-history":[{"count":0,"href":"https:\/\/www.neufmois.fr\/les-confessions\/wp-json\/wp\/v2\/posts\/150\/revisions"}],"wp:attachment":[{"href":"https:\/\/www.neufmois.fr\/les-confessions\/wp-json\/wp\/v2\/media?parent=150"}],"wp:term":[{"taxonomy":"category","embeddable":true,"href":"https:\/\/www.neufmois.fr\/les-confessions\/wp-json\/wp\/v2\/categories?post=150"},{"taxonomy":"post_tag","embeddable":true,"href":"https:\/\/www.neufmois.fr\/les-confessions\/wp-json\/wp\/v2\/tags?post=150"}],"curies":[{"name":"wp","href":"https:\/\/api.w.org\/{rel}","templated":true}]}}