{"id":140,"date":"2013-02-06T16:58:00","date_gmt":"2013-02-06T16:58:00","guid":{"rendered":"https:\/\/www.neufmois.fr\/les-confessions\/?p=140"},"modified":"2013-02-06T16:58:00","modified_gmt":"2013-02-06T16:58:00","slug":"je-me-sens-rabaissee","status":"publish","type":"post","link":"https:\/\/www.neufmois.fr\/les-confessions\/je-me-sens-rabaissee","title":{"rendered":"Je me sens rabaiss\u00e9e"},"content":{"rendered":"<p>Bonjour \u00e0 toutes j&rsquo;ai besoin d&rsquo;un conseil ou plusieurs ,<br \/>\nVoil\u00e0 je suis une maman de 25 ans qui a 2 merveilleux enfants de 14 mois et 4 ans mon mari \u00e0 20 ans de plus que moi . Tout ce passait bien mais depuis 1 ans la situation se d\u00e9grade .<br \/>\nNous avons d\u00e9m\u00e9nager \u00e0 1100 km de ma famille pour rejoindre la sienne , je ne travaille pas car je profite des mes enfants jusqu&rsquo;\u00e0 ce que le petit dernier va \u00e0 l&rsquo;\u00e9cole , mon homme travail de journ\u00e9e il rentre \u00e0 18h moi pendant ce temps la c&rsquo;est lessive , vaisselles , balais , etc &#8230;. (le m\u00e9nage en clair ) et je m&rsquo;occupe des enfants . Je ne connais personne dans ma nouvelle r\u00e9gion \u00e0 par mes beaux parents .enfin bref<br \/>\nMon conjoint n&rsquo;est jamais content et r\u00e2le tout les jours car pour lui la maison n&rsquo;est pas assez propre ( les vitres, petites toiles d&rsquo;araign\u00e9es , miette de pains \u00e0 terre etc) .<br \/>\nPour lui ma maison doit \u00eatre irr\u00e9prochable en plus de faire tout ses papiers et \u00e0 manger parce que lui travail et moi non ! \ud83d\ude41  j&rsquo;ai essay\u00e9e de lui expliquer qu&rsquo;avec 2 enfants c&rsquo;est pas toujours facile de faire le m\u00e9nage au top mais il se met dans des col\u00e8re noir !!! Et le pire c&rsquo;est qu&rsquo;il ne fait rien pour me facilit\u00e9e la t\u00e2che ! Exemple : avant hier j&rsquo;ai nettoy\u00e9e enti\u00e8rement la maison , le lendemain matin je retrouve sa tasse \u00e0 caf\u00e9 , ses chaussette qui tra\u00eenes , rasoir sur le lavabo les coton tige sale , du talc partout par terre , des poils de barbe, il sort un yaourt mais ne jet\u00e9 pas l&#8217;emballage etc &#8230;<br \/>\nEt quand je lui montre en lui disant tu vois c&rsquo;est pas que les enfants qui d\u00e9gueulasse tout ! Sa part en dispute avec insultes et me dit que c&rsquo;est mon r\u00f4le ! \ud83d\ude2e<br \/>\nLa y a des limite j&rsquo;ai l&rsquo;impression de servir que de boniche qui doit s&rsquo;occuper des enfants et de lui . Si je me couche pas a 20h30 comme lui il m&rsquo;engueule ! Et le pire c&rsquo;est que j&rsquo;ai pas le droit \u00e0 un petit resto ou cin\u00e9 ou m\u00eame un caf\u00e9 en terrasse de temps en temps \ud83d\ude41<br \/>\nD&rsquo;apr\u00e8s vous comment je peux lui expliquer que j&rsquo;en ai r\u00e2le bol de tout sa , sans qu&rsquo;il s&rsquo;\u00e9nerve ? Merci <\/p>\n","protected":false},"excerpt":{"rendered":"<p>Bonjour \u00e0 toutes j&rsquo;ai besoin d&rsquo;un conseil ou plusieurs , Voil\u00e0 je suis une maman de 25 ans qui a 2 merveilleux enfants de 14 mois et 4 ans mon mari \u00e0 20 ans de plus que moi . Tout ce passait bien mais depuis 1 ans la situation se d\u00e9grade . Nous avons d\u00e9m\u00e9nager \u00e0 1100 km de ma famille pour rejoindre la sienne , je ne travaille pas car je profite des mes enfants jusqu&rsquo;\u00e0 ce que le petit dernier va \u00e0 l&rsquo;\u00e9cole , mon homme travail de<\/p>\n","protected":false},"author":461446,"featured_media":0,"comment_status":"open","ping_status":"open","sticky":false,"template":"","format":"standard","meta":[],"categories":[1],"tags":[],"yoast_head":"<!-- This site is optimized with the Yoast SEO plugin v20.4 - https:\/\/yoast.com\/wordpress\/plugins\/seo\/ -->\n<title>Je me sens rabaiss\u00e9e  - Les confessions<\/title>\n<meta name=\"robots\" content=\"index, follow, max-snippet:-1, max-image-preview:large, max-video-preview:-1\" \/>\n<link rel=\"canonical\" href=\"https:\/\/www.neufmois.fr\/les-confessions\/je-me-sens-rabaissee\" \/>\n<meta property=\"og:locale\" content=\"fr_FR\" \/>\n<meta property=\"og:type\" content=\"article\" \/>\n<meta property=\"og:title\" content=\"Je me sens rabaiss\u00e9e  - Les confessions\" \/>\n<meta property=\"og:description\" content=\"Bonjour \u00e0 toutes j&rsquo;ai besoin d&rsquo;un conseil ou plusieurs , Voil\u00e0 je suis une maman de 25 ans qui a 2 merveilleux enfants de 14 mois et 4 ans mon mari \u00e0 20 ans de plus que moi . Tout ce passait bien mais depuis 1 ans la situation se d\u00e9grade . Nous avons d\u00e9m\u00e9nager \u00e0 1100 km de ma famille pour rejoindre la sienne , je ne travaille pas car je profite des mes enfants jusqu&rsquo;\u00e0 ce que le petit dernier va \u00e0 l&rsquo;\u00e9cole , mon homme travail de\" \/>\n<meta property=\"og:url\" content=\"https:\/\/www.neufmois.fr\/les-confessions\/je-me-sens-rabaissee\" \/>\n<meta property=\"og:site_name\" content=\"Les confessions\" \/>\n<meta property=\"article:published_time\" content=\"2013-02-06T16:58:00+00:00\" \/>\n<meta name=\"author\" content=\"maman anonyme\" \/>\n<meta name=\"twitter:card\" content=\"summary_large_image\" \/>\n<meta name=\"twitter:label1\" content=\"\u00c9crit par\" \/>\n\t<meta name=\"twitter:data1\" content=\"maman anonyme\" \/>\n\t<meta name=\"twitter:label2\" content=\"Dur\u00e9e de lecture estim\u00e9e\" \/>\n\t<meta name=\"twitter:data2\" content=\"2 minutes\" \/>\n<script type=\"application\/ld+json\" class=\"yoast-schema-graph\">{\"@context\":\"https:\/\/schema.org\",\"@graph\":[{\"@type\":\"WebPage\",\"@id\":\"https:\/\/www.neufmois.fr\/les-confessions\/je-me-sens-rabaissee\",\"url\":\"https:\/\/www.neufmois.fr\/les-confessions\/je-me-sens-rabaissee\",\"name\":\"Je me sens rabaiss\u00e9e - Les confessions\",\"isPartOf\":{\"@id\":\"https:\/\/www.neufmois.fr\/les-confessions\/#website\"},\"datePublished\":\"2013-02-06T16:58:00+00:00\",\"dateModified\":\"2013-02-06T16:58:00+00:00\",\"author\":{\"@id\":\"https:\/\/www.neufmois.fr\/les-confessions\/#\/schema\/person\/893fe127c653ae6741f53a67962f8b5d\"},\"breadcrumb\":{\"@id\":\"https:\/\/www.neufmois.fr\/les-confessions\/je-me-sens-rabaissee#breadcrumb\"},\"inLanguage\":\"fr-FR\",\"potentialAction\":[{\"@type\":\"ReadAction\",\"target\":[\"https:\/\/www.neufmois.fr\/les-confessions\/je-me-sens-rabaissee\"]}]},{\"@type\":\"BreadcrumbList\",\"@id\":\"https:\/\/www.neufmois.fr\/les-confessions\/je-me-sens-rabaissee#breadcrumb\",\"itemListElement\":[{\"@type\":\"ListItem\",\"position\":1,\"name\":\"Accueil\",\"item\":\"https:\/\/www.neufmois.fr\/les-confessions\/\"},{\"@type\":\"ListItem\",\"position\":2,\"name\":\"Je me sens rabaiss\u00e9e\"}]},{\"@type\":\"WebSite\",\"@id\":\"https:\/\/www.neufmois.fr\/les-confessions\/#website\",\"url\":\"https:\/\/www.neufmois.fr\/les-confessions\/\",\"name\":\"Les confessions\",\"description\":\" Les confessions\",\"potentialAction\":[{\"@type\":\"SearchAction\",\"target\":{\"@type\":\"EntryPoint\",\"urlTemplate\":\"https:\/\/www.neufmois.fr\/les-confessions\/?s={search_term_string}\"},\"query-input\":\"required name=search_term_string\"}],\"inLanguage\":\"fr-FR\"},{\"@type\":\"Person\",\"@id\":\"https:\/\/www.neufmois.fr\/les-confessions\/#\/schema\/person\/893fe127c653ae6741f53a67962f8b5d\",\"name\":\"maman anonyme\",\"image\":{\"@type\":\"ImageObject\",\"inLanguage\":\"fr-FR\",\"@id\":\"https:\/\/www.neufmois.fr\/les-confessions\/#\/schema\/person\/image\/\",\"url\":\"https:\/\/secure.gravatar.com\/avatar\/e4b3abeefeb17983433f333a4c54f394?s=96&d=mm&r=g\",\"contentUrl\":\"https:\/\/secure.gravatar.com\/avatar\/e4b3abeefeb17983433f333a4c54f394?s=96&d=mm&r=g\",\"caption\":\"maman anonyme\"},\"url\":\"https:\/\/www.neufmois.fr\/les-confessions\/author\/anonyme\"}]}<\/script>\n<!-- \/ Yoast SEO plugin. -->","yoast_head_json":{"title":"Je me sens rabaiss\u00e9e  - Les confessions","robots":{"index":"index","follow":"follow","max-snippet":"max-snippet:-1","max-image-preview":"max-image-preview:large","max-video-preview":"max-video-preview:-1"},"canonical":"https:\/\/www.neufmois.fr\/les-confessions\/je-me-sens-rabaissee","og_locale":"fr_FR","og_type":"article","og_title":"Je me sens rabaiss\u00e9e  - Les confessions","og_description":"Bonjour \u00e0 toutes j&rsquo;ai besoin d&rsquo;un conseil ou plusieurs , Voil\u00e0 je suis une maman de 25 ans qui a 2 merveilleux enfants de 14 mois et 4 ans mon mari \u00e0 20 ans de plus que moi . Tout ce passait bien mais depuis 1 ans la situation se d\u00e9grade . Nous avons d\u00e9m\u00e9nager \u00e0 1100 km de ma famille pour rejoindre la sienne , je ne travaille pas car je profite des mes enfants jusqu&rsquo;\u00e0 ce que le petit dernier va \u00e0 l&rsquo;\u00e9cole , mon homme travail de","og_url":"https:\/\/www.neufmois.fr\/les-confessions\/je-me-sens-rabaissee","og_site_name":"Les confessions","article_published_time":"2013-02-06T16:58:00+00:00","author":"maman anonyme","twitter_card":"summary_large_image","twitter_misc":{"\u00c9crit par":"maman anonyme","Dur\u00e9e de lecture estim\u00e9e":"2 minutes"},"schema":{"@context":"https:\/\/schema.org","@graph":[{"@type":"WebPage","@id":"https:\/\/www.neufmois.fr\/les-confessions\/je-me-sens-rabaissee","url":"https:\/\/www.neufmois.fr\/les-confessions\/je-me-sens-rabaissee","name":"Je me sens rabaiss\u00e9e - Les confessions","isPartOf":{"@id":"https:\/\/www.neufmois.fr\/les-confessions\/#website"},"datePublished":"2013-02-06T16:58:00+00:00","dateModified":"2013-02-06T16:58:00+00:00","author":{"@id":"https:\/\/www.neufmois.fr\/les-confessions\/#\/schema\/person\/893fe127c653ae6741f53a67962f8b5d"},"breadcrumb":{"@id":"https:\/\/www.neufmois.fr\/les-confessions\/je-me-sens-rabaissee#breadcrumb"},"inLanguage":"fr-FR","potentialAction":[{"@type":"ReadAction","target":["https:\/\/www.neufmois.fr\/les-confessions\/je-me-sens-rabaissee"]}]},{"@type":"BreadcrumbList","@id":"https:\/\/www.neufmois.fr\/les-confessions\/je-me-sens-rabaissee#breadcrumb","itemListElement":[{"@type":"ListItem","position":1,"name":"Accueil","item":"https:\/\/www.neufmois.fr\/les-confessions\/"},{"@type":"ListItem","position":2,"name":"Je me sens rabaiss\u00e9e"}]},{"@type":"WebSite","@id":"https:\/\/www.neufmois.fr\/les-confessions\/#website","url":"https:\/\/www.neufmois.fr\/les-confessions\/","name":"Les confessions","description":" Les confessions","potentialAction":[{"@type":"SearchAction","target":{"@type":"EntryPoint","urlTemplate":"https:\/\/www.neufmois.fr\/les-confessions\/?s={search_term_string}"},"query-input":"required name=search_term_string"}],"inLanguage":"fr-FR"},{"@type":"Person","@id":"https:\/\/www.neufmois.fr\/les-confessions\/#\/schema\/person\/893fe127c653ae6741f53a67962f8b5d","name":"maman anonyme","image":{"@type":"ImageObject","inLanguage":"fr-FR","@id":"https:\/\/www.neufmois.fr\/les-confessions\/#\/schema\/person\/image\/","url":"https:\/\/secure.gravatar.com\/avatar\/e4b3abeefeb17983433f333a4c54f394?s=96&d=mm&r=g","contentUrl":"https:\/\/secure.gravatar.com\/avatar\/e4b3abeefeb17983433f333a4c54f394?s=96&d=mm&r=g","caption":"maman anonyme"},"url":"https:\/\/www.neufmois.fr\/les-confessions\/author\/anonyme"}]}},"amp_enabled":true,"_links":{"self":[{"href":"https:\/\/www.neufmois.fr\/les-confessions\/wp-json\/wp\/v2\/posts\/140"}],"collection":[{"href":"https:\/\/www.neufmois.fr\/les-confessions\/wp-json\/wp\/v2\/posts"}],"about":[{"href":"https:\/\/www.neufmois.fr\/les-confessions\/wp-json\/wp\/v2\/types\/post"}],"author":[{"embeddable":true,"href":"https:\/\/www.neufmois.fr\/les-confessions\/wp-json\/wp\/v2\/users\/461446"}],"replies":[{"embeddable":true,"href":"https:\/\/www.neufmois.fr\/les-confessions\/wp-json\/wp\/v2\/comments?post=140"}],"version-history":[{"count":0,"href":"https:\/\/www.neufmois.fr\/les-confessions\/wp-json\/wp\/v2\/posts\/140\/revisions"}],"wp:attachment":[{"href":"https:\/\/www.neufmois.fr\/les-confessions\/wp-json\/wp\/v2\/media?parent=140"}],"wp:term":[{"taxonomy":"category","embeddable":true,"href":"https:\/\/www.neufmois.fr\/les-confessions\/wp-json\/wp\/v2\/categories?post=140"},{"taxonomy":"post_tag","embeddable":true,"href":"https:\/\/www.neufmois.fr\/les-confessions\/wp-json\/wp\/v2\/tags?post=140"}],"curies":[{"name":"wp","href":"https:\/\/api.w.org\/{rel}","templated":true}]}}