{"id":135,"date":"2013-03-25T13:43:00","date_gmt":"2013-03-25T13:43:00","guid":{"rendered":"https:\/\/www.neufmois.fr\/les-confessions\/?p=135"},"modified":"2013-03-25T13:43:00","modified_gmt":"2013-03-25T13:43:00","slug":"ma-grossesse-et-les-autres","status":"publish","type":"post","link":"https:\/\/www.neufmois.fr\/les-confessions\/ma-grossesse-et-les-autres","title":{"rendered":"Ma grossesse et les autres"},"content":{"rendered":"<p>Enceinte de 6 mois, de mon premier enfant. J&rsquo;ai du mal avec les autres. 27 ans mari\u00e9e je fr\u00e9quente de femmes plus \u00e2g\u00e9e que moi et presque toute sont d\u00e9j\u00e0 mamans ! j&rsquo;ai donc droit \u00e0 toutes sortes de \u00ab\u00a0conseils\u00a0\u00bb plus ou moins farfelus ( lire la bible, ne pas se gratter les ventre ) mais aussi \u00e0 des r\u00e9flexions du genre il faut mettre le berceau de b\u00e9b\u00e9 dans la chambre parentale, ne pas passer de cr\u00e8me su le ventre bla bla bla. Invit\u00e9e \u00e0 un repas entre fille ma voisine de table que j&rsquo;appr\u00e9cie beaucoup en temps normal me demande pourquoi je me caresse le ventre ! non mais je fais encore ce que je veux !<br \/>\n\u00e7a finit par me saouler qu&rsquo;on me donne des avis ok mais certains ressemble presque \u00e0 des ordres, c&rsquo;est quand m\u00eame mon enfant, mon corps.<br \/>\nJe les aime beaucoup mais la j&rsquo;en ai ras le bol. J&rsquo;estime qu&rsquo;elles sont quand m\u00eame conscientes de ce qu&rsquo;elles font et disent, elles sont sens\u00e9es savoir que je me passe de personnes lourdes. Mais non !!!<\/p>\n","protected":false},"excerpt":{"rendered":"<p>Enceinte de 6 mois, de mon premier enfant. J&rsquo;ai du mal avec les autres. 27 ans mari\u00e9e je fr\u00e9quente de femmes plus \u00e2g\u00e9e que moi et presque toute sont d\u00e9j\u00e0 mamans ! j&rsquo;ai donc droit \u00e0 toutes sortes de \u00ab\u00a0conseils\u00a0\u00bb plus ou moins farfelus ( lire la bible, ne pas se gratter les ventre ) mais aussi \u00e0 des r\u00e9flexions du genre il faut mettre le berceau de b\u00e9b\u00e9 dans la chambre parentale, ne pas passer de cr\u00e8me su le ventre bla bla bla. Invit\u00e9e \u00e0 un repas entre fille<\/p>\n","protected":false},"author":461446,"featured_media":0,"comment_status":"open","ping_status":"open","sticky":false,"template":"","format":"standard","meta":[],"categories":[1],"tags":[],"yoast_head":"<!-- This site is optimized with the Yoast SEO plugin v20.4 - https:\/\/yoast.com\/wordpress\/plugins\/seo\/ -->\n<title>Ma grossesse et les autres - Les confessions<\/title>\n<meta name=\"robots\" content=\"index, follow, max-snippet:-1, max-image-preview:large, max-video-preview:-1\" \/>\n<link rel=\"canonical\" href=\"https:\/\/www.neufmois.fr\/les-confessions\/ma-grossesse-et-les-autres\" \/>\n<meta property=\"og:locale\" content=\"fr_FR\" \/>\n<meta property=\"og:type\" content=\"article\" \/>\n<meta property=\"og:title\" content=\"Ma grossesse et les autres - Les confessions\" \/>\n<meta property=\"og:description\" content=\"Enceinte de 6 mois, de mon premier enfant. J&rsquo;ai du mal avec les autres. 27 ans mari\u00e9e je fr\u00e9quente de femmes plus \u00e2g\u00e9e que moi et presque toute sont d\u00e9j\u00e0 mamans ! j&rsquo;ai donc droit \u00e0 toutes sortes de \u00ab\u00a0conseils\u00a0\u00bb plus ou moins farfelus ( lire la bible, ne pas se gratter les ventre ) mais aussi \u00e0 des r\u00e9flexions du genre il faut mettre le berceau de b\u00e9b\u00e9 dans la chambre parentale, ne pas passer de cr\u00e8me su le ventre bla bla bla. Invit\u00e9e \u00e0 un repas entre fille\" \/>\n<meta property=\"og:url\" content=\"https:\/\/www.neufmois.fr\/les-confessions\/ma-grossesse-et-les-autres\" \/>\n<meta property=\"og:site_name\" content=\"Les confessions\" \/>\n<meta property=\"article:published_time\" content=\"2013-03-25T13:43:00+00:00\" \/>\n<meta name=\"author\" content=\"maman anonyme\" \/>\n<meta name=\"twitter:card\" content=\"summary_large_image\" \/>\n<meta name=\"twitter:label1\" content=\"\u00c9crit par\" \/>\n\t<meta name=\"twitter:data1\" content=\"maman anonyme\" \/>\n\t<meta name=\"twitter:label2\" content=\"Dur\u00e9e de lecture estim\u00e9e\" \/>\n\t<meta name=\"twitter:data2\" content=\"1 minute\" \/>\n<script type=\"application\/ld+json\" class=\"yoast-schema-graph\">{\"@context\":\"https:\/\/schema.org\",\"@graph\":[{\"@type\":\"WebPage\",\"@id\":\"https:\/\/www.neufmois.fr\/les-confessions\/ma-grossesse-et-les-autres\",\"url\":\"https:\/\/www.neufmois.fr\/les-confessions\/ma-grossesse-et-les-autres\",\"name\":\"Ma grossesse et les autres - Les confessions\",\"isPartOf\":{\"@id\":\"https:\/\/www.neufmois.fr\/les-confessions\/#website\"},\"datePublished\":\"2013-03-25T13:43:00+00:00\",\"dateModified\":\"2013-03-25T13:43:00+00:00\",\"author\":{\"@id\":\"https:\/\/www.neufmois.fr\/les-confessions\/#\/schema\/person\/893fe127c653ae6741f53a67962f8b5d\"},\"breadcrumb\":{\"@id\":\"https:\/\/www.neufmois.fr\/les-confessions\/ma-grossesse-et-les-autres#breadcrumb\"},\"inLanguage\":\"fr-FR\",\"potentialAction\":[{\"@type\":\"ReadAction\",\"target\":[\"https:\/\/www.neufmois.fr\/les-confessions\/ma-grossesse-et-les-autres\"]}]},{\"@type\":\"BreadcrumbList\",\"@id\":\"https:\/\/www.neufmois.fr\/les-confessions\/ma-grossesse-et-les-autres#breadcrumb\",\"itemListElement\":[{\"@type\":\"ListItem\",\"position\":1,\"name\":\"Accueil\",\"item\":\"https:\/\/www.neufmois.fr\/les-confessions\/\"},{\"@type\":\"ListItem\",\"position\":2,\"name\":\"Ma grossesse et les autres\"}]},{\"@type\":\"WebSite\",\"@id\":\"https:\/\/www.neufmois.fr\/les-confessions\/#website\",\"url\":\"https:\/\/www.neufmois.fr\/les-confessions\/\",\"name\":\"Les confessions\",\"description\":\" Les confessions\",\"potentialAction\":[{\"@type\":\"SearchAction\",\"target\":{\"@type\":\"EntryPoint\",\"urlTemplate\":\"https:\/\/www.neufmois.fr\/les-confessions\/?s={search_term_string}\"},\"query-input\":\"required name=search_term_string\"}],\"inLanguage\":\"fr-FR\"},{\"@type\":\"Person\",\"@id\":\"https:\/\/www.neufmois.fr\/les-confessions\/#\/schema\/person\/893fe127c653ae6741f53a67962f8b5d\",\"name\":\"maman anonyme\",\"image\":{\"@type\":\"ImageObject\",\"inLanguage\":\"fr-FR\",\"@id\":\"https:\/\/www.neufmois.fr\/les-confessions\/#\/schema\/person\/image\/\",\"url\":\"https:\/\/secure.gravatar.com\/avatar\/e4b3abeefeb17983433f333a4c54f394?s=96&d=mm&r=g\",\"contentUrl\":\"https:\/\/secure.gravatar.com\/avatar\/e4b3abeefeb17983433f333a4c54f394?s=96&d=mm&r=g\",\"caption\":\"maman anonyme\"},\"url\":\"https:\/\/www.neufmois.fr\/les-confessions\/author\/anonyme\"}]}<\/script>\n<!-- \/ Yoast SEO plugin. -->","yoast_head_json":{"title":"Ma grossesse et les autres - Les confessions","robots":{"index":"index","follow":"follow","max-snippet":"max-snippet:-1","max-image-preview":"max-image-preview:large","max-video-preview":"max-video-preview:-1"},"canonical":"https:\/\/www.neufmois.fr\/les-confessions\/ma-grossesse-et-les-autres","og_locale":"fr_FR","og_type":"article","og_title":"Ma grossesse et les autres - Les confessions","og_description":"Enceinte de 6 mois, de mon premier enfant. J&rsquo;ai du mal avec les autres. 27 ans mari\u00e9e je fr\u00e9quente de femmes plus \u00e2g\u00e9e que moi et presque toute sont d\u00e9j\u00e0 mamans ! j&rsquo;ai donc droit \u00e0 toutes sortes de \u00ab\u00a0conseils\u00a0\u00bb plus ou moins farfelus ( lire la bible, ne pas se gratter les ventre ) mais aussi \u00e0 des r\u00e9flexions du genre il faut mettre le berceau de b\u00e9b\u00e9 dans la chambre parentale, ne pas passer de cr\u00e8me su le ventre bla bla bla. Invit\u00e9e \u00e0 un repas entre fille","og_url":"https:\/\/www.neufmois.fr\/les-confessions\/ma-grossesse-et-les-autres","og_site_name":"Les confessions","article_published_time":"2013-03-25T13:43:00+00:00","author":"maman anonyme","twitter_card":"summary_large_image","twitter_misc":{"\u00c9crit par":"maman anonyme","Dur\u00e9e de lecture estim\u00e9e":"1 minute"},"schema":{"@context":"https:\/\/schema.org","@graph":[{"@type":"WebPage","@id":"https:\/\/www.neufmois.fr\/les-confessions\/ma-grossesse-et-les-autres","url":"https:\/\/www.neufmois.fr\/les-confessions\/ma-grossesse-et-les-autres","name":"Ma grossesse et les autres - Les confessions","isPartOf":{"@id":"https:\/\/www.neufmois.fr\/les-confessions\/#website"},"datePublished":"2013-03-25T13:43:00+00:00","dateModified":"2013-03-25T13:43:00+00:00","author":{"@id":"https:\/\/www.neufmois.fr\/les-confessions\/#\/schema\/person\/893fe127c653ae6741f53a67962f8b5d"},"breadcrumb":{"@id":"https:\/\/www.neufmois.fr\/les-confessions\/ma-grossesse-et-les-autres#breadcrumb"},"inLanguage":"fr-FR","potentialAction":[{"@type":"ReadAction","target":["https:\/\/www.neufmois.fr\/les-confessions\/ma-grossesse-et-les-autres"]}]},{"@type":"BreadcrumbList","@id":"https:\/\/www.neufmois.fr\/les-confessions\/ma-grossesse-et-les-autres#breadcrumb","itemListElement":[{"@type":"ListItem","position":1,"name":"Accueil","item":"https:\/\/www.neufmois.fr\/les-confessions\/"},{"@type":"ListItem","position":2,"name":"Ma grossesse et les autres"}]},{"@type":"WebSite","@id":"https:\/\/www.neufmois.fr\/les-confessions\/#website","url":"https:\/\/www.neufmois.fr\/les-confessions\/","name":"Les confessions","description":" Les confessions","potentialAction":[{"@type":"SearchAction","target":{"@type":"EntryPoint","urlTemplate":"https:\/\/www.neufmois.fr\/les-confessions\/?s={search_term_string}"},"query-input":"required name=search_term_string"}],"inLanguage":"fr-FR"},{"@type":"Person","@id":"https:\/\/www.neufmois.fr\/les-confessions\/#\/schema\/person\/893fe127c653ae6741f53a67962f8b5d","name":"maman anonyme","image":{"@type":"ImageObject","inLanguage":"fr-FR","@id":"https:\/\/www.neufmois.fr\/les-confessions\/#\/schema\/person\/image\/","url":"https:\/\/secure.gravatar.com\/avatar\/e4b3abeefeb17983433f333a4c54f394?s=96&d=mm&r=g","contentUrl":"https:\/\/secure.gravatar.com\/avatar\/e4b3abeefeb17983433f333a4c54f394?s=96&d=mm&r=g","caption":"maman anonyme"},"url":"https:\/\/www.neufmois.fr\/les-confessions\/author\/anonyme"}]}},"amp_enabled":true,"_links":{"self":[{"href":"https:\/\/www.neufmois.fr\/les-confessions\/wp-json\/wp\/v2\/posts\/135"}],"collection":[{"href":"https:\/\/www.neufmois.fr\/les-confessions\/wp-json\/wp\/v2\/posts"}],"about":[{"href":"https:\/\/www.neufmois.fr\/les-confessions\/wp-json\/wp\/v2\/types\/post"}],"author":[{"embeddable":true,"href":"https:\/\/www.neufmois.fr\/les-confessions\/wp-json\/wp\/v2\/users\/461446"}],"replies":[{"embeddable":true,"href":"https:\/\/www.neufmois.fr\/les-confessions\/wp-json\/wp\/v2\/comments?post=135"}],"version-history":[{"count":0,"href":"https:\/\/www.neufmois.fr\/les-confessions\/wp-json\/wp\/v2\/posts\/135\/revisions"}],"wp:attachment":[{"href":"https:\/\/www.neufmois.fr\/les-confessions\/wp-json\/wp\/v2\/media?parent=135"}],"wp:term":[{"taxonomy":"category","embeddable":true,"href":"https:\/\/www.neufmois.fr\/les-confessions\/wp-json\/wp\/v2\/categories?post=135"},{"taxonomy":"post_tag","embeddable":true,"href":"https:\/\/www.neufmois.fr\/les-confessions\/wp-json\/wp\/v2\/tags?post=135"}],"curies":[{"name":"wp","href":"https:\/\/api.w.org\/{rel}","templated":true}]}}